{"id":2917,"date":"2024-04-19T14:35:42","date_gmt":"2024-04-19T12:35:42","guid":{"rendered":"https:\/\/darzdrowia.pl\/ciekawostki\/wplyw-pogody-na-potrzeby-nawilzenia-skory-dziecka-i-wybor-odpowiedniego-balsamu\/"},"modified":"2024-04-19T14:35:42","modified_gmt":"2024-04-19T12:35:42","slug":"wplyw-pogody-na-potrzeby-nawilzenia-skory-dziecka-i-wybor-odpowiedniego-balsamu","status":"publish","type":"post","link":"https:\/\/darzdrowia.pl\/ciekawostki\/wplyw-pogody-na-potrzeby-nawilzenia-skory-dziecka-i-wybor-odpowiedniego-balsamu\/","title":{"rendered":"Wp\u0142yw pogody na potrzeby nawil\u017cenia sk\u00f3ry dziecka i wyb\u00f3r odpowiedniego balsamu."},"content":{"rendered":"\n<p>Pogoda ma ogromny wp\u0142yw na potrzeby nawil\u017cenia sk\u00f3ry dziecka. W zale\u017cno\u015bci od warunk\u00f3w atmosferycznych, nasza sk\u00f3ra mo\u017ce by\u0107 bardziej lub mniej nara\u017cona na utrat\u0119 wilgoci. Dlatego te\u017c, wyb\u00f3r odpowiedniego balsamu jest niezwykle wa\u017cny dla zachowania zdrowej i nawil\u017conej sk\u00f3ry naszych pociech. W tym wprowadzeniu om\u00f3wimy, jak r\u00f3\u017cne warunki pogodowe mog\u0105 wp\u0142ywa\u0107 na potrzeby nawil\u017cenia sk\u00f3ry dziecka oraz jak wybra\u0107 odpowiedni balsam, kt\u00f3ry zapewni jej odpowiednie nawil\u017cenie i ochron\u0119.<\/p>\n\n\n\n<h2 class=\"wp-block-heading\">Jak zmieniaj\u0105ca si\u0119 pogoda wp\u0142ywa na nawil\u017cenie sk\u00f3ry dziecka?<\/h2>\n\n\n\n<p>Zmieniaj\u0105ca si\u0119 pogoda mo\u017ce mie\u0107 wp\u0142yw na nawil\u017cenie sk\u00f3ry dziecka. W okresie zimowym, gdy powietrze jest suche, sk\u00f3ra mo\u017ce sta\u0107 si\u0119 bardziej sucha i podra\u017cniona. Natomiast w okresie letnim, gdy jest du\u017co s\u0142o\u0144ca i wysoka temperatura, sk\u00f3ra mo\u017ce ulega\u0107 przesuszeniu i poparzeniom s\u0142onecznym. Dlatego wa\u017cne jest, aby odpowiednio piel\u0119gnowa\u0107 sk\u00f3r\u0119 dziecka w zale\u017cno\u015bci od panuj\u0105cych warunk\u00f3w pogodowych. Nale\u017cy stosowa\u0107 odpowiednie kremy nawil\u017caj\u0105ce i chroni\u0107 sk\u00f3r\u0119 przed promieniami UV. Regularne nawadnianie organizmu r\u00f3wnie\u017c pomaga w utrzymaniu odpowiedniego poziomu nawil\u017cenia sk\u00f3ry.<\/p>\n\n\n\n<h2 class=\"wp-block-heading\">Wyb\u00f3r odpowiedniego balsamu dla dziecka w zale\u017cno\u015bci od warunk\u00f3w atmosferycznych<\/h2>\n\n\n\n<p>Dla dziecka wa\u017cne jest odpowiednie nawil\u017cenie sk\u00f3ry, szczeg\u00f3lnie w r\u00f3\u017cnych warunkach atmosferycznych. W zimie, gdy powietrze jest suche, warto wybra\u0107 balsam o bogatej konsystencji, kt\u00f3ry zapewni sk\u00f3rze odpowiednie od\u017cywienie i ochron\u0119 przed mrozem. Natomiast latem, gdy panuje wysoka temperatura i wilgotno\u015b\u0107, lepiej si\u0119gn\u0105\u0107 po lekki balsam lub lotion, kt\u00f3ry nie b\u0119dzie obci\u0105\u017ca\u0142 sk\u00f3ry i szybko si\u0119 wch\u0142onie. Pami\u0119tajmy r\u00f3wnie\u017c o wyborze produkt\u00f3w przeznaczonych specjalnie dla dzieci, kt\u00f3re s\u0105 delikatniejsze i bezpieczniejsze dla ich sk\u00f3ry.<\/p>\n\n\n\n<h2 class=\"wp-block-heading\">Pogoda a potrzeby nawil\u017cenia sk\u00f3ry dziecka &#8211; poradnik dla rodzic\u00f3w<\/h2>\n\n\n\n<p>Pogoda mo\u017ce mie\u0107 du\u017cy wp\u0142yw na stan sk\u00f3ry dziecka. W okresie zimowym, gdy powietrze jest suche, sk\u00f3ra mo\u017ce sta\u0107 si\u0119 przesuszona i podra\u017cniona. Dlatego wa\u017cne jest, aby zadba\u0107 o odpowiednie nawil\u017cenie sk\u00f3ry dziecka.<\/p>\n\n\n\n<p>Aby zapewni\u0107 odpowiednie nawil\u017cenie sk\u00f3ry dziecka, nale\u017cy stosowa\u0107 kremy i balsamy o w\u0142a\u015bciwej konsystencji i sk\u0142adzie. Wa\u017cne jest r\u00f3wnie\u017c regularne nawadnianie organizmu poprzez picie odpowiedniej ilo\u015bci wody.<\/p>\n\n\n\n<p>W przypadku wyst\u0105pienia podra\u017cnie\u0144 lub sucho\u015bci sk\u00f3ry, nale\u017cy unika\u0107 u\u017cywania kosmetyk\u00f3w z dodatkiem alkoholu oraz cz\u0119sto stosowa\u0107 kremy nawil\u017caj\u0105ce.<\/p>\n\n\n\n<p>Pami\u0119tajmy r\u00f3wnie\u017c o odpowiednim ubiorze dziecka w zale\u017cno\u015bci od warunk\u00f3w pogodowych. W okresie zimowym warto wybiera\u0107 ubrania wykonane z naturalnych materia\u0142\u00f3w, kt\u00f3re nie b\u0119d\u0105 przyczynia\u0142y si\u0119 do przesuszenia sk\u00f3ry.<\/p>\n\n\n\n<p>Dbanie o odpowiednie nawil\u017cenie sk\u00f3ry dziecka jest wa\u017cne dla jego zdrowia i komfortu. Pami\u0119tajmy wi\u0119c o regularnym stosowaniu krem\u00f3w i balsam\u00f3w oraz picia odpowiedniej ilo\u015bci wody przez nasze dzieci.<\/p>\n\n\n\n<p>Pogoda ma du\u017cy wp\u0142yw na potrzeby nawil\u017cenia sk\u00f3ry dziecka. W zale\u017cno\u015bci od warunk\u00f3w atmosferycznych, sk\u00f3ra mo\u017ce by\u0107 bardziej lub mniej nara\u017cona na utrat\u0119 wilgoci. Dlatego wa\u017cne jest, aby wybiera\u0107 odpowiednie balsamy, kt\u00f3re b\u0119d\u0105 dostosowane do aktualnych warunk\u00f3w pogodowych.<\/p>\n\n\n\n<p>W okresie zimowym, gdy powietrze jest suche i zimne, sk\u00f3ra dziecka wymaga szczeg\u00f3lnej ochrony i nawil\u017cenia. W takiej sytuacji warto si\u0119gn\u0105\u0107 po balsamy o bogatej konsystencji, zawieraj\u0105ce naturalne oleje i mas\u0142a ro\u015blinne. Mog\u0105 one zapewni\u0107 sk\u00f3rze odpowiednie od\u017cywienie i ochron\u0119 przed szkodliwym dzia\u0142aniem mrozu.<\/p>\n\n\n\n<p>Natomiast w okresie letnim, gdy temperatura jest wysoka, a powietrze wilgotne, sk\u00f3ra dziecka mo\u017ce potrzebowa\u0107 l\u017cejszego nawil\u017cenia. W takiej sytuacji warto wybra\u0107 balsam o lekkiej konsystencji, kt\u00f3ry szybko si\u0119 wch\u0142onie i nie pozostawi t\u0142ustej warstwy na sk\u00f3rze.<\/p>\n\n\n\n<p>Podsumowuj\u0105c, wyb\u00f3r odpowiedniego balsamu dla dziecka powinien uwzgl\u0119dnia\u0107 aktualn\u0105 pogod\u0119 oraz potrzeby jego sk\u00f3ry. Wa\u017cne jest r\u00f3wnie\u017c regularne nawil\u017canie sk\u00f3ry dziecka oraz stosowanie produkt\u00f3w dostosowanych do jego wieku i rodzaju cery. Pami\u0119tajmy tak\u017ce o ochronie sk\u00f3ry dziecka przed szkodliwym dzia\u0142aniem promieni s\u0142onecznych i wietrzenia pomieszcze\u0144, aby zapewni\u0107 odpowiedni poziom wilgoci powietrza.<\/p>\n","protected":false},"excerpt":{"rendered":"<p>Pogoda ma ogromny wp\u0142yw na potrzeby nawil\u017cenia sk\u00f3ry dziecka. W zale\u017cno\u015bci od warunk\u00f3w atmosferycznych, nasza sk\u00f3ra mo\u017ce by\u0107 bardziej lub mniej nara\u017cona na utrat\u0119 wilgoci. Dlatego te\u017c, wyb\u00f3r odpowiedniego balsamu jest niezwykle wa\u017cny dla zachowania zdrowej i nawil\u017conej sk\u00f3ry naszych pociech. W tym wprowadzeniu om\u00f3wimy, jak r\u00f3\u017cne warunki pogodowe mog\u0105 wp\u0142ywa\u0107 na potrzeby nawil\u017cenia sk\u00f3ry [&hellip;]<\/p>\n","protected":false},"author":1,"featured_media":0,"comment_status":"","ping_status":"open","sticky":false,"template":"","format":"standard","meta":{"footnotes":""},"categories":[1],"tags":[],"class_list":["post-2917","post","type-post","status-publish","format-standard","hentry","category-bez-kategorii"],"fm_meta_title":"Wp\u0142yw pogody na potrzeby nawil\u017cenia sk\u00f3ry dziecka i wyb\u00f3r odpowiedniego balsamu.","fm_meta_description":"Zadbaj o delikatn\u0105 sk\u00f3r\u0119 swojego dziecka w ka\u017cdych warunkach pogodowych! Dowiedz si\u0119, jak wp\u0142ywa ona na potrzeby nawil\u017cenia i wybierz idealny balsam dla malucha. Sprawd\u017a teraz!","yoast_head":"<!-- This site is optimized with the Yoast SEO plugin v21.5 - https:\/\/yoast.com\/wordpress\/plugins\/seo\/ -->\n<title>Wp\u0142yw pogody na potrzeby nawil\u017cenia sk\u00f3ry dziecka i wyb\u00f3r odpowiedniego balsamu.<\/title>\n<meta name=\"description\" content=\"Zadbaj o delikatn\u0105 sk\u00f3r\u0119 swojego dziecka w ka\u017cdych warunkach pogodowych! Dowiedz si\u0119, jak wp\u0142ywa ona na potrzeby nawil\u017cenia i wybierz idealny balsam dla malucha. Sprawd\u017a teraz!\" \/>\n<meta name=\"robots\" content=\"index, follow, max-snippet:-1, max-image-preview:large, max-video-preview:-1\" \/>\n<link rel=\"canonical\" href=\"https:\/\/darzdrowia.pl\/ciekawostki\/wplyw-pogody-na-potrzeby-nawilzenia-skory-dziecka-i-wybor-odpowiedniego-balsamu\/\" \/>\n<meta property=\"og:locale\" content=\"pl_PL\" \/>\n<meta property=\"og:type\" content=\"article\" \/>\n<meta property=\"og:title\" content=\"Wp\u0142yw pogody na potrzeby nawil\u017cenia sk\u00f3ry dziecka i wyb\u00f3r odpowiedniego balsamu.\" \/>\n<meta property=\"og:description\" content=\"Zadbaj o delikatn\u0105 sk\u00f3r\u0119 swojego dziecka w ka\u017cdych warunkach pogodowych! Dowiedz si\u0119, jak wp\u0142ywa ona na potrzeby nawil\u017cenia i wybierz idealny balsam dla malucha. Sprawd\u017a teraz!\" \/>\n<meta property=\"og:url\" content=\"https:\/\/darzdrowia.pl\/ciekawostki\/wplyw-pogody-na-potrzeby-nawilzenia-skory-dziecka-i-wybor-odpowiedniego-balsamu\/\" \/>\n<meta property=\"og:site_name\" content=\"Dar Zdrowia Drogeria - Blog\" \/>\n<meta property=\"article:publisher\" content=\"https:\/\/www.facebook.com\/profile.php?id=100063606935396\" \/>\n<meta property=\"article:published_time\" content=\"2024-04-19T12:35:42+00:00\" \/>\n<meta name=\"author\" content=\"funkymedia\" \/>\n<meta name=\"twitter:card\" content=\"summary_large_image\" \/>\n<meta name=\"twitter:label1\" content=\"Napisane przez\" \/>\n\t<meta name=\"twitter:data1\" content=\"funkymedia\" \/>\n\t<meta name=\"twitter:label2\" content=\"Szacowany czas czytania\" \/>\n\t<meta name=\"twitter:data2\" content=\"4 minuty\" \/>\n<script type=\"application\/ld+json\" class=\"yoast-schema-graph\">{\"@context\":\"https:\/\/schema.org\",\"@graph\":[{\"@type\":\"Article\",\"@id\":\"https:\/\/darzdrowia.pl\/ciekawostki\/wplyw-pogody-na-potrzeby-nawilzenia-skory-dziecka-i-wybor-odpowiedniego-balsamu\/#article\",\"isPartOf\":{\"@id\":\"https:\/\/darzdrowia.pl\/ciekawostki\/wplyw-pogody-na-potrzeby-nawilzenia-skory-dziecka-i-wybor-odpowiedniego-balsamu\/\"},\"author\":{\"name\":\"funkymedia\",\"@id\":\"https:\/\/darzdrowia.pl\/ciekawostki\/#\/schema\/person\/e75579d624630bf943ac69d374bb928e\"},\"headline\":\"Wp\u0142yw pogody na potrzeby nawil\u017cenia sk\u00f3ry dziecka i wyb\u00f3r odpowiedniego balsamu.\",\"datePublished\":\"2024-04-19T12:35:42+00:00\",\"dateModified\":\"2024-04-19T12:35:42+00:00\",\"mainEntityOfPage\":{\"@id\":\"https:\/\/darzdrowia.pl\/ciekawostki\/wplyw-pogody-na-potrzeby-nawilzenia-skory-dziecka-i-wybor-odpowiedniego-balsamu\/\"},\"wordCount\":743,\"publisher\":{\"@id\":\"https:\/\/darzdrowia.pl\/ciekawostki\/#organization\"},\"inLanguage\":\"pl-PL\"},{\"@type\":\"WebPage\",\"@id\":\"https:\/\/darzdrowia.pl\/ciekawostki\/wplyw-pogody-na-potrzeby-nawilzenia-skory-dziecka-i-wybor-odpowiedniego-balsamu\/\",\"url\":\"https:\/\/darzdrowia.pl\/ciekawostki\/wplyw-pogody-na-potrzeby-nawilzenia-skory-dziecka-i-wybor-odpowiedniego-balsamu\/\",\"name\":\"Wp\u0142yw pogody na potrzeby nawil\u017cenia sk\u00f3ry dziecka i wyb\u00f3r odpowiedniego balsamu.\",\"isPartOf\":{\"@id\":\"https:\/\/darzdrowia.pl\/ciekawostki\/#website\"},\"datePublished\":\"2024-04-19T12:35:42+00:00\",\"dateModified\":\"2024-04-19T12:35:42+00:00\",\"description\":\"Zadbaj o delikatn\u0105 sk\u00f3r\u0119 swojego dziecka w ka\u017cdych warunkach pogodowych! Dowiedz si\u0119, jak wp\u0142ywa ona na potrzeby nawil\u017cenia i wybierz idealny balsam dla malucha. Sprawd\u017a teraz!\",\"breadcrumb\":{\"@id\":\"https:\/\/darzdrowia.pl\/ciekawostki\/wplyw-pogody-na-potrzeby-nawilzenia-skory-dziecka-i-wybor-odpowiedniego-balsamu\/#breadcrumb\"},\"inLanguage\":\"pl-PL\",\"potentialAction\":[{\"@type\":\"ReadAction\",\"target\":[\"https:\/\/darzdrowia.pl\/ciekawostki\/wplyw-pogody-na-potrzeby-nawilzenia-skory-dziecka-i-wybor-odpowiedniego-balsamu\/\"]}]},{\"@type\":\"BreadcrumbList\",\"@id\":\"https:\/\/darzdrowia.pl\/ciekawostki\/wplyw-pogody-na-potrzeby-nawilzenia-skory-dziecka-i-wybor-odpowiedniego-balsamu\/#breadcrumb\",\"itemListElement\":[{\"@type\":\"ListItem\",\"position\":1,\"name\":\"Strona g\u0142\u00f3wna\",\"item\":\"https:\/\/darzdrowia.pl\/ciekawostki\/\"},{\"@type\":\"ListItem\",\"position\":2,\"name\":\"Wp\u0142yw pogody na potrzeby nawil\u017cenia sk\u00f3ry dziecka i wyb\u00f3r odpowiedniego balsamu.\"}]},{\"@type\":\"WebSite\",\"@id\":\"https:\/\/darzdrowia.pl\/ciekawostki\/#website\",\"url\":\"https:\/\/darzdrowia.pl\/ciekawostki\/\",\"name\":\"Dar Zdrowia Drogeria - Blog\",\"description\":\"\",\"publisher\":{\"@id\":\"https:\/\/darzdrowia.pl\/ciekawostki\/#organization\"},\"potentialAction\":[{\"@type\":\"SearchAction\",\"target\":{\"@type\":\"EntryPoint\",\"urlTemplate\":\"https:\/\/darzdrowia.pl\/ciekawostki\/?s={search_term_string}\"},\"query-input\":\"required name=search_term_string\"}],\"inLanguage\":\"pl-PL\"},{\"@type\":\"Organization\",\"@id\":\"https:\/\/darzdrowia.pl\/ciekawostki\/#organization\",\"name\":\"Dar Zdrowia Drogeria - Blog\",\"url\":\"https:\/\/darzdrowia.pl\/ciekawostki\/\",\"logo\":{\"@type\":\"ImageObject\",\"inLanguage\":\"pl-PL\",\"@id\":\"https:\/\/darzdrowia.pl\/ciekawostki\/#\/schema\/logo\/image\/\",\"url\":\"https:\/\/darzdrowia.pl\/ciekawostki\/wp-content\/uploads\/2023\/11\/logo-darzdrowia.webp\",\"contentUrl\":\"https:\/\/darzdrowia.pl\/ciekawostki\/wp-content\/uploads\/2023\/11\/logo-darzdrowia.webp\",\"width\":744,\"height\":225,\"caption\":\"Dar Zdrowia Drogeria - Blog\"},\"image\":{\"@id\":\"https:\/\/darzdrowia.pl\/ciekawostki\/#\/schema\/logo\/image\/\"},\"sameAs\":[\"https:\/\/www.facebook.com\/profile.php?id=100063606935396\"]},{\"@type\":\"Person\",\"@id\":\"https:\/\/darzdrowia.pl\/ciekawostki\/#\/schema\/person\/e75579d624630bf943ac69d374bb928e\",\"name\":\"funkymedia\",\"image\":{\"@type\":\"ImageObject\",\"inLanguage\":\"pl-PL\",\"@id\":\"https:\/\/darzdrowia.pl\/ciekawostki\/#\/schema\/person\/image\/\",\"url\":\"https:\/\/secure.gravatar.com\/avatar\/393cb205b658aef6e3271ad5a92265e3e4433d2384bbe95524ba160d5bc20299?s=96&d=mm&r=g\",\"contentUrl\":\"https:\/\/secure.gravatar.com\/avatar\/393cb205b658aef6e3271ad5a92265e3e4433d2384bbe95524ba160d5bc20299?s=96&d=mm&r=g\",\"caption\":\"funkymedia\"},\"sameAs\":[\"https:\/\/darzdrowia.pl\/ciekawostki\"],\"url\":\"https:\/\/darzdrowia.pl\/ciekawostki\/author\/funkymedia\/\"}]}<\/script>\n<!-- \/ Yoast SEO plugin. -->","yoast_head_json":{"title":"Wp\u0142yw pogody na potrzeby nawil\u017cenia sk\u00f3ry dziecka i wyb\u00f3r odpowiedniego balsamu.","description":"Zadbaj o delikatn\u0105 sk\u00f3r\u0119 swojego dziecka w ka\u017cdych warunkach pogodowych! Dowiedz si\u0119, jak wp\u0142ywa ona na potrzeby nawil\u017cenia i wybierz idealny balsam dla malucha. Sprawd\u017a teraz!","robots":{"index":"index","follow":"follow","max-snippet":"max-snippet:-1","max-image-preview":"max-image-preview:large","max-video-preview":"max-video-preview:-1"},"canonical":"https:\/\/darzdrowia.pl\/ciekawostki\/wplyw-pogody-na-potrzeby-nawilzenia-skory-dziecka-i-wybor-odpowiedniego-balsamu\/","og_locale":"pl_PL","og_type":"article","og_title":"Wp\u0142yw pogody na potrzeby nawil\u017cenia sk\u00f3ry dziecka i wyb\u00f3r odpowiedniego balsamu.","og_description":"Zadbaj o delikatn\u0105 sk\u00f3r\u0119 swojego dziecka w ka\u017cdych warunkach pogodowych! Dowiedz si\u0119, jak wp\u0142ywa ona na potrzeby nawil\u017cenia i wybierz idealny balsam dla malucha. Sprawd\u017a teraz!","og_url":"https:\/\/darzdrowia.pl\/ciekawostki\/wplyw-pogody-na-potrzeby-nawilzenia-skory-dziecka-i-wybor-odpowiedniego-balsamu\/","og_site_name":"Dar Zdrowia Drogeria - Blog","article_publisher":"https:\/\/www.facebook.com\/profile.php?id=100063606935396","article_published_time":"2024-04-19T12:35:42+00:00","author":"funkymedia","twitter_card":"summary_large_image","twitter_misc":{"Napisane przez":"funkymedia","Szacowany czas czytania":"4 minuty"},"schema":{"@context":"https:\/\/schema.org","@graph":[{"@type":"Article","@id":"https:\/\/darzdrowia.pl\/ciekawostki\/wplyw-pogody-na-potrzeby-nawilzenia-skory-dziecka-i-wybor-odpowiedniego-balsamu\/#article","isPartOf":{"@id":"https:\/\/darzdrowia.pl\/ciekawostki\/wplyw-pogody-na-potrzeby-nawilzenia-skory-dziecka-i-wybor-odpowiedniego-balsamu\/"},"author":{"name":"funkymedia","@id":"https:\/\/darzdrowia.pl\/ciekawostki\/#\/schema\/person\/e75579d624630bf943ac69d374bb928e"},"headline":"Wp\u0142yw pogody na potrzeby nawil\u017cenia sk\u00f3ry dziecka i wyb\u00f3r odpowiedniego balsamu.","datePublished":"2024-04-19T12:35:42+00:00","dateModified":"2024-04-19T12:35:42+00:00","mainEntityOfPage":{"@id":"https:\/\/darzdrowia.pl\/ciekawostki\/wplyw-pogody-na-potrzeby-nawilzenia-skory-dziecka-i-wybor-odpowiedniego-balsamu\/"},"wordCount":743,"publisher":{"@id":"https:\/\/darzdrowia.pl\/ciekawostki\/#organization"},"inLanguage":"pl-PL"},{"@type":"WebPage","@id":"https:\/\/darzdrowia.pl\/ciekawostki\/wplyw-pogody-na-potrzeby-nawilzenia-skory-dziecka-i-wybor-odpowiedniego-balsamu\/","url":"https:\/\/darzdrowia.pl\/ciekawostki\/wplyw-pogody-na-potrzeby-nawilzenia-skory-dziecka-i-wybor-odpowiedniego-balsamu\/","name":"Wp\u0142yw pogody na potrzeby nawil\u017cenia sk\u00f3ry dziecka i wyb\u00f3r odpowiedniego balsamu.","isPartOf":{"@id":"https:\/\/darzdrowia.pl\/ciekawostki\/#website"},"datePublished":"2024-04-19T12:35:42+00:00","dateModified":"2024-04-19T12:35:42+00:00","description":"Zadbaj o delikatn\u0105 sk\u00f3r\u0119 swojego dziecka w ka\u017cdych warunkach pogodowych! Dowiedz si\u0119, jak wp\u0142ywa ona na potrzeby nawil\u017cenia i wybierz idealny balsam dla malucha. Sprawd\u017a teraz!","breadcrumb":{"@id":"https:\/\/darzdrowia.pl\/ciekawostki\/wplyw-pogody-na-potrzeby-nawilzenia-skory-dziecka-i-wybor-odpowiedniego-balsamu\/#breadcrumb"},"inLanguage":"pl-PL","potentialAction":[{"@type":"ReadAction","target":["https:\/\/darzdrowia.pl\/ciekawostki\/wplyw-pogody-na-potrzeby-nawilzenia-skory-dziecka-i-wybor-odpowiedniego-balsamu\/"]}]},{"@type":"BreadcrumbList","@id":"https:\/\/darzdrowia.pl\/ciekawostki\/wplyw-pogody-na-potrzeby-nawilzenia-skory-dziecka-i-wybor-odpowiedniego-balsamu\/#breadcrumb","itemListElement":[{"@type":"ListItem","position":1,"name":"Strona g\u0142\u00f3wna","item":"https:\/\/darzdrowia.pl\/ciekawostki\/"},{"@type":"ListItem","position":2,"name":"Wp\u0142yw pogody na potrzeby nawil\u017cenia sk\u00f3ry dziecka i wyb\u00f3r odpowiedniego balsamu."}]},{"@type":"WebSite","@id":"https:\/\/darzdrowia.pl\/ciekawostki\/#website","url":"https:\/\/darzdrowia.pl\/ciekawostki\/","name":"Dar Zdrowia Drogeria - Blog","description":"","publisher":{"@id":"https:\/\/darzdrowia.pl\/ciekawostki\/#organization"},"potentialAction":[{"@type":"SearchAction","target":{"@type":"EntryPoint","urlTemplate":"https:\/\/darzdrowia.pl\/ciekawostki\/?s={search_term_string}"},"query-input":"required name=search_term_string"}],"inLanguage":"pl-PL"},{"@type":"Organization","@id":"https:\/\/darzdrowia.pl\/ciekawostki\/#organization","name":"Dar Zdrowia Drogeria - Blog","url":"https:\/\/darzdrowia.pl\/ciekawostki\/","logo":{"@type":"ImageObject","inLanguage":"pl-PL","@id":"https:\/\/darzdrowia.pl\/ciekawostki\/#\/schema\/logo\/image\/","url":"https:\/\/darzdrowia.pl\/ciekawostki\/wp-content\/uploads\/2023\/11\/logo-darzdrowia.webp","contentUrl":"https:\/\/darzdrowia.pl\/ciekawostki\/wp-content\/uploads\/2023\/11\/logo-darzdrowia.webp","width":744,"height":225,"caption":"Dar Zdrowia Drogeria - Blog"},"image":{"@id":"https:\/\/darzdrowia.pl\/ciekawostki\/#\/schema\/logo\/image\/"},"sameAs":["https:\/\/www.facebook.com\/profile.php?id=100063606935396"]},{"@type":"Person","@id":"https:\/\/darzdrowia.pl\/ciekawostki\/#\/schema\/person\/e75579d624630bf943ac69d374bb928e","name":"funkymedia","image":{"@type":"ImageObject","inLanguage":"pl-PL","@id":"https:\/\/darzdrowia.pl\/ciekawostki\/#\/schema\/person\/image\/","url":"https:\/\/secure.gravatar.com\/avatar\/393cb205b658aef6e3271ad5a92265e3e4433d2384bbe95524ba160d5bc20299?s=96&d=mm&r=g","contentUrl":"https:\/\/secure.gravatar.com\/avatar\/393cb205b658aef6e3271ad5a92265e3e4433d2384bbe95524ba160d5bc20299?s=96&d=mm&r=g","caption":"funkymedia"},"sameAs":["https:\/\/darzdrowia.pl\/ciekawostki"],"url":"https:\/\/darzdrowia.pl\/ciekawostki\/author\/funkymedia\/"}]}},"_links":{"self":[{"href":"https:\/\/darzdrowia.pl\/ciekawostki\/wp-json\/wp\/v2\/posts\/2917","targetHints":{"allow":["GET"]}}],"collection":[{"href":"https:\/\/darzdrowia.pl\/ciekawostki\/wp-json\/wp\/v2\/posts"}],"about":[{"href":"https:\/\/darzdrowia.pl\/ciekawostki\/wp-json\/wp\/v2\/types\/post"}],"author":[{"embeddable":true,"href":"https:\/\/darzdrowia.pl\/ciekawostki\/wp-json\/wp\/v2\/users\/1"}],"replies":[{"embeddable":true,"href":"https:\/\/darzdrowia.pl\/ciekawostki\/wp-json\/wp\/v2\/comments?post=2917"}],"version-history":[{"count":0,"href":"https:\/\/darzdrowia.pl\/ciekawostki\/wp-json\/wp\/v2\/posts\/2917\/revisions"}],"wp:attachment":[{"href":"https:\/\/darzdrowia.pl\/ciekawostki\/wp-json\/wp\/v2\/media?parent=2917"}],"wp:term":[{"taxonomy":"category","embeddable":true,"href":"https:\/\/darzdrowia.pl\/ciekawostki\/wp-json\/wp\/v2\/categories?post=2917"},{"taxonomy":"post_tag","embeddable":true,"href":"https:\/\/darzdrowia.pl\/ciekawostki\/wp-json\/wp\/v2\/tags?post=2917"}],"curies":[{"name":"wp","href":"https:\/\/api.w.org\/{rel}","templated":true}]}}