{"id":2895,"date":"2024-04-19T14:28:39","date_gmt":"2024-04-19T12:28:39","guid":{"rendered":"https:\/\/darzdrowia.pl\/ciekawostki\/trendy-w-kolorach-pomadek-i-blyszczykow-na-sezon-letni\/"},"modified":"2024-04-19T14:28:39","modified_gmt":"2024-04-19T12:28:39","slug":"trendy-w-kolorach-pomadek-i-blyszczykow-na-sezon-letni","status":"publish","type":"post","link":"https:\/\/darzdrowia.pl\/ciekawostki\/trendy-w-kolorach-pomadek-i-blyszczykow-na-sezon-letni\/","title":{"rendered":"Trendy w kolorach pomadek i b\u0142yszczyk\u00f3w na sezon letni."},"content":{"rendered":"\n<p>Sezon letni to czas, w kt\u00f3rym chcemy wygl\u0105da\u0107 \u015bwie\u017co i promiennie. Jednym z najwa\u017cniejszych element\u00f3w naszego makija\u017cu s\u0105 pomadki i b\u0142yszczyki, kt\u00f3re dodaj\u0105 uroku naszym ustom. W tym sezonie mo\u017cemy spodziewa\u0107 si\u0119 wielu ciekawych trend\u00f3w w kolorach tych produkt\u00f3w. Od \u015bmia\u0142ych i intensywnych barw po delikatne pastele &#8211; wyb\u00f3r jest naprawd\u0119 szeroki. W tym wprowadzeniu przyjrzymy si\u0119 najnowszym trendom w kolorach pomadek i b\u0142yszczyk\u00f3w na sezon letni, kt\u00f3re pozwol\u0105 nam stworzy\u0107 niezapomniane i modowe looki.<\/p>\n\n\n\n<h2 class=\"wp-block-heading\">5 must-have kolor\u00f3w pomadek i b\u0142yszczyk\u00f3w na lato 2021<\/h2>\n\n\n\n<p>1. R\u00f3\u017cowy &#8211; ten kolor jest idealny na lato, poniewa\u017c dodaje \u015bwie\u017co\u015bci i delikatno\u015bci do makija\u017cu. Mo\u017cesz wybra\u0107 r\u00f3\u017cne odcienie r\u00f3\u017cu, od jasnego do intensywnego.<\/p>\n\n\n\n<p>2. Pomara\u0144czowy &#8211; to kolor, kt\u00f3ry idealnie pasuje do letnich stylizacji. Jest on odwa\u017cny i energetyczny, a jednocze\u015bnie bardzo modny w tym sezonie.<\/p>\n\n\n\n<p>3. Brzoskwiniowy &#8211; ten kolor jest nie tylko pi\u0119kny, ale tak\u017ce bardzo uniwersalny. Pasuje do ka\u017cdego typu urody i jest idealnym wyborem na codzienne makija\u017c.<\/p>\n\n\n\n<p>4. B\u0142\u0119kitny &#8211; to jeden z najmodniejszych kolor\u00f3w tego lata. Dodaje \u015bwie\u017co\u015bci i oryginalno\u015bci do makija\u017cu, a tak\u017ce \u015bwietnie komponuje si\u0119 z innymi kolorami.<\/p>\n\n\n\n<p>5. Czerwony &#8211; ten klasyczny kolor nigdy nie wychodzi z mody i jest idealnym wyborem na wieczorne wyj\u015bcia czy specjalne okazje. Mo\u017cesz wybra\u0107 matow\u0105 lub b\u0142yszcz\u0105c\u0105 pomadk\u0119 w odcieniu czerwieni, kt\u00f3ra doda ci pewno\u015bci siebie.<\/p>\n\n\n\n<p>Pami\u0119taj, \u017ce te pi\u0119\u0107 must-have kolor\u00f3w pomadek i b\u0142yszczyk\u00f3w na lato 2021 to tylko sugestie &#8211; najwa\u017cniejsze jest, aby\u015b czu\u0142a si\u0119 komfortowo i dobrze w swoim makija\u017cu!<\/p>\n\n\n\n<h2 class=\"wp-block-heading\">Trendy w makija\u017cu ust na sezon letni &#8211; odwa\u017cne kolory i efektowne wyko\u0144czenia<\/h2>\n\n\n\n<p>W sezonie letnim w makija\u017cu ust dominuj\u0105 odwa\u017cne kolory oraz efektowne wyko\u0144czenia. W\u015br\u00f3d popularnych trend\u00f3w znajduj\u0105 si\u0119 m.in. neonowe odcienie r\u00f3\u017cu, pomara\u0144czy i czerwieni, a tak\u017ce metaliczne i brokatowe wyko\u0144czenia. Warto r\u00f3wnie\u017c zwr\u00f3ci\u0107 uwag\u0119 na matowe usta, kt\u00f3re nadal s\u0105 bardzo modnym wyborem. Pami\u0119tajmy jednak, \u017ce w letnich warunkach wa\u017cne jest tak\u017ce zadbanie o nawil\u017cenie i ochron\u0119 ust przed s\u0142o\u0144cem.<\/p>\n\n\n\n<h2 class=\"wp-block-heading\">Letnie inspiracje: jak po\u0142\u0105czy\u0107 kolor pomadki z reszt\u0105 makija\u017cu?<\/h2>\n\n\n\n<p>Letnie inspiracje: jak dobra\u0107 kolor pomadki do reszty makija\u017cu?<\/p>\n\n\n\n<p>W letnie dni, kiedy nasza sk\u00f3ra jest delikatniejsza i bardziej wra\u017cliwa na dzia\u0142anie s\u0142o\u0144ca, warto zadba\u0107 o odpowiedni makija\u017c. Jednym z najwa\u017cniejszych element\u00f3w jest wyb\u00f3r odpowiedniej pomadki, kt\u00f3ra nie tylko podkre\u015bli usta, ale tak\u017ce b\u0119dzie pasowa\u0107 do reszty makija\u017cu.<\/p>\n\n\n\n<p>Podstawow\u0105 zasad\u0105 jest dopasowanie koloru pomadki do naszego typu urody. Jasne odcienie b\u0119d\u0105 lepiej wygl\u0105da\u0107 na blondynkach i brunetkach o jasnej karnacji, natomiast ciemniejsze kolory b\u0119d\u0105 idealne dla kobiet o ciemniejszej sk\u00f3rze i w\u0142osach.<\/p>\n\n\n\n<p>Kolejnym wa\u017cnym aspektem jest dopasowanie koloru pomadki do reszty makija\u017cu. Je\u015bli postawimy na mocne oczy, np. smokey eyes, lepiej wybra\u0107 delikatny odcie\u0144 pomadki w neutralnej tonacji. Natomiast je\u015bli chcemy podkre\u015bli\u0107 usta, mo\u017cemy zdecydowa\u0107 si\u0119 na intensywny kolor pomadki i delikatniejszy makija\u017c oczu.<\/p>\n\n\n\n<p>Pami\u0119tajmy r\u00f3wnie\u017c o tym, \u017ce w letnie dni lepiej unika\u0107 ci\u0119\u017ckich i matowych pomadek. Lepiej postawi\u0107 na b\u0142yszczyk lub nawil\u017caj\u0105c\u0105 pomadk\u0119 w jasnych kolorach.<\/p>\n\n\n\n<p>Podsumowuj\u0105c, dobieraj\u0105c kolor pomadki do reszty makija\u017cu, warto kierowa\u0107 si\u0119 swoim typem urody oraz unika\u0107 zbyt ci\u0119\u017ckich i matowych odcieni. Dzi\u0119ki temu nasz makija\u017c b\u0119dzie wygl\u0105da\u0142 naturalnie i \u015bwie\u017co, idealnie pasuj\u0105c do letnich stylizacji.<\/p>\n\n\n\n<p>W sezonie letnim obserwujemy wiele r\u00f3\u017cnorodnych trend\u00f3w w kolorach pomadek i b\u0142yszczyk\u00f3w. Jednym z najpopularniejszych jest wyra\u017any powr\u00f3t do naturalnych odcieni, takich jak delikatne r\u00f3\u017ce, be\u017ce czy brzoskwinie. Wci\u0105\u017c jednak nie brakuje r\u00f3wnie\u017c odwa\u017cnych kolor\u00f3w, takich jak intensywne czerwienie, fiolety czy pomara\u0144cze.<\/p>\n\n\n\n<p>W\u015br\u00f3d trend\u00f3w wida\u0107 tak\u017ce siln\u0105 tendencj\u0119 do wykorzystywania metalicznych i per\u0142owych wyko\u0144cze\u0144, kt\u00f3re dodaj\u0105 uroku i blasku ustom. Kolejnym popularnym stylem s\u0105 matowe pomadki, szczeg\u00f3lnie w neutralnych odcieniach.<\/p>\n\n\n\n<p>Nie mo\u017cna r\u00f3wnie\u017c zapomnie\u0107 o wp\u0142ywie kultury azjatyckiej na trendy w makija\u017cu ust. Wiele marek kosmetycznych wprowadzi\u0142o na rynek produkty o intensywnych kolorach inspirowanych japo\u0144skimi s\u0142odyczami, takimi jak matcha czy sakura.<\/p>\n\n\n\n<p>Podsumowuj\u0105c, trendy w kolorach pomadek i b\u0142yszczyk\u00f3w na sezon letni s\u0105 bardzo zr\u00f3\u017cnicowane i pozwalaj\u0105 na eksperymentowanie z r\u00f3\u017cnymi stylami. Niezale\u017cnie od preferencji, ka\u017cda osoba mo\u017ce znale\u017a\u0107 co\u015b dla siebie i podkre\u015bli\u0107 swoj\u0105 urod\u0119 za pomoc\u0105 odpowiednio dobranego produktu do ust.<\/p>\n","protected":false},"excerpt":{"rendered":"<p>Sezon letni to czas, w kt\u00f3rym chcemy wygl\u0105da\u0107 \u015bwie\u017co i promiennie. Jednym z najwa\u017cniejszych element\u00f3w naszego makija\u017cu s\u0105 pomadki i b\u0142yszczyki, kt\u00f3re dodaj\u0105 uroku naszym ustom. W tym sezonie mo\u017cemy spodziewa\u0107 si\u0119 wielu ciekawych trend\u00f3w w kolorach tych produkt\u00f3w. Od \u015bmia\u0142ych i intensywnych barw po delikatne pastele &#8211; wyb\u00f3r jest naprawd\u0119 szeroki. W tym wprowadzeniu [&hellip;]<\/p>\n","protected":false},"author":1,"featured_media":0,"comment_status":"","ping_status":"open","sticky":false,"template":"","format":"standard","meta":{"footnotes":""},"categories":[1],"tags":[],"class_list":["post-2895","post","type-post","status-publish","format-standard","hentry","category-bez-kategorii"],"fm_meta_title":"Trendy w kolorach pomadek i b\u0142yszczyk\u00f3w na sezon letni.","fm_meta_description":"Odkryj najgor\u0119tsze trendy w kolorach pomadek i b\u0142yszczyk\u00f3w na sezon letni! Zainspiruj si\u0119 naszymi propozycjami i podkre\u015bl swoj\u0105 urod\u0119 w wyj\u0105tkowy spos\u00f3b. Sprawd\u017a ju\u017c teraz!","yoast_head":"<!-- This site is optimized with the Yoast SEO plugin v21.5 - https:\/\/yoast.com\/wordpress\/plugins\/seo\/ -->\n<title>Trendy w kolorach pomadek i b\u0142yszczyk\u00f3w na sezon letni.<\/title>\n<meta name=\"description\" content=\"Odkryj najgor\u0119tsze trendy w kolorach pomadek i b\u0142yszczyk\u00f3w na sezon letni! Zainspiruj si\u0119 naszymi propozycjami i podkre\u015bl swoj\u0105 urod\u0119 w wyj\u0105tkowy spos\u00f3b. Sprawd\u017a ju\u017c teraz!\" \/>\n<meta name=\"robots\" content=\"index, follow, max-snippet:-1, max-image-preview:large, max-video-preview:-1\" \/>\n<link rel=\"canonical\" href=\"https:\/\/darzdrowia.pl\/ciekawostki\/trendy-w-kolorach-pomadek-i-blyszczykow-na-sezon-letni\/\" \/>\n<meta property=\"og:locale\" content=\"pl_PL\" \/>\n<meta property=\"og:type\" content=\"article\" \/>\n<meta property=\"og:title\" content=\"Trendy w kolorach pomadek i b\u0142yszczyk\u00f3w na sezon letni.\" \/>\n<meta property=\"og:description\" content=\"Odkryj najgor\u0119tsze trendy w kolorach pomadek i b\u0142yszczyk\u00f3w na sezon letni! Zainspiruj si\u0119 naszymi propozycjami i podkre\u015bl swoj\u0105 urod\u0119 w wyj\u0105tkowy spos\u00f3b. Sprawd\u017a ju\u017c teraz!\" \/>\n<meta property=\"og:url\" content=\"https:\/\/darzdrowia.pl\/ciekawostki\/trendy-w-kolorach-pomadek-i-blyszczykow-na-sezon-letni\/\" \/>\n<meta property=\"og:site_name\" content=\"Dar Zdrowia Drogeria - Blog\" \/>\n<meta property=\"article:publisher\" content=\"https:\/\/www.facebook.com\/profile.php?id=100063606935396\" \/>\n<meta property=\"article:published_time\" content=\"2024-04-19T12:28:39+00:00\" \/>\n<meta name=\"author\" content=\"funkymedia\" \/>\n<meta name=\"twitter:card\" content=\"summary_large_image\" \/>\n<meta name=\"twitter:label1\" content=\"Napisane przez\" \/>\n\t<meta name=\"twitter:data1\" content=\"funkymedia\" \/>\n\t<meta name=\"twitter:label2\" content=\"Szacowany czas czytania\" \/>\n\t<meta name=\"twitter:data2\" content=\"4 minuty\" \/>\n<script type=\"application\/ld+json\" class=\"yoast-schema-graph\">{\"@context\":\"https:\/\/schema.org\",\"@graph\":[{\"@type\":\"Article\",\"@id\":\"https:\/\/darzdrowia.pl\/ciekawostki\/trendy-w-kolorach-pomadek-i-blyszczykow-na-sezon-letni\/#article\",\"isPartOf\":{\"@id\":\"https:\/\/darzdrowia.pl\/ciekawostki\/trendy-w-kolorach-pomadek-i-blyszczykow-na-sezon-letni\/\"},\"author\":{\"name\":\"funkymedia\",\"@id\":\"https:\/\/darzdrowia.pl\/ciekawostki\/#\/schema\/person\/e75579d624630bf943ac69d374bb928e\"},\"headline\":\"Trendy w kolorach pomadek i b\u0142yszczyk\u00f3w na sezon letni.\",\"datePublished\":\"2024-04-19T12:28:39+00:00\",\"dateModified\":\"2024-04-19T12:28:39+00:00\",\"mainEntityOfPage\":{\"@id\":\"https:\/\/darzdrowia.pl\/ciekawostki\/trendy-w-kolorach-pomadek-i-blyszczykow-na-sezon-letni\/\"},\"wordCount\":807,\"publisher\":{\"@id\":\"https:\/\/darzdrowia.pl\/ciekawostki\/#organization\"},\"inLanguage\":\"pl-PL\"},{\"@type\":\"WebPage\",\"@id\":\"https:\/\/darzdrowia.pl\/ciekawostki\/trendy-w-kolorach-pomadek-i-blyszczykow-na-sezon-letni\/\",\"url\":\"https:\/\/darzdrowia.pl\/ciekawostki\/trendy-w-kolorach-pomadek-i-blyszczykow-na-sezon-letni\/\",\"name\":\"Trendy w kolorach pomadek i b\u0142yszczyk\u00f3w na sezon letni.\",\"isPartOf\":{\"@id\":\"https:\/\/darzdrowia.pl\/ciekawostki\/#website\"},\"datePublished\":\"2024-04-19T12:28:39+00:00\",\"dateModified\":\"2024-04-19T12:28:39+00:00\",\"description\":\"Odkryj najgor\u0119tsze trendy w kolorach pomadek i b\u0142yszczyk\u00f3w na sezon letni! Zainspiruj si\u0119 naszymi propozycjami i podkre\u015bl swoj\u0105 urod\u0119 w wyj\u0105tkowy spos\u00f3b. Sprawd\u017a ju\u017c teraz!\",\"breadcrumb\":{\"@id\":\"https:\/\/darzdrowia.pl\/ciekawostki\/trendy-w-kolorach-pomadek-i-blyszczykow-na-sezon-letni\/#breadcrumb\"},\"inLanguage\":\"pl-PL\",\"potentialAction\":[{\"@type\":\"ReadAction\",\"target\":[\"https:\/\/darzdrowia.pl\/ciekawostki\/trendy-w-kolorach-pomadek-i-blyszczykow-na-sezon-letni\/\"]}]},{\"@type\":\"BreadcrumbList\",\"@id\":\"https:\/\/darzdrowia.pl\/ciekawostki\/trendy-w-kolorach-pomadek-i-blyszczykow-na-sezon-letni\/#breadcrumb\",\"itemListElement\":[{\"@type\":\"ListItem\",\"position\":1,\"name\":\"Strona g\u0142\u00f3wna\",\"item\":\"https:\/\/darzdrowia.pl\/ciekawostki\/\"},{\"@type\":\"ListItem\",\"position\":2,\"name\":\"Trendy w kolorach pomadek i b\u0142yszczyk\u00f3w na sezon letni.\"}]},{\"@type\":\"WebSite\",\"@id\":\"https:\/\/darzdrowia.pl\/ciekawostki\/#website\",\"url\":\"https:\/\/darzdrowia.pl\/ciekawostki\/\",\"name\":\"Dar Zdrowia Drogeria - Blog\",\"description\":\"\",\"publisher\":{\"@id\":\"https:\/\/darzdrowia.pl\/ciekawostki\/#organization\"},\"potentialAction\":[{\"@type\":\"SearchAction\",\"target\":{\"@type\":\"EntryPoint\",\"urlTemplate\":\"https:\/\/darzdrowia.pl\/ciekawostki\/?s={search_term_string}\"},\"query-input\":\"required name=search_term_string\"}],\"inLanguage\":\"pl-PL\"},{\"@type\":\"Organization\",\"@id\":\"https:\/\/darzdrowia.pl\/ciekawostki\/#organization\",\"name\":\"Dar Zdrowia Drogeria - Blog\",\"url\":\"https:\/\/darzdrowia.pl\/ciekawostki\/\",\"logo\":{\"@type\":\"ImageObject\",\"inLanguage\":\"pl-PL\",\"@id\":\"https:\/\/darzdrowia.pl\/ciekawostki\/#\/schema\/logo\/image\/\",\"url\":\"https:\/\/darzdrowia.pl\/ciekawostki\/wp-content\/uploads\/2023\/11\/logo-darzdrowia.webp\",\"contentUrl\":\"https:\/\/darzdrowia.pl\/ciekawostki\/wp-content\/uploads\/2023\/11\/logo-darzdrowia.webp\",\"width\":744,\"height\":225,\"caption\":\"Dar Zdrowia Drogeria - Blog\"},\"image\":{\"@id\":\"https:\/\/darzdrowia.pl\/ciekawostki\/#\/schema\/logo\/image\/\"},\"sameAs\":[\"https:\/\/www.facebook.com\/profile.php?id=100063606935396\"]},{\"@type\":\"Person\",\"@id\":\"https:\/\/darzdrowia.pl\/ciekawostki\/#\/schema\/person\/e75579d624630bf943ac69d374bb928e\",\"name\":\"funkymedia\",\"image\":{\"@type\":\"ImageObject\",\"inLanguage\":\"pl-PL\",\"@id\":\"https:\/\/darzdrowia.pl\/ciekawostki\/#\/schema\/person\/image\/\",\"url\":\"https:\/\/secure.gravatar.com\/avatar\/393cb205b658aef6e3271ad5a92265e3e4433d2384bbe95524ba160d5bc20299?s=96&d=mm&r=g\",\"contentUrl\":\"https:\/\/secure.gravatar.com\/avatar\/393cb205b658aef6e3271ad5a92265e3e4433d2384bbe95524ba160d5bc20299?s=96&d=mm&r=g\",\"caption\":\"funkymedia\"},\"sameAs\":[\"https:\/\/darzdrowia.pl\/ciekawostki\"],\"url\":\"https:\/\/darzdrowia.pl\/ciekawostki\/author\/funkymedia\/\"}]}<\/script>\n<!-- \/ Yoast SEO plugin. -->","yoast_head_json":{"title":"Trendy w kolorach pomadek i b\u0142yszczyk\u00f3w na sezon letni.","description":"Odkryj najgor\u0119tsze trendy w kolorach pomadek i b\u0142yszczyk\u00f3w na sezon letni! Zainspiruj si\u0119 naszymi propozycjami i podkre\u015bl swoj\u0105 urod\u0119 w wyj\u0105tkowy spos\u00f3b. Sprawd\u017a ju\u017c teraz!","robots":{"index":"index","follow":"follow","max-snippet":"max-snippet:-1","max-image-preview":"max-image-preview:large","max-video-preview":"max-video-preview:-1"},"canonical":"https:\/\/darzdrowia.pl\/ciekawostki\/trendy-w-kolorach-pomadek-i-blyszczykow-na-sezon-letni\/","og_locale":"pl_PL","og_type":"article","og_title":"Trendy w kolorach pomadek i b\u0142yszczyk\u00f3w na sezon letni.","og_description":"Odkryj najgor\u0119tsze trendy w kolorach pomadek i b\u0142yszczyk\u00f3w na sezon letni! Zainspiruj si\u0119 naszymi propozycjami i podkre\u015bl swoj\u0105 urod\u0119 w wyj\u0105tkowy spos\u00f3b. Sprawd\u017a ju\u017c teraz!","og_url":"https:\/\/darzdrowia.pl\/ciekawostki\/trendy-w-kolorach-pomadek-i-blyszczykow-na-sezon-letni\/","og_site_name":"Dar Zdrowia Drogeria - Blog","article_publisher":"https:\/\/www.facebook.com\/profile.php?id=100063606935396","article_published_time":"2024-04-19T12:28:39+00:00","author":"funkymedia","twitter_card":"summary_large_image","twitter_misc":{"Napisane przez":"funkymedia","Szacowany czas czytania":"4 minuty"},"schema":{"@context":"https:\/\/schema.org","@graph":[{"@type":"Article","@id":"https:\/\/darzdrowia.pl\/ciekawostki\/trendy-w-kolorach-pomadek-i-blyszczykow-na-sezon-letni\/#article","isPartOf":{"@id":"https:\/\/darzdrowia.pl\/ciekawostki\/trendy-w-kolorach-pomadek-i-blyszczykow-na-sezon-letni\/"},"author":{"name":"funkymedia","@id":"https:\/\/darzdrowia.pl\/ciekawostki\/#\/schema\/person\/e75579d624630bf943ac69d374bb928e"},"headline":"Trendy w kolorach pomadek i b\u0142yszczyk\u00f3w na sezon letni.","datePublished":"2024-04-19T12:28:39+00:00","dateModified":"2024-04-19T12:28:39+00:00","mainEntityOfPage":{"@id":"https:\/\/darzdrowia.pl\/ciekawostki\/trendy-w-kolorach-pomadek-i-blyszczykow-na-sezon-letni\/"},"wordCount":807,"publisher":{"@id":"https:\/\/darzdrowia.pl\/ciekawostki\/#organization"},"inLanguage":"pl-PL"},{"@type":"WebPage","@id":"https:\/\/darzdrowia.pl\/ciekawostki\/trendy-w-kolorach-pomadek-i-blyszczykow-na-sezon-letni\/","url":"https:\/\/darzdrowia.pl\/ciekawostki\/trendy-w-kolorach-pomadek-i-blyszczykow-na-sezon-letni\/","name":"Trendy w kolorach pomadek i b\u0142yszczyk\u00f3w na sezon letni.","isPartOf":{"@id":"https:\/\/darzdrowia.pl\/ciekawostki\/#website"},"datePublished":"2024-04-19T12:28:39+00:00","dateModified":"2024-04-19T12:28:39+00:00","description":"Odkryj najgor\u0119tsze trendy w kolorach pomadek i b\u0142yszczyk\u00f3w na sezon letni! Zainspiruj si\u0119 naszymi propozycjami i podkre\u015bl swoj\u0105 urod\u0119 w wyj\u0105tkowy spos\u00f3b. Sprawd\u017a ju\u017c teraz!","breadcrumb":{"@id":"https:\/\/darzdrowia.pl\/ciekawostki\/trendy-w-kolorach-pomadek-i-blyszczykow-na-sezon-letni\/#breadcrumb"},"inLanguage":"pl-PL","potentialAction":[{"@type":"ReadAction","target":["https:\/\/darzdrowia.pl\/ciekawostki\/trendy-w-kolorach-pomadek-i-blyszczykow-na-sezon-letni\/"]}]},{"@type":"BreadcrumbList","@id":"https:\/\/darzdrowia.pl\/ciekawostki\/trendy-w-kolorach-pomadek-i-blyszczykow-na-sezon-letni\/#breadcrumb","itemListElement":[{"@type":"ListItem","position":1,"name":"Strona g\u0142\u00f3wna","item":"https:\/\/darzdrowia.pl\/ciekawostki\/"},{"@type":"ListItem","position":2,"name":"Trendy w kolorach pomadek i b\u0142yszczyk\u00f3w na sezon letni."}]},{"@type":"WebSite","@id":"https:\/\/darzdrowia.pl\/ciekawostki\/#website","url":"https:\/\/darzdrowia.pl\/ciekawostki\/","name":"Dar Zdrowia Drogeria - Blog","description":"","publisher":{"@id":"https:\/\/darzdrowia.pl\/ciekawostki\/#organization"},"potentialAction":[{"@type":"SearchAction","target":{"@type":"EntryPoint","urlTemplate":"https:\/\/darzdrowia.pl\/ciekawostki\/?s={search_term_string}"},"query-input":"required name=search_term_string"}],"inLanguage":"pl-PL"},{"@type":"Organization","@id":"https:\/\/darzdrowia.pl\/ciekawostki\/#organization","name":"Dar Zdrowia Drogeria - Blog","url":"https:\/\/darzdrowia.pl\/ciekawostki\/","logo":{"@type":"ImageObject","inLanguage":"pl-PL","@id":"https:\/\/darzdrowia.pl\/ciekawostki\/#\/schema\/logo\/image\/","url":"https:\/\/darzdrowia.pl\/ciekawostki\/wp-content\/uploads\/2023\/11\/logo-darzdrowia.webp","contentUrl":"https:\/\/darzdrowia.pl\/ciekawostki\/wp-content\/uploads\/2023\/11\/logo-darzdrowia.webp","width":744,"height":225,"caption":"Dar Zdrowia Drogeria - Blog"},"image":{"@id":"https:\/\/darzdrowia.pl\/ciekawostki\/#\/schema\/logo\/image\/"},"sameAs":["https:\/\/www.facebook.com\/profile.php?id=100063606935396"]},{"@type":"Person","@id":"https:\/\/darzdrowia.pl\/ciekawostki\/#\/schema\/person\/e75579d624630bf943ac69d374bb928e","name":"funkymedia","image":{"@type":"ImageObject","inLanguage":"pl-PL","@id":"https:\/\/darzdrowia.pl\/ciekawostki\/#\/schema\/person\/image\/","url":"https:\/\/secure.gravatar.com\/avatar\/393cb205b658aef6e3271ad5a92265e3e4433d2384bbe95524ba160d5bc20299?s=96&d=mm&r=g","contentUrl":"https:\/\/secure.gravatar.com\/avatar\/393cb205b658aef6e3271ad5a92265e3e4433d2384bbe95524ba160d5bc20299?s=96&d=mm&r=g","caption":"funkymedia"},"sameAs":["https:\/\/darzdrowia.pl\/ciekawostki"],"url":"https:\/\/darzdrowia.pl\/ciekawostki\/author\/funkymedia\/"}]}},"_links":{"self":[{"href":"https:\/\/darzdrowia.pl\/ciekawostki\/wp-json\/wp\/v2\/posts\/2895","targetHints":{"allow":["GET"]}}],"collection":[{"href":"https:\/\/darzdrowia.pl\/ciekawostki\/wp-json\/wp\/v2\/posts"}],"about":[{"href":"https:\/\/darzdrowia.pl\/ciekawostki\/wp-json\/wp\/v2\/types\/post"}],"author":[{"embeddable":true,"href":"https:\/\/darzdrowia.pl\/ciekawostki\/wp-json\/wp\/v2\/users\/1"}],"replies":[{"embeddable":true,"href":"https:\/\/darzdrowia.pl\/ciekawostki\/wp-json\/wp\/v2\/comments?post=2895"}],"version-history":[{"count":0,"href":"https:\/\/darzdrowia.pl\/ciekawostki\/wp-json\/wp\/v2\/posts\/2895\/revisions"}],"wp:attachment":[{"href":"https:\/\/darzdrowia.pl\/ciekawostki\/wp-json\/wp\/v2\/media?parent=2895"}],"wp:term":[{"taxonomy":"category","embeddable":true,"href":"https:\/\/darzdrowia.pl\/ciekawostki\/wp-json\/wp\/v2\/categories?post=2895"},{"taxonomy":"post_tag","embeddable":true,"href":"https:\/\/darzdrowia.pl\/ciekawostki\/wp-json\/wp\/v2\/tags?post=2895"}],"curies":[{"name":"wp","href":"https:\/\/api.w.org\/{rel}","templated":true}]}}