{"id":2894,"date":"2024-04-19T14:27:53","date_gmt":"2024-04-19T12:27:53","guid":{"rendered":"https:\/\/darzdrowia.pl\/ciekawostki\/recenzje-kosmetykow-z-filtrem-uv-dla-skory-wrazliwej-na-slonce\/"},"modified":"2024-04-19T14:27:53","modified_gmt":"2024-04-19T12:27:53","slug":"recenzje-kosmetykow-z-filtrem-uv-dla-skory-wrazliwej-na-slonce","status":"publish","type":"post","link":"https:\/\/darzdrowia.pl\/ciekawostki\/recenzje-kosmetykow-z-filtrem-uv-dla-skory-wrazliwej-na-slonce\/","title":{"rendered":"Recenzje kosmetyk\u00f3w z filtrem UV dla sk\u00f3ry wra\u017cliwej na s\u0142o\u0144ce."},"content":{"rendered":"\n<p>Recenzje kosmetyk\u00f3w z filtrem UV dla sk\u00f3ry wra\u017cliwej na s\u0142o\u0144ce s\u0105 niezwykle wa\u017cne dla os\u00f3b, kt\u00f3re borykaj\u0105 si\u0119 z problemem nadwra\u017cliwo\u015bci na promieniowanie s\u0142oneczne. W dzisiejszych czasach, kiedy nasza sk\u00f3ra jest coraz bardziej nara\u017cona na szkodliwe dzia\u0142anie UV, odpowiednia ochrona staje si\u0119 niezb\u0119dna. Dlatego te\u017c coraz wi\u0119cej marek kosmetycznych wprowadza na rynek produkty dedykowane w\u0142a\u015bnie dla sk\u00f3ry wra\u017cliwej na s\u0142o\u0144ce. Jednak czy wszystkie z nich spe\u0142niaj\u0105 swoje zadanie? Czy s\u0105 skuteczne i bezpieczne dla naszej sk\u00f3ry? W tym artykule przyjrzymy si\u0119 r\u00f3\u017cnym recenzjom kosmetyk\u00f3w z filtrem UV i dowiemy si\u0119, kt\u00f3re z nich s\u0105 godne polecenia dla os\u00f3b o wra\u017cliwej sk\u00f3rze.<\/p>\n\n\n\n<h2 class=\"wp-block-heading\">5 najlepszych krem\u00f3w z filtrem UV dla sk\u00f3ry wra\u017cliwej na s\u0142o\u0144ce &#8211; recenzja i por\u00f3wnanie<\/h2>\n\n\n\n<p>1. La Roche-Posay Anthelios Ultra Light Fluid SPF 50+ &#8211; ten krem z filtrem UV jest idealny dla os\u00f3b o wra\u017cliwej sk\u00f3rze na s\u0142o\u0144ce. Ma lekk\u0105 konsystencj\u0119, szybko si\u0119 wch\u0142ania i nie pozostawia t\u0142ustego filmu na sk\u00f3rze.<\/p>\n\n\n\n<p>2. Bioderma Photoderm Max Aquafluide SPF 50+ &#8211; kolejna opcja dla sk\u00f3ry wra\u017cliwej, kt\u00f3ra potrzebuje ochrony przed promieniowaniem UV. Krem ten jest bardzo lekki i niezwykle wygodny w u\u017cyciu, a jednocze\u015bnie zapewnia wysok\u0105 ochron\u0119.<\/p>\n\n\n\n<p>3. Eucerin Sun Fluid Anti-Age SPF 50 &#8211; ten krem z filtrem UV nie tylko chroni sk\u00f3r\u0119 przed szkodliwym promieniowaniem, ale tak\u017ce dzia\u0142a przeciwstarzeniowo. Jest odpowiedni dla os\u00f3b z wra\u017cliw\u0105 sk\u00f3r\u0105, poniewa\u017c nie zawiera paraben\u00f3w i barwnik\u00f3w.<\/p>\n\n\n\n<p>4. Av\u00e8ne SunsiMed Very High Protection Cream SPF 50+ &#8211; krem ten zosta\u0142 specjalnie opracowany dla os\u00f3b z bardzo wra\u017cliw\u0105 sk\u00f3r\u0105 na s\u0142o\u0144ce. Ma delikatn\u0105 formu\u0142\u0119, kt\u00f3ra nie podra\u017cnia sk\u00f3ry, a jednocze\u015bnie zapewnia wysok\u0105 ochron\u0119 przed promieniowaniem UV.<\/p>\n\n\n\n<p>5. Vichy Capital Soleil Mattifying Face Fluid Dry Touch SPF 50 &#8211; je\u015bli masz problem ze \u015bwieceniem si\u0119 sk\u00f3ry po u\u017cyciu kremu z filtrem UV, ten produkt jest dla Ciebie. Ma matuj\u0105c\u0105 formu\u0142\u0119, kt\u00f3ra kontroluje wydzielanie sebum, a jednocze\u015bnie chroni sk\u00f3r\u0119 przed s\u0142o\u0144cem.<\/p>\n\n\n\n<h2 class=\"wp-block-heading\">Jak wybra\u0107 odpowiedni kosmetyk z filtrem UV dla sk\u00f3ry wra\u017cliwej na s\u0142o\u0144ce? Poradnik dla os\u00f3b z problemami sk\u00f3rnymi<\/h2>\n\n\n\n<p>Wybieraj\u0105c kosmetyk z filtrem UV dla sk\u00f3ry wra\u017cliwej na s\u0142o\u0144ce, nale\u017cy zwr\u00f3ci\u0107 uwag\u0119 na kilka wa\u017cnych kwestii. Przede wszystkim, warto wybra\u0107 produkt o wysokim faktorze ochrony przeciws\u0142onecznej (SPF), najlepiej powy\u017cej 30. Nale\u017cy r\u00f3wnie\u017c pami\u0119ta\u0107, aby kosmetyk by\u0142 odpowiedni dla naszego typu sk\u00f3ry &#8211; je\u015bli mamy sk\u00f3r\u0119 t\u0142ust\u0105, lepiej wybra\u0107 produkt w formie \u017celu lub pianki, natomiast dla sk\u00f3ry suchej lepszym wyborem b\u0119dzie krem lub balsam. Wa\u017cne jest tak\u017ce sprawdzenie sk\u0142adu kosmetyku &#8211; powinien on by\u0107 wolny od substancji dra\u017cni\u0105cych i alergizuj\u0105cych. Osoby z problemami sk\u00f3rnymi powinny unika\u0107 produkt\u00f3w z alkoholem, silikonami i olejkami eterycznymi. Warto r\u00f3wnie\u017c zwr\u00f3ci\u0107 uwag\u0119 na dat\u0119 wa\u017cno\u015bci kosmetyku oraz regularnie nak\u0142ada\u0107 go na sk\u00f3r\u0119 w trakcie ekspozycji na s\u0142o\u0144ce. Pami\u0119tajmy, \u017ce odpowiednio dobrany kosmetyk z filtrem UV jest niezb\u0119dny do zachowania zdrowej i pi\u0119knej sk\u00f3ry.<\/p>\n\n\n\n<h2 class=\"wp-block-heading\">Recenzja nowo\u015bci kosmetycznych: kremy z filtrem UV dla sk\u00f3ry wra\u017cliwej na s\u0142o\u0144ce<\/h2>\n\n\n\n<p>Nowo\u015bci\u0105 na rynku kosmetycznym s\u0105 kremy z filtrem UV przeznaczone specjalnie dla sk\u00f3ry wra\u017cliwej na s\u0142o\u0144ce. S\u0105 one idealnym rozwi\u0105zaniem dla os\u00f3b, kt\u00f3re borykaj\u0105 si\u0119 z problemem podra\u017cnie\u0144 i reakcji alergicznych na promieniowanie s\u0142oneczne.<\/p>\n\n\n\n<p>Kremy te charakteryzuj\u0105 si\u0119 delikatn\u0105 formu\u0142\u0105, kt\u00f3ra nie tylko chroni sk\u00f3r\u0119 przed szkodliwym dzia\u0142aniem UV, ale tak\u017ce piel\u0119gnuje j\u0105 i nawil\u017ca. Dzi\u0119ki temu mo\u017cna cieszy\u0107 si\u0119 pi\u0119knym opalenizn\u0105 bez obaw o podra\u017cnienia czy przesuszenie sk\u00f3ry.<\/p>\n\n\n\n<p>Warto r\u00f3wnie\u017c zwr\u00f3ci\u0107 uwag\u0119 na fakt, \u017ce kremy te s\u0105 odpowiednie dla os\u00f3b o r\u00f3\u017cnych typach cery &#8211; zar\u00f3wno suchej, jak i t\u0142ustej. Dzi\u0119ki temu ka\u017cdy mo\u017ce znale\u017a\u0107 produkt dopasowany do swoich indywidualnych potrzeb.<\/p>\n\n\n\n<p>Podsumowuj\u0105c, kremy z filtrem UV dla sk\u00f3ry wra\u017cliwej na s\u0142o\u0144ce to innowacyjne rozwi\u0105zanie, kt\u00f3re zapewnia kompleksow\u0105 ochron\u0119 i piel\u0119gnacj\u0119 sk\u00f3ry podczas ekspozycji na promieniowanie s\u0142oneczne. Polecam je szczeg\u00f3lnie osobom z problemami sk\u00f3rnymi oraz wszystkim, kt\u00f3rzy chc\u0105 zadba\u0107 o swoj\u0105 cer\u0119 w bezpieczny i efektywny spos\u00f3b.<\/p>\n\n\n\n<p>Recenzje kosmetyk\u00f3w z filtrem UV dla sk\u00f3ry wra\u017cliwej na s\u0142o\u0144ce s\u0105 niezwykle wa\u017cne dla os\u00f3b, kt\u00f3re borykaj\u0105 si\u0119 z tym problemem. Wiele os\u00f3b z wra\u017cliw\u0105 sk\u00f3r\u0105 musi uwa\u017ca\u0107 na ekspozycj\u0119 na s\u0142o\u0144ce, poniewa\u017c mo\u017ce to prowadzi\u0107 do powa\u017cnych problem\u00f3w sk\u00f3rnych, takich jak oparzenia czy alergie. Dlatego te\u017c wyb\u00f3r odpowiedniego kosmetyku z filtrem UV jest kluczowy.<\/p>\n\n\n\n<p>Po przejrzeniu r\u00f3\u017cnych recenzji mo\u017cna stwierdzi\u0107, \u017ce istnieje wiele produkt\u00f3w dost\u0119pnych na rynku, kt\u00f3re s\u0105 odpowiednie dla sk\u00f3ry wra\u017cliwej na s\u0142o\u0144ce. Wiele os\u00f3b chwali sobie kremy i balsamy z wysokim filtrem UV, kt\u00f3re zapewniaj\u0105 skuteczn\u0105 ochron\u0119 przed promieniowaniem s\u0142onecznym. Wa\u017cne jest r\u00f3wnie\u017c to, aby wybiera\u0107 produkty o delikatnej formule, kt\u00f3re nie podra\u017cniaj\u0105 sk\u00f3ry.<\/p>\n\n\n\n<p>Jednak\u017ce, niekt\u00f3re recenzje wskazuj\u0105 r\u00f3wnie\u017c na pewne wady niekt\u00f3rych kosmetyk\u00f3w z filtrem UV dla sk\u00f3ry wra\u017cliwej. Niekt\u00f3re osoby mog\u0105 do\u015bwiadcza\u0107 uczucia ci\u0119\u017cko\u015bci lub t\u0142usto\u015bci po u\u017cyciu tych produkt\u00f3w. Dlatego te\u017c wa\u017cne jest, aby znale\u017a\u0107 odpowiedni produkt dopasowany do indywidualnych potrzeb i preferencji.<\/p>\n\n\n\n<p>Podsumowuj\u0105c, recenzje kosmetyk\u00f3w z filtrem UV dla sk\u00f3ry wra\u017cliwej na s\u0142o\u0144ce s\u0105 bardzo pomocne w wyborze odpowiedniego produktu. Warto zwr\u00f3ci\u0107 uwag\u0119 na opinie innych u\u017cytkownik\u00f3w, ale r\u00f3wnie\u017c pami\u0119ta\u0107 o indywidualnych potrzebach swojej sk\u00f3ry. Odpowiednio dobrany kosmetyk z filtrem UV mo\u017ce zapewni\u0107 skuteczn\u0105 ochron\u0119 przed szkodliwym promieniowaniem s\u0142onecznym i pom\u00f3c utrzyma\u0107 zdrowy wygl\u0105d sk\u00f3ry.<\/p>\n","protected":false},"excerpt":{"rendered":"<p>Recenzje kosmetyk\u00f3w z filtrem UV dla sk\u00f3ry wra\u017cliwej na s\u0142o\u0144ce s\u0105 niezwykle wa\u017cne dla os\u00f3b, kt\u00f3re borykaj\u0105 si\u0119 z problemem nadwra\u017cliwo\u015bci na promieniowanie s\u0142oneczne. W dzisiejszych czasach, kiedy nasza sk\u00f3ra jest coraz bardziej nara\u017cona na szkodliwe dzia\u0142anie UV, odpowiednia ochrona staje si\u0119 niezb\u0119dna. Dlatego te\u017c coraz wi\u0119cej marek kosmetycznych wprowadza na rynek produkty dedykowane w\u0142a\u015bnie [&hellip;]<\/p>\n","protected":false},"author":1,"featured_media":0,"comment_status":"","ping_status":"open","sticky":false,"template":"","format":"standard","meta":{"footnotes":""},"categories":[1],"tags":[],"class_list":["post-2894","post","type-post","status-publish","format-standard","hentry","category-bez-kategorii"],"fm_meta_title":"Recenzje kosmetyk\u00f3w z filtrem UV dla sk\u00f3ry wra\u017cliwej na s\u0142o\u0144ce.","fm_meta_description":"Zapewnij swojej wra\u017cliwej na s\u0142o\u0144ce sk\u00f3rze najlepsz\u0105 ochron\u0119 dzi\u0119ki naszym recenzjom kosmetyk\u00f3w z filtrem UV. Sprawd\u017a, kt\u00f3re produkty s\u0105 najskuteczniejsze i najdelikatniejsze dla Twojej sk\u00f3ry. Dbaj o jej zdrowie i pi\u0119kno ju\u017c teraz!","yoast_head":"<!-- This site is optimized with the Yoast SEO plugin v21.5 - https:\/\/yoast.com\/wordpress\/plugins\/seo\/ -->\n<title>Recenzje kosmetyk\u00f3w z filtrem UV dla sk\u00f3ry wra\u017cliwej na s\u0142o\u0144ce.<\/title>\n<meta name=\"description\" content=\"Zapewnij swojej wra\u017cliwej na s\u0142o\u0144ce sk\u00f3rze najlepsz\u0105 ochron\u0119 dzi\u0119ki naszym recenzjom kosmetyk\u00f3w z filtrem UV. Sprawd\u017a, kt\u00f3re produkty s\u0105 najskuteczniejsze i najdelikatniejsze dla Twojej sk\u00f3ry. Dbaj o jej zdrowie i pi\u0119kno ju\u017c teraz!\" \/>\n<meta name=\"robots\" content=\"index, follow, max-snippet:-1, max-image-preview:large, max-video-preview:-1\" \/>\n<link rel=\"canonical\" href=\"https:\/\/darzdrowia.pl\/ciekawostki\/recenzje-kosmetykow-z-filtrem-uv-dla-skory-wrazliwej-na-slonce\/\" \/>\n<meta property=\"og:locale\" content=\"pl_PL\" \/>\n<meta property=\"og:type\" content=\"article\" \/>\n<meta property=\"og:title\" content=\"Recenzje kosmetyk\u00f3w z filtrem UV dla sk\u00f3ry wra\u017cliwej na s\u0142o\u0144ce.\" \/>\n<meta property=\"og:description\" content=\"Zapewnij swojej wra\u017cliwej na s\u0142o\u0144ce sk\u00f3rze najlepsz\u0105 ochron\u0119 dzi\u0119ki naszym recenzjom kosmetyk\u00f3w z filtrem UV. Sprawd\u017a, kt\u00f3re produkty s\u0105 najskuteczniejsze i najdelikatniejsze dla Twojej sk\u00f3ry. Dbaj o jej zdrowie i pi\u0119kno ju\u017c teraz!\" \/>\n<meta property=\"og:url\" content=\"https:\/\/darzdrowia.pl\/ciekawostki\/recenzje-kosmetykow-z-filtrem-uv-dla-skory-wrazliwej-na-slonce\/\" \/>\n<meta property=\"og:site_name\" content=\"Dar Zdrowia Drogeria - Blog\" \/>\n<meta property=\"article:publisher\" content=\"https:\/\/www.facebook.com\/profile.php?id=100063606935396\" \/>\n<meta property=\"article:published_time\" content=\"2024-04-19T12:27:53+00:00\" \/>\n<meta name=\"author\" content=\"funkymedia\" \/>\n<meta name=\"twitter:card\" content=\"summary_large_image\" \/>\n<meta name=\"twitter:label1\" content=\"Napisane przez\" \/>\n\t<meta name=\"twitter:data1\" content=\"funkymedia\" \/>\n\t<meta name=\"twitter:label2\" content=\"Szacowany czas czytania\" \/>\n\t<meta name=\"twitter:data2\" content=\"5 minut\" \/>\n<script type=\"application\/ld+json\" class=\"yoast-schema-graph\">{\"@context\":\"https:\/\/schema.org\",\"@graph\":[{\"@type\":\"Article\",\"@id\":\"https:\/\/darzdrowia.pl\/ciekawostki\/recenzje-kosmetykow-z-filtrem-uv-dla-skory-wrazliwej-na-slonce\/#article\",\"isPartOf\":{\"@id\":\"https:\/\/darzdrowia.pl\/ciekawostki\/recenzje-kosmetykow-z-filtrem-uv-dla-skory-wrazliwej-na-slonce\/\"},\"author\":{\"name\":\"funkymedia\",\"@id\":\"https:\/\/darzdrowia.pl\/ciekawostki\/#\/schema\/person\/e75579d624630bf943ac69d374bb928e\"},\"headline\":\"Recenzje kosmetyk\u00f3w z filtrem UV dla sk\u00f3ry wra\u017cliwej na s\u0142o\u0144ce.\",\"datePublished\":\"2024-04-19T12:27:53+00:00\",\"dateModified\":\"2024-04-19T12:27:53+00:00\",\"mainEntityOfPage\":{\"@id\":\"https:\/\/darzdrowia.pl\/ciekawostki\/recenzje-kosmetykow-z-filtrem-uv-dla-skory-wrazliwej-na-slonce\/\"},\"wordCount\":1057,\"publisher\":{\"@id\":\"https:\/\/darzdrowia.pl\/ciekawostki\/#organization\"},\"inLanguage\":\"pl-PL\"},{\"@type\":\"WebPage\",\"@id\":\"https:\/\/darzdrowia.pl\/ciekawostki\/recenzje-kosmetykow-z-filtrem-uv-dla-skory-wrazliwej-na-slonce\/\",\"url\":\"https:\/\/darzdrowia.pl\/ciekawostki\/recenzje-kosmetykow-z-filtrem-uv-dla-skory-wrazliwej-na-slonce\/\",\"name\":\"Recenzje kosmetyk\u00f3w z filtrem UV dla sk\u00f3ry wra\u017cliwej na s\u0142o\u0144ce.\",\"isPartOf\":{\"@id\":\"https:\/\/darzdrowia.pl\/ciekawostki\/#website\"},\"datePublished\":\"2024-04-19T12:27:53+00:00\",\"dateModified\":\"2024-04-19T12:27:53+00:00\",\"description\":\"Zapewnij swojej wra\u017cliwej na s\u0142o\u0144ce sk\u00f3rze najlepsz\u0105 ochron\u0119 dzi\u0119ki naszym recenzjom kosmetyk\u00f3w z filtrem UV. Sprawd\u017a, kt\u00f3re produkty s\u0105 najskuteczniejsze i najdelikatniejsze dla Twojej sk\u00f3ry. Dbaj o jej zdrowie i pi\u0119kno ju\u017c teraz!\",\"breadcrumb\":{\"@id\":\"https:\/\/darzdrowia.pl\/ciekawostki\/recenzje-kosmetykow-z-filtrem-uv-dla-skory-wrazliwej-na-slonce\/#breadcrumb\"},\"inLanguage\":\"pl-PL\",\"potentialAction\":[{\"@type\":\"ReadAction\",\"target\":[\"https:\/\/darzdrowia.pl\/ciekawostki\/recenzje-kosmetykow-z-filtrem-uv-dla-skory-wrazliwej-na-slonce\/\"]}]},{\"@type\":\"BreadcrumbList\",\"@id\":\"https:\/\/darzdrowia.pl\/ciekawostki\/recenzje-kosmetykow-z-filtrem-uv-dla-skory-wrazliwej-na-slonce\/#breadcrumb\",\"itemListElement\":[{\"@type\":\"ListItem\",\"position\":1,\"name\":\"Strona g\u0142\u00f3wna\",\"item\":\"https:\/\/darzdrowia.pl\/ciekawostki\/\"},{\"@type\":\"ListItem\",\"position\":2,\"name\":\"Recenzje kosmetyk\u00f3w z filtrem UV dla sk\u00f3ry wra\u017cliwej na s\u0142o\u0144ce.\"}]},{\"@type\":\"WebSite\",\"@id\":\"https:\/\/darzdrowia.pl\/ciekawostki\/#website\",\"url\":\"https:\/\/darzdrowia.pl\/ciekawostki\/\",\"name\":\"Dar Zdrowia Drogeria - Blog\",\"description\":\"\",\"publisher\":{\"@id\":\"https:\/\/darzdrowia.pl\/ciekawostki\/#organization\"},\"potentialAction\":[{\"@type\":\"SearchAction\",\"target\":{\"@type\":\"EntryPoint\",\"urlTemplate\":\"https:\/\/darzdrowia.pl\/ciekawostki\/?s={search_term_string}\"},\"query-input\":\"required name=search_term_string\"}],\"inLanguage\":\"pl-PL\"},{\"@type\":\"Organization\",\"@id\":\"https:\/\/darzdrowia.pl\/ciekawostki\/#organization\",\"name\":\"Dar Zdrowia Drogeria - Blog\",\"url\":\"https:\/\/darzdrowia.pl\/ciekawostki\/\",\"logo\":{\"@type\":\"ImageObject\",\"inLanguage\":\"pl-PL\",\"@id\":\"https:\/\/darzdrowia.pl\/ciekawostki\/#\/schema\/logo\/image\/\",\"url\":\"https:\/\/darzdrowia.pl\/ciekawostki\/wp-content\/uploads\/2023\/11\/logo-darzdrowia.webp\",\"contentUrl\":\"https:\/\/darzdrowia.pl\/ciekawostki\/wp-content\/uploads\/2023\/11\/logo-darzdrowia.webp\",\"width\":744,\"height\":225,\"caption\":\"Dar Zdrowia Drogeria - Blog\"},\"image\":{\"@id\":\"https:\/\/darzdrowia.pl\/ciekawostki\/#\/schema\/logo\/image\/\"},\"sameAs\":[\"https:\/\/www.facebook.com\/profile.php?id=100063606935396\"]},{\"@type\":\"Person\",\"@id\":\"https:\/\/darzdrowia.pl\/ciekawostki\/#\/schema\/person\/e75579d624630bf943ac69d374bb928e\",\"name\":\"funkymedia\",\"image\":{\"@type\":\"ImageObject\",\"inLanguage\":\"pl-PL\",\"@id\":\"https:\/\/darzdrowia.pl\/ciekawostki\/#\/schema\/person\/image\/\",\"url\":\"https:\/\/secure.gravatar.com\/avatar\/393cb205b658aef6e3271ad5a92265e3e4433d2384bbe95524ba160d5bc20299?s=96&d=mm&r=g\",\"contentUrl\":\"https:\/\/secure.gravatar.com\/avatar\/393cb205b658aef6e3271ad5a92265e3e4433d2384bbe95524ba160d5bc20299?s=96&d=mm&r=g\",\"caption\":\"funkymedia\"},\"sameAs\":[\"https:\/\/darzdrowia.pl\/ciekawostki\"],\"url\":\"https:\/\/darzdrowia.pl\/ciekawostki\/author\/funkymedia\/\"}]}<\/script>\n<!-- \/ Yoast SEO plugin. -->","yoast_head_json":{"title":"Recenzje kosmetyk\u00f3w z filtrem UV dla sk\u00f3ry wra\u017cliwej na s\u0142o\u0144ce.","description":"Zapewnij swojej wra\u017cliwej na s\u0142o\u0144ce sk\u00f3rze najlepsz\u0105 ochron\u0119 dzi\u0119ki naszym recenzjom kosmetyk\u00f3w z filtrem UV. Sprawd\u017a, kt\u00f3re produkty s\u0105 najskuteczniejsze i najdelikatniejsze dla Twojej sk\u00f3ry. Dbaj o jej zdrowie i pi\u0119kno ju\u017c teraz!","robots":{"index":"index","follow":"follow","max-snippet":"max-snippet:-1","max-image-preview":"max-image-preview:large","max-video-preview":"max-video-preview:-1"},"canonical":"https:\/\/darzdrowia.pl\/ciekawostki\/recenzje-kosmetykow-z-filtrem-uv-dla-skory-wrazliwej-na-slonce\/","og_locale":"pl_PL","og_type":"article","og_title":"Recenzje kosmetyk\u00f3w z filtrem UV dla sk\u00f3ry wra\u017cliwej na s\u0142o\u0144ce.","og_description":"Zapewnij swojej wra\u017cliwej na s\u0142o\u0144ce sk\u00f3rze najlepsz\u0105 ochron\u0119 dzi\u0119ki naszym recenzjom kosmetyk\u00f3w z filtrem UV. Sprawd\u017a, kt\u00f3re produkty s\u0105 najskuteczniejsze i najdelikatniejsze dla Twojej sk\u00f3ry. Dbaj o jej zdrowie i pi\u0119kno ju\u017c teraz!","og_url":"https:\/\/darzdrowia.pl\/ciekawostki\/recenzje-kosmetykow-z-filtrem-uv-dla-skory-wrazliwej-na-slonce\/","og_site_name":"Dar Zdrowia Drogeria - Blog","article_publisher":"https:\/\/www.facebook.com\/profile.php?id=100063606935396","article_published_time":"2024-04-19T12:27:53+00:00","author":"funkymedia","twitter_card":"summary_large_image","twitter_misc":{"Napisane przez":"funkymedia","Szacowany czas czytania":"5 minut"},"schema":{"@context":"https:\/\/schema.org","@graph":[{"@type":"Article","@id":"https:\/\/darzdrowia.pl\/ciekawostki\/recenzje-kosmetykow-z-filtrem-uv-dla-skory-wrazliwej-na-slonce\/#article","isPartOf":{"@id":"https:\/\/darzdrowia.pl\/ciekawostki\/recenzje-kosmetykow-z-filtrem-uv-dla-skory-wrazliwej-na-slonce\/"},"author":{"name":"funkymedia","@id":"https:\/\/darzdrowia.pl\/ciekawostki\/#\/schema\/person\/e75579d624630bf943ac69d374bb928e"},"headline":"Recenzje kosmetyk\u00f3w z filtrem UV dla sk\u00f3ry wra\u017cliwej na s\u0142o\u0144ce.","datePublished":"2024-04-19T12:27:53+00:00","dateModified":"2024-04-19T12:27:53+00:00","mainEntityOfPage":{"@id":"https:\/\/darzdrowia.pl\/ciekawostki\/recenzje-kosmetykow-z-filtrem-uv-dla-skory-wrazliwej-na-slonce\/"},"wordCount":1057,"publisher":{"@id":"https:\/\/darzdrowia.pl\/ciekawostki\/#organization"},"inLanguage":"pl-PL"},{"@type":"WebPage","@id":"https:\/\/darzdrowia.pl\/ciekawostki\/recenzje-kosmetykow-z-filtrem-uv-dla-skory-wrazliwej-na-slonce\/","url":"https:\/\/darzdrowia.pl\/ciekawostki\/recenzje-kosmetykow-z-filtrem-uv-dla-skory-wrazliwej-na-slonce\/","name":"Recenzje kosmetyk\u00f3w z filtrem UV dla sk\u00f3ry wra\u017cliwej na s\u0142o\u0144ce.","isPartOf":{"@id":"https:\/\/darzdrowia.pl\/ciekawostki\/#website"},"datePublished":"2024-04-19T12:27:53+00:00","dateModified":"2024-04-19T12:27:53+00:00","description":"Zapewnij swojej wra\u017cliwej na s\u0142o\u0144ce sk\u00f3rze najlepsz\u0105 ochron\u0119 dzi\u0119ki naszym recenzjom kosmetyk\u00f3w z filtrem UV. Sprawd\u017a, kt\u00f3re produkty s\u0105 najskuteczniejsze i najdelikatniejsze dla Twojej sk\u00f3ry. Dbaj o jej zdrowie i pi\u0119kno ju\u017c teraz!","breadcrumb":{"@id":"https:\/\/darzdrowia.pl\/ciekawostki\/recenzje-kosmetykow-z-filtrem-uv-dla-skory-wrazliwej-na-slonce\/#breadcrumb"},"inLanguage":"pl-PL","potentialAction":[{"@type":"ReadAction","target":["https:\/\/darzdrowia.pl\/ciekawostki\/recenzje-kosmetykow-z-filtrem-uv-dla-skory-wrazliwej-na-slonce\/"]}]},{"@type":"BreadcrumbList","@id":"https:\/\/darzdrowia.pl\/ciekawostki\/recenzje-kosmetykow-z-filtrem-uv-dla-skory-wrazliwej-na-slonce\/#breadcrumb","itemListElement":[{"@type":"ListItem","position":1,"name":"Strona g\u0142\u00f3wna","item":"https:\/\/darzdrowia.pl\/ciekawostki\/"},{"@type":"ListItem","position":2,"name":"Recenzje kosmetyk\u00f3w z filtrem UV dla sk\u00f3ry wra\u017cliwej na s\u0142o\u0144ce."}]},{"@type":"WebSite","@id":"https:\/\/darzdrowia.pl\/ciekawostki\/#website","url":"https:\/\/darzdrowia.pl\/ciekawostki\/","name":"Dar Zdrowia Drogeria - Blog","description":"","publisher":{"@id":"https:\/\/darzdrowia.pl\/ciekawostki\/#organization"},"potentialAction":[{"@type":"SearchAction","target":{"@type":"EntryPoint","urlTemplate":"https:\/\/darzdrowia.pl\/ciekawostki\/?s={search_term_string}"},"query-input":"required name=search_term_string"}],"inLanguage":"pl-PL"},{"@type":"Organization","@id":"https:\/\/darzdrowia.pl\/ciekawostki\/#organization","name":"Dar Zdrowia Drogeria - Blog","url":"https:\/\/darzdrowia.pl\/ciekawostki\/","logo":{"@type":"ImageObject","inLanguage":"pl-PL","@id":"https:\/\/darzdrowia.pl\/ciekawostki\/#\/schema\/logo\/image\/","url":"https:\/\/darzdrowia.pl\/ciekawostki\/wp-content\/uploads\/2023\/11\/logo-darzdrowia.webp","contentUrl":"https:\/\/darzdrowia.pl\/ciekawostki\/wp-content\/uploads\/2023\/11\/logo-darzdrowia.webp","width":744,"height":225,"caption":"Dar Zdrowia Drogeria - Blog"},"image":{"@id":"https:\/\/darzdrowia.pl\/ciekawostki\/#\/schema\/logo\/image\/"},"sameAs":["https:\/\/www.facebook.com\/profile.php?id=100063606935396"]},{"@type":"Person","@id":"https:\/\/darzdrowia.pl\/ciekawostki\/#\/schema\/person\/e75579d624630bf943ac69d374bb928e","name":"funkymedia","image":{"@type":"ImageObject","inLanguage":"pl-PL","@id":"https:\/\/darzdrowia.pl\/ciekawostki\/#\/schema\/person\/image\/","url":"https:\/\/secure.gravatar.com\/avatar\/393cb205b658aef6e3271ad5a92265e3e4433d2384bbe95524ba160d5bc20299?s=96&d=mm&r=g","contentUrl":"https:\/\/secure.gravatar.com\/avatar\/393cb205b658aef6e3271ad5a92265e3e4433d2384bbe95524ba160d5bc20299?s=96&d=mm&r=g","caption":"funkymedia"},"sameAs":["https:\/\/darzdrowia.pl\/ciekawostki"],"url":"https:\/\/darzdrowia.pl\/ciekawostki\/author\/funkymedia\/"}]}},"_links":{"self":[{"href":"https:\/\/darzdrowia.pl\/ciekawostki\/wp-json\/wp\/v2\/posts\/2894","targetHints":{"allow":["GET"]}}],"collection":[{"href":"https:\/\/darzdrowia.pl\/ciekawostki\/wp-json\/wp\/v2\/posts"}],"about":[{"href":"https:\/\/darzdrowia.pl\/ciekawostki\/wp-json\/wp\/v2\/types\/post"}],"author":[{"embeddable":true,"href":"https:\/\/darzdrowia.pl\/ciekawostki\/wp-json\/wp\/v2\/users\/1"}],"replies":[{"embeddable":true,"href":"https:\/\/darzdrowia.pl\/ciekawostki\/wp-json\/wp\/v2\/comments?post=2894"}],"version-history":[{"count":0,"href":"https:\/\/darzdrowia.pl\/ciekawostki\/wp-json\/wp\/v2\/posts\/2894\/revisions"}],"wp:attachment":[{"href":"https:\/\/darzdrowia.pl\/ciekawostki\/wp-json\/wp\/v2\/media?parent=2894"}],"wp:term":[{"taxonomy":"category","embeddable":true,"href":"https:\/\/darzdrowia.pl\/ciekawostki\/wp-json\/wp\/v2\/categories?post=2894"},{"taxonomy":"post_tag","embeddable":true,"href":"https:\/\/darzdrowia.pl\/ciekawostki\/wp-json\/wp\/v2\/tags?post=2894"}],"curies":[{"name":"wp","href":"https:\/\/api.w.org\/{rel}","templated":true}]}}