{"id":2863,"date":"2024-04-19T14:17:41","date_gmt":"2024-04-19T12:17:41","guid":{"rendered":"https:\/\/darzdrowia.pl\/ciekawostki\/trendy-w-kosmetykach-do-pielegnacji-brody-i-zarostu-u-mezczyzn-w-sezonie-zimowym\/"},"modified":"2024-04-19T14:17:41","modified_gmt":"2024-04-19T12:17:41","slug":"trendy-w-kosmetykach-do-pielegnacji-brody-i-zarostu-u-mezczyzn-w-sezonie-zimowym","status":"publish","type":"post","link":"https:\/\/darzdrowia.pl\/ciekawostki\/trendy-w-kosmetykach-do-pielegnacji-brody-i-zarostu-u-mezczyzn-w-sezonie-zimowym\/","title":{"rendered":"Trendy w kosmetykach do piel\u0119gnacji brody i zarostu u m\u0119\u017cczyzn w sezonie zimowym."},"content":{"rendered":"\n<p>Zima to czas, w kt\u00f3rym m\u0119\u017cczy\u017ani szczeg\u00f3lnie dbaj\u0105 o swoj\u0105 brod\u0119 i zarost. Ch\u0142odne powietrze i niskie temperatury mog\u0105 wp\u0142ywa\u0107 negatywnie na kondycj\u0119 sk\u00f3ry twarzy, dlatego coraz wi\u0119cej pan\u00f3w decyduje si\u0119 na stosowanie specjalnych kosmetyk\u00f3w do piel\u0119gnacji brody i zarostu. W sezonie zimowym pojawiaj\u0105 si\u0119 r\u00f3wnie\u017c nowe trendy w tym obszarze, kt\u00f3re warto pozna\u0107. W tym wprowadzeniu przyjrzymy si\u0119 najpopularniejszym trendom w kosmetykach do piel\u0119gnacji brody i zarostu u m\u0119\u017cczyzn w sezonie zimowym.<\/p>\n\n\n\n<h2 class=\"wp-block-heading\">Zimowe trendy w piel\u0119gnacji brody i zarostu u m\u0119\u017cczyzn &#8211; jak zadba\u0107 o swoj\u0105 twarz w ch\u0142odniejszych miesi\u0105cach?<\/h2>\n\n\n\n<p>Zbli\u017caj\u0105 si\u0119 ch\u0142odniejsze miesi\u0105ce, a wraz z nimi zmieniaj\u0105 si\u0119 potrzeby piel\u0119gnacyjne m\u0119\u017cczyzn. W tym sezonie, w\u015br\u00f3d zimowych trend\u00f3w w piel\u0119gnacji brody i zarostu, szczeg\u00f3ln\u0105 uwag\u0119 nale\u017cy zwr\u00f3ci\u0107 na nawil\u017canie i ochron\u0119 sk\u00f3ry twarzy. Wraz z niskimi temperaturami i suchym powietrzem, sk\u00f3ra mo\u017ce sta\u0107 si\u0119 podra\u017cniona i przesuszona, dlatego wa\u017cne jest regularne stosowanie krem\u00f3w nawil\u017caj\u0105cych oraz olejk\u00f3w do brody. Dodatkowo, warto pami\u0119ta\u0107 o regularnym przycinaniu i piel\u0119gnacji zarostu, aby zachowa\u0107 jego zdrowy wygl\u0105d. Warto r\u00f3wnie\u017c unika\u0107 gor\u0105cej wody podczas mycia twarzy oraz stosowa\u0107 produkty z filtrem UV, aby chroni\u0107 sk\u00f3r\u0119 przed szkodliwym dzia\u0142aniem promieni s\u0142onecznych. Pami\u0119tajmy o odpowiedniej piel\u0119gnacji naszej brody i zarostu r\u00f3wnie\u017c w okresie zimowym!<\/p>\n\n\n\n<h2 class=\"wp-block-heading\">Najlepsze produkty do piel\u0119gnacji brody i zarostu na zim\u0119 &#8211; ranking topowych kosmetyk\u00f3w dla m\u0119\u017cczyzn<\/h2>\n\n\n\n<p>Zima to czas, kiedy nasza broda i zarost potrzebuj\u0105 szczeg\u00f3lnej piel\u0119gnacji. Aby utrzyma\u0107 je w dobrej kondycji, warto si\u0119gn\u0105\u0107 po odpowiednie kosmetyki. Oto ranking najlepszych produkt\u00f3w do piel\u0119gnacji brody i zarostu na zim\u0119 dla m\u0119\u017cczyzn:<\/p>\n\n\n\n<p>1. Olejek do brody &#8211; idealny do nawil\u017cenia i od\u017cywienia zarostu oraz sk\u00f3ry twarzy. Wybieraj\u0105c olejek, zwr\u00f3\u0107 uwag\u0119 na jego sk\u0142ad &#8211; powinien zawiera\u0107 naturalne oleje, takie jak jojoba czy arganowy.<\/p>\n\n\n\n<p>2. Balsam do brody &#8211; doskona\u0142y do ujarzmienia pusz\u0105cych si\u0119 w\u0142osk\u00f3w i nadania im po\u0142ysku. Wybieraj balsamy bez alkoholu, kt\u00f3ry mo\u017ce wysusza\u0107 sk\u00f3r\u0119.<\/p>\n\n\n\n<p>3. Szampon do brody &#8211; niezb\u0119dny w codziennej piel\u0119gnacji zarostu. Wybieraj szampony o delikatnym sk\u0142adzie, bez silikon\u00f3w i paraben\u00f3w.<\/p>\n\n\n\n<p>4. Maszynka do trymowania &#8211; nie tylko u\u0142atwi utrzymanie odpowiedniej d\u0142ugo\u015bci w\u0142osk\u00f3w, ale tak\u017ce pomo\u017ce w precyzyjnym modelowaniu kszta\u0142tu brody.<\/p>\n\n\n\n<p>5. Wosk lub pasta modeluj\u0105ca &#8211; przydatne w przypadku d\u0142u\u017cszej brody, pozwalaj\u0105 na jej u\u0142o\u017cenie w po\u017c\u0105dany spos\u00f3b.<\/p>\n\n\n\n<p>Pami\u0119taj r\u00f3wnie\u017c o regularnym przycinaniu ko\u0144c\u00f3wek w\u0142osk\u00f3w oraz nawil\u017caniu sk\u00f3ry pod zarostem. Dzi\u0119ki tym produktom Twoja broda i zarost b\u0119d\u0105 wygl\u0105da\u0107 zdrowo i zadbane przez ca\u0142\u0105 zim\u0119.<\/p>\n\n\n\n<h2 class=\"wp-block-heading\">Broda i zarost w stylu zimowym &#8211; inspiracje i porady dotycz\u0105ce modnych fryzur i stylizacji na sezon zimowy<\/h2>\n\n\n\n<p>Zbli\u017ca si\u0119 zima, a wraz z ni\u0105 czas na zmiany w naszym wygl\u0105dzie. Je\u015bli chcesz wygl\u0105da\u0107 modnie i stylowo, warto zwr\u00f3ci\u0107 uwag\u0119 na brod\u0119 i zarost. W tym sezonie panuje trend na g\u0119ste, bujne brody oraz kr\u00f3tkie, zadbane zarosty. Je\u015bli chcesz wprowadzi\u0107 te elementy do swojej stylizacji, pami\u0119taj o odpowiedniej piel\u0119gnacji. Regularne mycie i nawil\u017canie s\u0105 kluczowe dla utrzymania zdrowego i atrakcyjnego wygl\u0105du brody i zarostu. Mo\u017cesz r\u00f3wnie\u017c skorzysta\u0107 z profesjonalnych us\u0142ug barbera, kt\u00f3ry pomo\u017ce Ci dopasowa\u0107 fryzur\u0119 do Twojego typu urody. Pami\u0119taj te\u017c o dostosowaniu swojej stylizacji do warunk\u00f3w pogodowych &#8211; ciep\u0142e czapki czy szaliki b\u0119d\u0105 nie tylko modnym dodatkiem, ale tak\u017ce ochroni\u0105 Twoj\u0105 brod\u0119 i twarz przed mrozem.<\/p>\n\n\n\n<p>W sezonie zimowym coraz wi\u0119ksz\u0105 popularno\u015b\u0107 zyskuj\u0105 kosmetyki do piel\u0119gnacji brody i zarostu u m\u0119\u017cczyzn. W tym okresie szczeg\u00f3lnie wa\u017cne jest odpowiednie nawil\u017cenie i ochrona przed niskimi temperaturami, dlatego te\u017c producenci kosmetyk\u00f3w skupiaj\u0105 si\u0119 na wprowadzaniu produkt\u00f3w o silniejszym dzia\u0142aniu nawil\u017caj\u0105cym i od\u017cywczym. W\u015br\u00f3d trend\u00f3w w piel\u0119gnacji brody i zarostu w sezonie zimowym mo\u017cna wyr\u00f3\u017cni\u0107 r\u00f3wnie\u017c rosn\u0105c\u0105 popularno\u015b\u0107 naturalnych sk\u0142adnik\u00f3w, takich jak olejki eteryczne czy mas\u0142a ro\u015blinne. Kolejnym istotnym aspektem jest wygoda u\u017cytkowania, dlatego wiele marek wprowadza produkty w formie balsam\u00f3w lub olejk\u00f3w, kt\u00f3re s\u0105 \u0142atwe w aplikacji i nie pozostawiaj\u0105 t\u0142ustej warstwy na sk\u00f3rze. Warto r\u00f3wnie\u017c zwr\u00f3ci\u0107 uwag\u0119 na rosn\u0105c\u0105 \u015bwiadomo\u015b\u0107 m\u0119\u017cczyzn dotycz\u0105c\u0105 piel\u0119gnacji brody i zarostu oraz dba\u0142o\u015bci o ich wygl\u0105d, co przek\u0142ada si\u0119 na coraz wi\u0119kszy wyb\u00f3r produkt\u00f3w dost\u0119pnych na rynku. Podsumowuj\u0105c, trendy w kosmetykach do piel\u0119gnacji brody i zarostu u m\u0119\u017cczyzn w sezonie zimowym to przede wszystkim silniejsze dzia\u0142anie nawil\u017caj\u0105ce, wykorzystanie naturalnych sk\u0142adnik\u00f3w oraz wygoda u\u017cytkowania, a tak\u017ce rosn\u0105ca \u015bwiadomo\u015b\u0107 i dba\u0142o\u015b\u0107 o wygl\u0105d zarostu.<\/p>\n","protected":false},"excerpt":{"rendered":"<p>Zima to czas, w kt\u00f3rym m\u0119\u017cczy\u017ani szczeg\u00f3lnie dbaj\u0105 o swoj\u0105 brod\u0119 i zarost. Ch\u0142odne powietrze i niskie temperatury mog\u0105 wp\u0142ywa\u0107 negatywnie na kondycj\u0119 sk\u00f3ry twarzy, dlatego coraz wi\u0119cej pan\u00f3w decyduje si\u0119 na stosowanie specjalnych kosmetyk\u00f3w do piel\u0119gnacji brody i zarostu. W sezonie zimowym pojawiaj\u0105 si\u0119 r\u00f3wnie\u017c nowe trendy w tym obszarze, kt\u00f3re warto pozna\u0107. W [&hellip;]<\/p>\n","protected":false},"author":1,"featured_media":0,"comment_status":"","ping_status":"open","sticky":false,"template":"","format":"standard","meta":{"footnotes":""},"categories":[1],"tags":[],"class_list":["post-2863","post","type-post","status-publish","format-standard","hentry","category-bez-kategorii"],"fm_meta_title":"Trendy w kosmetykach do piel\u0119gnacji brody i zarostu u m\u0119\u017cczyzn w sezonie zimowym.","fm_meta_description":"Odkryj najnowsze trendy w piel\u0119gnacji brody i zarostu u m\u0119\u017cczyzn na sezon zimowy! Poznaj najlepsze kosmetyki, kt\u00f3re pomog\u0105 Ci zadba\u0107 o swoj\u0105 brod\u0119 w ch\u0142odniejszych miesi\u0105cach. Sprawd\u017a teraz!","yoast_head":"<!-- This site is optimized with the Yoast SEO plugin v21.5 - https:\/\/yoast.com\/wordpress\/plugins\/seo\/ -->\n<title>Trendy w kosmetykach do piel\u0119gnacji brody i zarostu u m\u0119\u017cczyzn w sezonie zimowym.<\/title>\n<meta name=\"description\" content=\"Odkryj najnowsze trendy w piel\u0119gnacji brody i zarostu u m\u0119\u017cczyzn na sezon zimowy! Poznaj najlepsze kosmetyki, kt\u00f3re pomog\u0105 Ci zadba\u0107 o swoj\u0105 brod\u0119 w ch\u0142odniejszych miesi\u0105cach. Sprawd\u017a teraz!\" \/>\n<meta name=\"robots\" content=\"index, follow, max-snippet:-1, max-image-preview:large, max-video-preview:-1\" \/>\n<link rel=\"canonical\" href=\"https:\/\/darzdrowia.pl\/ciekawostki\/trendy-w-kosmetykach-do-pielegnacji-brody-i-zarostu-u-mezczyzn-w-sezonie-zimowym\/\" \/>\n<meta property=\"og:locale\" content=\"pl_PL\" \/>\n<meta property=\"og:type\" content=\"article\" \/>\n<meta property=\"og:title\" content=\"Trendy w kosmetykach do piel\u0119gnacji brody i zarostu u m\u0119\u017cczyzn w sezonie zimowym.\" \/>\n<meta property=\"og:description\" content=\"Odkryj najnowsze trendy w piel\u0119gnacji brody i zarostu u m\u0119\u017cczyzn na sezon zimowy! Poznaj najlepsze kosmetyki, kt\u00f3re pomog\u0105 Ci zadba\u0107 o swoj\u0105 brod\u0119 w ch\u0142odniejszych miesi\u0105cach. Sprawd\u017a teraz!\" \/>\n<meta property=\"og:url\" content=\"https:\/\/darzdrowia.pl\/ciekawostki\/trendy-w-kosmetykach-do-pielegnacji-brody-i-zarostu-u-mezczyzn-w-sezonie-zimowym\/\" \/>\n<meta property=\"og:site_name\" content=\"Dar Zdrowia Drogeria - Blog\" \/>\n<meta property=\"article:publisher\" content=\"https:\/\/www.facebook.com\/profile.php?id=100063606935396\" \/>\n<meta property=\"article:published_time\" content=\"2024-04-19T12:17:41+00:00\" \/>\n<meta name=\"author\" content=\"funkymedia\" \/>\n<meta name=\"twitter:card\" content=\"summary_large_image\" \/>\n<meta name=\"twitter:label1\" content=\"Napisane przez\" \/>\n\t<meta name=\"twitter:data1\" content=\"funkymedia\" \/>\n\t<meta name=\"twitter:label2\" content=\"Szacowany czas czytania\" \/>\n\t<meta name=\"twitter:data2\" content=\"4 minuty\" \/>\n<script type=\"application\/ld+json\" class=\"yoast-schema-graph\">{\"@context\":\"https:\/\/schema.org\",\"@graph\":[{\"@type\":\"Article\",\"@id\":\"https:\/\/darzdrowia.pl\/ciekawostki\/trendy-w-kosmetykach-do-pielegnacji-brody-i-zarostu-u-mezczyzn-w-sezonie-zimowym\/#article\",\"isPartOf\":{\"@id\":\"https:\/\/darzdrowia.pl\/ciekawostki\/trendy-w-kosmetykach-do-pielegnacji-brody-i-zarostu-u-mezczyzn-w-sezonie-zimowym\/\"},\"author\":{\"name\":\"funkymedia\",\"@id\":\"https:\/\/darzdrowia.pl\/ciekawostki\/#\/schema\/person\/e75579d624630bf943ac69d374bb928e\"},\"headline\":\"Trendy w kosmetykach do piel\u0119gnacji brody i zarostu u m\u0119\u017cczyzn w sezonie zimowym.\",\"datePublished\":\"2024-04-19T12:17:41+00:00\",\"dateModified\":\"2024-04-19T12:17:41+00:00\",\"mainEntityOfPage\":{\"@id\":\"https:\/\/darzdrowia.pl\/ciekawostki\/trendy-w-kosmetykach-do-pielegnacji-brody-i-zarostu-u-mezczyzn-w-sezonie-zimowym\/\"},\"wordCount\":868,\"publisher\":{\"@id\":\"https:\/\/darzdrowia.pl\/ciekawostki\/#organization\"},\"inLanguage\":\"pl-PL\"},{\"@type\":\"WebPage\",\"@id\":\"https:\/\/darzdrowia.pl\/ciekawostki\/trendy-w-kosmetykach-do-pielegnacji-brody-i-zarostu-u-mezczyzn-w-sezonie-zimowym\/\",\"url\":\"https:\/\/darzdrowia.pl\/ciekawostki\/trendy-w-kosmetykach-do-pielegnacji-brody-i-zarostu-u-mezczyzn-w-sezonie-zimowym\/\",\"name\":\"Trendy w kosmetykach do piel\u0119gnacji brody i zarostu u m\u0119\u017cczyzn w sezonie zimowym.\",\"isPartOf\":{\"@id\":\"https:\/\/darzdrowia.pl\/ciekawostki\/#website\"},\"datePublished\":\"2024-04-19T12:17:41+00:00\",\"dateModified\":\"2024-04-19T12:17:41+00:00\",\"description\":\"Odkryj najnowsze trendy w piel\u0119gnacji brody i zarostu u m\u0119\u017cczyzn na sezon zimowy! Poznaj najlepsze kosmetyki, kt\u00f3re pomog\u0105 Ci zadba\u0107 o swoj\u0105 brod\u0119 w ch\u0142odniejszych miesi\u0105cach. Sprawd\u017a teraz!\",\"breadcrumb\":{\"@id\":\"https:\/\/darzdrowia.pl\/ciekawostki\/trendy-w-kosmetykach-do-pielegnacji-brody-i-zarostu-u-mezczyzn-w-sezonie-zimowym\/#breadcrumb\"},\"inLanguage\":\"pl-PL\",\"potentialAction\":[{\"@type\":\"ReadAction\",\"target\":[\"https:\/\/darzdrowia.pl\/ciekawostki\/trendy-w-kosmetykach-do-pielegnacji-brody-i-zarostu-u-mezczyzn-w-sezonie-zimowym\/\"]}]},{\"@type\":\"BreadcrumbList\",\"@id\":\"https:\/\/darzdrowia.pl\/ciekawostki\/trendy-w-kosmetykach-do-pielegnacji-brody-i-zarostu-u-mezczyzn-w-sezonie-zimowym\/#breadcrumb\",\"itemListElement\":[{\"@type\":\"ListItem\",\"position\":1,\"name\":\"Strona g\u0142\u00f3wna\",\"item\":\"https:\/\/darzdrowia.pl\/ciekawostki\/\"},{\"@type\":\"ListItem\",\"position\":2,\"name\":\"Trendy w kosmetykach do piel\u0119gnacji brody i zarostu u m\u0119\u017cczyzn w sezonie zimowym.\"}]},{\"@type\":\"WebSite\",\"@id\":\"https:\/\/darzdrowia.pl\/ciekawostki\/#website\",\"url\":\"https:\/\/darzdrowia.pl\/ciekawostki\/\",\"name\":\"Dar Zdrowia Drogeria - Blog\",\"description\":\"\",\"publisher\":{\"@id\":\"https:\/\/darzdrowia.pl\/ciekawostki\/#organization\"},\"potentialAction\":[{\"@type\":\"SearchAction\",\"target\":{\"@type\":\"EntryPoint\",\"urlTemplate\":\"https:\/\/darzdrowia.pl\/ciekawostki\/?s={search_term_string}\"},\"query-input\":\"required name=search_term_string\"}],\"inLanguage\":\"pl-PL\"},{\"@type\":\"Organization\",\"@id\":\"https:\/\/darzdrowia.pl\/ciekawostki\/#organization\",\"name\":\"Dar Zdrowia Drogeria - Blog\",\"url\":\"https:\/\/darzdrowia.pl\/ciekawostki\/\",\"logo\":{\"@type\":\"ImageObject\",\"inLanguage\":\"pl-PL\",\"@id\":\"https:\/\/darzdrowia.pl\/ciekawostki\/#\/schema\/logo\/image\/\",\"url\":\"https:\/\/darzdrowia.pl\/ciekawostki\/wp-content\/uploads\/2023\/11\/logo-darzdrowia.webp\",\"contentUrl\":\"https:\/\/darzdrowia.pl\/ciekawostki\/wp-content\/uploads\/2023\/11\/logo-darzdrowia.webp\",\"width\":744,\"height\":225,\"caption\":\"Dar Zdrowia Drogeria - Blog\"},\"image\":{\"@id\":\"https:\/\/darzdrowia.pl\/ciekawostki\/#\/schema\/logo\/image\/\"},\"sameAs\":[\"https:\/\/www.facebook.com\/profile.php?id=100063606935396\"]},{\"@type\":\"Person\",\"@id\":\"https:\/\/darzdrowia.pl\/ciekawostki\/#\/schema\/person\/e75579d624630bf943ac69d374bb928e\",\"name\":\"funkymedia\",\"image\":{\"@type\":\"ImageObject\",\"inLanguage\":\"pl-PL\",\"@id\":\"https:\/\/darzdrowia.pl\/ciekawostki\/#\/schema\/person\/image\/\",\"url\":\"https:\/\/secure.gravatar.com\/avatar\/393cb205b658aef6e3271ad5a92265e3e4433d2384bbe95524ba160d5bc20299?s=96&d=mm&r=g\",\"contentUrl\":\"https:\/\/secure.gravatar.com\/avatar\/393cb205b658aef6e3271ad5a92265e3e4433d2384bbe95524ba160d5bc20299?s=96&d=mm&r=g\",\"caption\":\"funkymedia\"},\"sameAs\":[\"https:\/\/darzdrowia.pl\/ciekawostki\"],\"url\":\"https:\/\/darzdrowia.pl\/ciekawostki\/author\/funkymedia\/\"}]}<\/script>\n<!-- \/ Yoast SEO plugin. -->","yoast_head_json":{"title":"Trendy w kosmetykach do piel\u0119gnacji brody i zarostu u m\u0119\u017cczyzn w sezonie zimowym.","description":"Odkryj najnowsze trendy w piel\u0119gnacji brody i zarostu u m\u0119\u017cczyzn na sezon zimowy! Poznaj najlepsze kosmetyki, kt\u00f3re pomog\u0105 Ci zadba\u0107 o swoj\u0105 brod\u0119 w ch\u0142odniejszych miesi\u0105cach. Sprawd\u017a teraz!","robots":{"index":"index","follow":"follow","max-snippet":"max-snippet:-1","max-image-preview":"max-image-preview:large","max-video-preview":"max-video-preview:-1"},"canonical":"https:\/\/darzdrowia.pl\/ciekawostki\/trendy-w-kosmetykach-do-pielegnacji-brody-i-zarostu-u-mezczyzn-w-sezonie-zimowym\/","og_locale":"pl_PL","og_type":"article","og_title":"Trendy w kosmetykach do piel\u0119gnacji brody i zarostu u m\u0119\u017cczyzn w sezonie zimowym.","og_description":"Odkryj najnowsze trendy w piel\u0119gnacji brody i zarostu u m\u0119\u017cczyzn na sezon zimowy! Poznaj najlepsze kosmetyki, kt\u00f3re pomog\u0105 Ci zadba\u0107 o swoj\u0105 brod\u0119 w ch\u0142odniejszych miesi\u0105cach. Sprawd\u017a teraz!","og_url":"https:\/\/darzdrowia.pl\/ciekawostki\/trendy-w-kosmetykach-do-pielegnacji-brody-i-zarostu-u-mezczyzn-w-sezonie-zimowym\/","og_site_name":"Dar Zdrowia Drogeria - Blog","article_publisher":"https:\/\/www.facebook.com\/profile.php?id=100063606935396","article_published_time":"2024-04-19T12:17:41+00:00","author":"funkymedia","twitter_card":"summary_large_image","twitter_misc":{"Napisane przez":"funkymedia","Szacowany czas czytania":"4 minuty"},"schema":{"@context":"https:\/\/schema.org","@graph":[{"@type":"Article","@id":"https:\/\/darzdrowia.pl\/ciekawostki\/trendy-w-kosmetykach-do-pielegnacji-brody-i-zarostu-u-mezczyzn-w-sezonie-zimowym\/#article","isPartOf":{"@id":"https:\/\/darzdrowia.pl\/ciekawostki\/trendy-w-kosmetykach-do-pielegnacji-brody-i-zarostu-u-mezczyzn-w-sezonie-zimowym\/"},"author":{"name":"funkymedia","@id":"https:\/\/darzdrowia.pl\/ciekawostki\/#\/schema\/person\/e75579d624630bf943ac69d374bb928e"},"headline":"Trendy w kosmetykach do piel\u0119gnacji brody i zarostu u m\u0119\u017cczyzn w sezonie zimowym.","datePublished":"2024-04-19T12:17:41+00:00","dateModified":"2024-04-19T12:17:41+00:00","mainEntityOfPage":{"@id":"https:\/\/darzdrowia.pl\/ciekawostki\/trendy-w-kosmetykach-do-pielegnacji-brody-i-zarostu-u-mezczyzn-w-sezonie-zimowym\/"},"wordCount":868,"publisher":{"@id":"https:\/\/darzdrowia.pl\/ciekawostki\/#organization"},"inLanguage":"pl-PL"},{"@type":"WebPage","@id":"https:\/\/darzdrowia.pl\/ciekawostki\/trendy-w-kosmetykach-do-pielegnacji-brody-i-zarostu-u-mezczyzn-w-sezonie-zimowym\/","url":"https:\/\/darzdrowia.pl\/ciekawostki\/trendy-w-kosmetykach-do-pielegnacji-brody-i-zarostu-u-mezczyzn-w-sezonie-zimowym\/","name":"Trendy w kosmetykach do piel\u0119gnacji brody i zarostu u m\u0119\u017cczyzn w sezonie zimowym.","isPartOf":{"@id":"https:\/\/darzdrowia.pl\/ciekawostki\/#website"},"datePublished":"2024-04-19T12:17:41+00:00","dateModified":"2024-04-19T12:17:41+00:00","description":"Odkryj najnowsze trendy w piel\u0119gnacji brody i zarostu u m\u0119\u017cczyzn na sezon zimowy! Poznaj najlepsze kosmetyki, kt\u00f3re pomog\u0105 Ci zadba\u0107 o swoj\u0105 brod\u0119 w ch\u0142odniejszych miesi\u0105cach. Sprawd\u017a teraz!","breadcrumb":{"@id":"https:\/\/darzdrowia.pl\/ciekawostki\/trendy-w-kosmetykach-do-pielegnacji-brody-i-zarostu-u-mezczyzn-w-sezonie-zimowym\/#breadcrumb"},"inLanguage":"pl-PL","potentialAction":[{"@type":"ReadAction","target":["https:\/\/darzdrowia.pl\/ciekawostki\/trendy-w-kosmetykach-do-pielegnacji-brody-i-zarostu-u-mezczyzn-w-sezonie-zimowym\/"]}]},{"@type":"BreadcrumbList","@id":"https:\/\/darzdrowia.pl\/ciekawostki\/trendy-w-kosmetykach-do-pielegnacji-brody-i-zarostu-u-mezczyzn-w-sezonie-zimowym\/#breadcrumb","itemListElement":[{"@type":"ListItem","position":1,"name":"Strona g\u0142\u00f3wna","item":"https:\/\/darzdrowia.pl\/ciekawostki\/"},{"@type":"ListItem","position":2,"name":"Trendy w kosmetykach do piel\u0119gnacji brody i zarostu u m\u0119\u017cczyzn w sezonie zimowym."}]},{"@type":"WebSite","@id":"https:\/\/darzdrowia.pl\/ciekawostki\/#website","url":"https:\/\/darzdrowia.pl\/ciekawostki\/","name":"Dar Zdrowia Drogeria - Blog","description":"","publisher":{"@id":"https:\/\/darzdrowia.pl\/ciekawostki\/#organization"},"potentialAction":[{"@type":"SearchAction","target":{"@type":"EntryPoint","urlTemplate":"https:\/\/darzdrowia.pl\/ciekawostki\/?s={search_term_string}"},"query-input":"required name=search_term_string"}],"inLanguage":"pl-PL"},{"@type":"Organization","@id":"https:\/\/darzdrowia.pl\/ciekawostki\/#organization","name":"Dar Zdrowia Drogeria - Blog","url":"https:\/\/darzdrowia.pl\/ciekawostki\/","logo":{"@type":"ImageObject","inLanguage":"pl-PL","@id":"https:\/\/darzdrowia.pl\/ciekawostki\/#\/schema\/logo\/image\/","url":"https:\/\/darzdrowia.pl\/ciekawostki\/wp-content\/uploads\/2023\/11\/logo-darzdrowia.webp","contentUrl":"https:\/\/darzdrowia.pl\/ciekawostki\/wp-content\/uploads\/2023\/11\/logo-darzdrowia.webp","width":744,"height":225,"caption":"Dar Zdrowia Drogeria - Blog"},"image":{"@id":"https:\/\/darzdrowia.pl\/ciekawostki\/#\/schema\/logo\/image\/"},"sameAs":["https:\/\/www.facebook.com\/profile.php?id=100063606935396"]},{"@type":"Person","@id":"https:\/\/darzdrowia.pl\/ciekawostki\/#\/schema\/person\/e75579d624630bf943ac69d374bb928e","name":"funkymedia","image":{"@type":"ImageObject","inLanguage":"pl-PL","@id":"https:\/\/darzdrowia.pl\/ciekawostki\/#\/schema\/person\/image\/","url":"https:\/\/secure.gravatar.com\/avatar\/393cb205b658aef6e3271ad5a92265e3e4433d2384bbe95524ba160d5bc20299?s=96&d=mm&r=g","contentUrl":"https:\/\/secure.gravatar.com\/avatar\/393cb205b658aef6e3271ad5a92265e3e4433d2384bbe95524ba160d5bc20299?s=96&d=mm&r=g","caption":"funkymedia"},"sameAs":["https:\/\/darzdrowia.pl\/ciekawostki"],"url":"https:\/\/darzdrowia.pl\/ciekawostki\/author\/funkymedia\/"}]}},"_links":{"self":[{"href":"https:\/\/darzdrowia.pl\/ciekawostki\/wp-json\/wp\/v2\/posts\/2863","targetHints":{"allow":["GET"]}}],"collection":[{"href":"https:\/\/darzdrowia.pl\/ciekawostki\/wp-json\/wp\/v2\/posts"}],"about":[{"href":"https:\/\/darzdrowia.pl\/ciekawostki\/wp-json\/wp\/v2\/types\/post"}],"author":[{"embeddable":true,"href":"https:\/\/darzdrowia.pl\/ciekawostki\/wp-json\/wp\/v2\/users\/1"}],"replies":[{"embeddable":true,"href":"https:\/\/darzdrowia.pl\/ciekawostki\/wp-json\/wp\/v2\/comments?post=2863"}],"version-history":[{"count":0,"href":"https:\/\/darzdrowia.pl\/ciekawostki\/wp-json\/wp\/v2\/posts\/2863\/revisions"}],"wp:attachment":[{"href":"https:\/\/darzdrowia.pl\/ciekawostki\/wp-json\/wp\/v2\/media?parent=2863"}],"wp:term":[{"taxonomy":"category","embeddable":true,"href":"https:\/\/darzdrowia.pl\/ciekawostki\/wp-json\/wp\/v2\/categories?post=2863"},{"taxonomy":"post_tag","embeddable":true,"href":"https:\/\/darzdrowia.pl\/ciekawostki\/wp-json\/wp\/v2\/tags?post=2863"}],"curies":[{"name":"wp","href":"https:\/\/api.w.org\/{rel}","templated":true}]}}