{"id":2816,"date":"2024-04-19T14:01:44","date_gmt":"2024-04-19T12:01:44","guid":{"rendered":"https:\/\/darzdrowia.pl\/ciekawostki\/trendy-w-stylizacji-wlosow-na-sezon-jesien-zima\/"},"modified":"2024-04-19T14:01:44","modified_gmt":"2024-04-19T12:01:44","slug":"trendy-w-stylizacji-wlosow-na-sezon-jesien-zima","status":"publish","type":"post","link":"https:\/\/darzdrowia.pl\/ciekawostki\/trendy-w-stylizacji-wlosow-na-sezon-jesien-zima\/","title":{"rendered":"Trendy w stylizacji w\u0142os\u00f3w na sezon jesie\u0144\/zima."},"content":{"rendered":"\n<p>Jesie\u0144 i zima to pora roku, kt\u00f3ra przynosi ze sob\u0105 nie tylko zmiany w pogodzie, ale r\u00f3wnie\u017c w modzie. W tym sezonie nie tylko ubrania i dodatki podlegaj\u0105 trendom, ale tak\u017ce stylizacja w\u0142os\u00f3w. W\u0142osy s\u0105 wa\u017cnym elementem naszego wygl\u0105du, dlatego warto \u015bledzi\u0107 najnowsze trendy i dostosowa\u0107 swoj\u0105 fryzur\u0119 do panuj\u0105cej mody. W tym wpisie przyjrzymy si\u0119 najwa\u017cniejszym trendom w stylizacji w\u0142os\u00f3w na sezon jesie\u0144\/zima.<\/p>\n\n\n\n<h2 class=\"wp-block-heading\">5 najmodniejszych fryzur na sezon jesie\u0144\/zima 2021\/2022<\/h2>\n\n\n\n<p>1. Bob z grzywk\u0105 &#8211; klasyczny i ponadczasowy bob w wersji z grzywk\u0105 b\u0119dzie jedn\u0105 z najmodniejszych fryzur na nadchodz\u0105cy sezon. Grzywka mo\u017ce by\u0107 prosta lub asymetryczna, a ca\u0142o\u015b\u0107 uzupe\u0142niona delikatnymi falami.<\/p>\n\n\n\n<p>2. Pixie cut &#8211; kr\u00f3tkie ci\u0119cie, kt\u00f3re od lat cieszy si\u0119 popularno\u015bci\u0105, r\u00f3wnie\u017c w tym sezonie b\u0119dzie na topie. Wersja z d\u0142u\u017cszymi pasmami pozwala na r\u00f3\u017cnorodne stylizacje, a kr\u00f3tka fryzura dodaje charakteru i wyrazisto\u015bci.<\/p>\n\n\n\n<p>3. D\u0142ugie w\u0142osy z grzywk\u0105 &#8211; dla tych, kt\u00f3rzy nie chc\u0105 rezygnowa\u0107 ze swoich d\u0142ugich w\u0142os\u00f3w, idealnym rozwi\u0105zaniem b\u0119dzie dodanie grzywki. Mo\u017ce to by\u0107 g\u0119sta i prosta grzywka lub delikatne pasma uk\u0142adaj\u0105ce si\u0119 na bok.<\/p>\n\n\n\n<p>4. Falowane loki &#8211; naturalne fale i loki b\u0119d\u0105 nadal bardzo modnym trendem w nadchodz\u0105cym sezonie. Mo\u017cna je uzyska\u0107 za pomoc\u0105 lok\u00f3wki lub prostownicy z funkcj\u0105 falowania.<\/p>\n\n\n\n<p>5. Kolorowe akcenty &#8211; jesieni\u0105 i zim\u0105 warto postawi\u0107 na odwa\u017cne kolory we w\u0142osach, takie jak czerwie\u0144, fiolet czy niebieski. Mog\u0105 to by\u0107 subtelne pasemka lub ca\u0142e kosmyki farbowane na wybrany kolor.<\/p>\n\n\n\n<p>Podsumowuj\u0105c, najmodniejsze fryzury na sezon jesie\u0144\/zima 2021\/2022 to bob z grzywk\u0105, pixie cut, d\u0142ugie w\u0142osy z grzywk\u0105, falowane loki oraz kolorowe akcenty. Warto wybra\u0107 fryzur\u0119, kt\u00f3ra b\u0119dzie pasowa\u0107 do naszej osobowo\u015bci i stylu.<\/p>\n\n\n\n<h2 class=\"wp-block-heading\">Kolorowe akcenty we w\u0142osach &#8211; jak wprowadzi\u0107 je do swojej stylizacji na ch\u0142odne miesi\u0105ce?<\/h2>\n\n\n\n<p>Kolorowe akcenty we w\u0142osach s\u0105 \u015bwietnym sposobem na o\u017cywienie stylizacji, szczeg\u00f3lnie w ch\u0142odne miesi\u0105ce. Aby wprowadzi\u0107 je do swojego wygl\u0105du, mo\u017cna skorzysta\u0107 z kilku prostych trik\u00f3w.<\/p>\n\n\n\n<p>Po pierwsze, warto wybra\u0107 ciep\u0142e i intensywne kolory, takie jak czerwie\u0144, burgund czy fiolet. Unikajmy zimnych odcieni, kt\u00f3re mog\u0105 sprawi\u0107, \u017ce nasza stylizacja b\u0119dzie wygl\u0105da\u0107 nieco przygn\u0119biaj\u0105co.<\/p>\n\n\n\n<p>Po drugie, dobrym pomys\u0142em jest wyb\u00f3r jednego koloru i wprowadzenie go w r\u00f3\u017cnych odcieniach. Na przyk\u0142ad, je\u015bli postawimy na czerwie\u0144, mo\u017cemy doda\u0107 do w\u0142os\u00f3w kilka pasemek w r\u00f3\u017cnych odcieniach tego koloru.<\/p>\n\n\n\n<p>Po trzecie, pami\u0119tajmy o r\u00f3wnowadze. Je\u015bli zdecydujemy si\u0119 na intensywne kolory we w\u0142osach, warto zachowa\u0107 spokojniejsz\u0105 palet\u0119 w pozosta\u0142ej cz\u0119\u015bci stroju.<\/p>\n\n\n\n<p>Wreszcie, nie zapominajmy o piel\u0119gnacji w\u0142os\u00f3w. Kolorowe farby mog\u0105 os\u0142abi\u0107 ich kondycj\u0119, dlatego wa\u017cne jest regularne nawil\u017canie i stosowanie od\u017cywek.<\/p>\n\n\n\n<p>Podsumowuj\u0105c: aby wprowadzi\u0107 kolorowe akcenty we w\u0142osach do swojej stylizacji na ch\u0142odne miesi\u0105ce, warto wybra\u0107 ciep\u0142e i intensywne kolory w r\u00f3\u017cnych odcieniach, zachowa\u0107 r\u00f3wnowag\u0119 w pozosta\u0142ej cz\u0119\u015bci stroju oraz zadba\u0107 o odpowiedni\u0105 piel\u0119gnacj\u0119 w\u0142os\u00f3w.<\/p>\n\n\n\n<h2 class=\"wp-block-heading\">Zimowe trendy w piel\u0119gnacji w\u0142os\u00f3w &#8211; jak zadba\u0107 o swoj\u0105 fryzur\u0119 w mro\u017ane dni?<\/h2>\n\n\n\n<p>Zima to czas, kiedy nasze w\u0142osy potrzebuj\u0105 szczeg\u00f3lnej troski. Niskie temperatury, wiatr i suche powietrze mog\u0105 negatywnie wp\u0142yn\u0105\u0107 na ich kondycj\u0119. Dlatego warto zadba\u0107 o odpowiedni\u0105 piel\u0119gnacj\u0119, aby nasza fryzura wygl\u0105da\u0142a pi\u0119knie nawet w mro\u017ane dni.<\/p>\n\n\n\n<p>Przede wszystkim, wa\u017cne jest regularne nawil\u017canie w\u0142os\u00f3w. W tym celu mo\u017cna stosowa\u0107 od\u017cywki i maski nawil\u017caj\u0105ce, a tak\u017ce olejki do ko\u0144c\u00f3wek. Warto r\u00f3wnie\u017c unika\u0107 gor\u0105cego suszenia i cz\u0119stego u\u017cywania prostownicy czy lok\u00f3wki.<\/p>\n\n\n\n<p>Kolejnym wa\u017cnym elementem jest ochrona przed zimnem i wiatrem. Warto nosi\u0107 czapk\u0119 lub szalik, aby chroni\u0107 w\u0142osy przed niskimi temperaturami. Dobrym pomys\u0142em jest r\u00f3wnie\u017c stosowanie specjalnych produkt\u00f3w termoochronnych przed wyj\u015bciem na mr\u00f3z.<\/p>\n\n\n\n<p>W okresie zimowym warto r\u00f3wnie\u017c zadba\u0107 o odpowiedni\u0105 diet\u0119 bogat\u0105 w witaminy i minera\u0142y, kt\u00f3re wp\u0142ywaj\u0105 na kondycj\u0119 w\u0142os\u00f3w. Pami\u0119tajmy r\u00f3wnie\u017c o regularnym przycinaniu ko\u0144c\u00f3wek, aby zapobiec rozdwajaniu si\u0119 w\u0142os\u00f3w.<\/p>\n\n\n\n<p>Podsumowuj\u0105c, zimowe trendy w piel\u0119gnacji w\u0142os\u00f3w to przede wszystkim nawil\u017canie, ochrona przed zimnem oraz odpowiednia dieta. Dzi\u0119ki tym prostym krokom nasza fryzura b\u0119dzie wygl\u0105da\u0142a pi\u0119knie i zdrowo nawet w najzimniejsze dni.<\/p>\n\n\n\n<p>W sezonie jesie\u0144\/zima w stylizacji w\u0142os\u00f3w obserwujemy kilka wyra\u017anych trend\u00f3w. Jednym z nich jest powr\u00f3t do naturalnego wygl\u0105du, czyli prostych i lu\u017anych fryzur, kt\u00f3re podkre\u015blaj\u0105 indywidualno\u015b\u0107 i nie wymagaj\u0105 du\u017cego nak\u0142adu pracy. Kolejnym popularnym stylem s\u0105 romantyczne loki, kt\u00f3re dodaj\u0105 kobiecego uroku i delikatno\u015bci. Wci\u0105\u017c modna jest r\u00f3wnie\u017c grzywka, szczeg\u00f3lnie ta asymetryczna lub prosta na bok. W\u015br\u00f3d kolor\u00f3w w\u0142os\u00f3w dominuj\u0105 ciep\u0142e odcienie br\u0105zu, miedzi i z\u0142ota, ale tak\u017ce odwa\u017cne kolory takie jak r\u00f3\u017cowy czy fioletowy. Wa\u017cn\u0105 rol\u0119 odgrywa tak\u017ce piel\u0119gnacja w\u0142os\u00f3w, dlatego coraz wi\u0119cej os\u00f3b decyduje si\u0119 na naturalne produkty i minimalizuje u\u017cywanie prostownic czy suszarek. Podsumowuj\u0105c, trendy w stylizacji w\u0142os\u00f3w na sezon jesie\u0144\/zima to przede wszystkim naturalno\u015b\u0107, romantyzm oraz dba\u0142o\u015b\u0107 o zdrowy wygl\u0105d w\u0142os\u00f3w.<\/p>\n","protected":false},"excerpt":{"rendered":"<p>Jesie\u0144 i zima to pora roku, kt\u00f3ra przynosi ze sob\u0105 nie tylko zmiany w pogodzie, ale r\u00f3wnie\u017c w modzie. W tym sezonie nie tylko ubrania i dodatki podlegaj\u0105 trendom, ale tak\u017ce stylizacja w\u0142os\u00f3w. W\u0142osy s\u0105 wa\u017cnym elementem naszego wygl\u0105du, dlatego warto \u015bledzi\u0107 najnowsze trendy i dostosowa\u0107 swoj\u0105 fryzur\u0119 do panuj\u0105cej mody. W tym wpisie przyjrzymy [&hellip;]<\/p>\n","protected":false},"author":1,"featured_media":0,"comment_status":"","ping_status":"open","sticky":false,"template":"","format":"standard","meta":{"footnotes":""},"categories":[1],"tags":[],"class_list":["post-2816","post","type-post","status-publish","format-standard","hentry","category-bez-kategorii"],"fm_meta_title":"Trendy w stylizacji w\u0142os\u00f3w na sezon jesie\u0144\/zima.","fm_meta_description":"Odkryj najnowsze trendy w stylizacji w\u0142os\u00f3w na sezon jesie\u0144\/zima! Poznaj najmodniejsze fryzury i kolory, kt\u00f3re b\u0119d\u0105 kr\u00f3lowa\u0107 w tym sezonie. Zainspiruj si\u0119 i zmie\u0144 sw\u00f3j wygl\u0105d ju\u017c teraz!","yoast_head":"<!-- This site is optimized with the Yoast SEO plugin v21.5 - https:\/\/yoast.com\/wordpress\/plugins\/seo\/ -->\n<title>Trendy w stylizacji w\u0142os\u00f3w na sezon jesie\u0144\/zima.<\/title>\n<meta name=\"description\" content=\"Odkryj najnowsze trendy w stylizacji w\u0142os\u00f3w na sezon jesie\u0144\/zima! Poznaj najmodniejsze fryzury i kolory, kt\u00f3re b\u0119d\u0105 kr\u00f3lowa\u0107 w tym sezonie. Zainspiruj si\u0119 i zmie\u0144 sw\u00f3j wygl\u0105d ju\u017c teraz!\" \/>\n<meta name=\"robots\" content=\"index, follow, max-snippet:-1, max-image-preview:large, max-video-preview:-1\" \/>\n<link rel=\"canonical\" href=\"https:\/\/darzdrowia.pl\/ciekawostki\/trendy-w-stylizacji-wlosow-na-sezon-jesien-zima\/\" \/>\n<meta property=\"og:locale\" content=\"pl_PL\" \/>\n<meta property=\"og:type\" content=\"article\" \/>\n<meta property=\"og:title\" content=\"Trendy w stylizacji w\u0142os\u00f3w na sezon jesie\u0144\/zima.\" \/>\n<meta property=\"og:description\" content=\"Odkryj najnowsze trendy w stylizacji w\u0142os\u00f3w na sezon jesie\u0144\/zima! Poznaj najmodniejsze fryzury i kolory, kt\u00f3re b\u0119d\u0105 kr\u00f3lowa\u0107 w tym sezonie. Zainspiruj si\u0119 i zmie\u0144 sw\u00f3j wygl\u0105d ju\u017c teraz!\" \/>\n<meta property=\"og:url\" content=\"https:\/\/darzdrowia.pl\/ciekawostki\/trendy-w-stylizacji-wlosow-na-sezon-jesien-zima\/\" \/>\n<meta property=\"og:site_name\" content=\"Dar Zdrowia Drogeria - Blog\" \/>\n<meta property=\"article:publisher\" content=\"https:\/\/www.facebook.com\/profile.php?id=100063606935396\" \/>\n<meta property=\"article:published_time\" content=\"2024-04-19T12:01:44+00:00\" \/>\n<meta name=\"author\" content=\"funkymedia\" \/>\n<meta name=\"twitter:card\" content=\"summary_large_image\" \/>\n<meta name=\"twitter:label1\" content=\"Napisane przez\" \/>\n\t<meta name=\"twitter:data1\" content=\"funkymedia\" \/>\n\t<meta name=\"twitter:label2\" content=\"Szacowany czas czytania\" \/>\n\t<meta name=\"twitter:data2\" content=\"5 minut\" \/>\n<script type=\"application\/ld+json\" class=\"yoast-schema-graph\">{\"@context\":\"https:\/\/schema.org\",\"@graph\":[{\"@type\":\"Article\",\"@id\":\"https:\/\/darzdrowia.pl\/ciekawostki\/trendy-w-stylizacji-wlosow-na-sezon-jesien-zima\/#article\",\"isPartOf\":{\"@id\":\"https:\/\/darzdrowia.pl\/ciekawostki\/trendy-w-stylizacji-wlosow-na-sezon-jesien-zima\/\"},\"author\":{\"name\":\"funkymedia\",\"@id\":\"https:\/\/darzdrowia.pl\/ciekawostki\/#\/schema\/person\/e75579d624630bf943ac69d374bb928e\"},\"headline\":\"Trendy w stylizacji w\u0142os\u00f3w na sezon jesie\u0144\/zima.\",\"datePublished\":\"2024-04-19T12:01:44+00:00\",\"dateModified\":\"2024-04-19T12:01:44+00:00\",\"mainEntityOfPage\":{\"@id\":\"https:\/\/darzdrowia.pl\/ciekawostki\/trendy-w-stylizacji-wlosow-na-sezon-jesien-zima\/\"},\"wordCount\":936,\"publisher\":{\"@id\":\"https:\/\/darzdrowia.pl\/ciekawostki\/#organization\"},\"inLanguage\":\"pl-PL\"},{\"@type\":\"WebPage\",\"@id\":\"https:\/\/darzdrowia.pl\/ciekawostki\/trendy-w-stylizacji-wlosow-na-sezon-jesien-zima\/\",\"url\":\"https:\/\/darzdrowia.pl\/ciekawostki\/trendy-w-stylizacji-wlosow-na-sezon-jesien-zima\/\",\"name\":\"Trendy w stylizacji w\u0142os\u00f3w na sezon jesie\u0144\/zima.\",\"isPartOf\":{\"@id\":\"https:\/\/darzdrowia.pl\/ciekawostki\/#website\"},\"datePublished\":\"2024-04-19T12:01:44+00:00\",\"dateModified\":\"2024-04-19T12:01:44+00:00\",\"description\":\"Odkryj najnowsze trendy w stylizacji w\u0142os\u00f3w na sezon jesie\u0144\/zima! Poznaj najmodniejsze fryzury i kolory, kt\u00f3re b\u0119d\u0105 kr\u00f3lowa\u0107 w tym sezonie. Zainspiruj si\u0119 i zmie\u0144 sw\u00f3j wygl\u0105d ju\u017c teraz!\",\"breadcrumb\":{\"@id\":\"https:\/\/darzdrowia.pl\/ciekawostki\/trendy-w-stylizacji-wlosow-na-sezon-jesien-zima\/#breadcrumb\"},\"inLanguage\":\"pl-PL\",\"potentialAction\":[{\"@type\":\"ReadAction\",\"target\":[\"https:\/\/darzdrowia.pl\/ciekawostki\/trendy-w-stylizacji-wlosow-na-sezon-jesien-zima\/\"]}]},{\"@type\":\"BreadcrumbList\",\"@id\":\"https:\/\/darzdrowia.pl\/ciekawostki\/trendy-w-stylizacji-wlosow-na-sezon-jesien-zima\/#breadcrumb\",\"itemListElement\":[{\"@type\":\"ListItem\",\"position\":1,\"name\":\"Strona g\u0142\u00f3wna\",\"item\":\"https:\/\/darzdrowia.pl\/ciekawostki\/\"},{\"@type\":\"ListItem\",\"position\":2,\"name\":\"Trendy w stylizacji w\u0142os\u00f3w na sezon jesie\u0144\/zima.\"}]},{\"@type\":\"WebSite\",\"@id\":\"https:\/\/darzdrowia.pl\/ciekawostki\/#website\",\"url\":\"https:\/\/darzdrowia.pl\/ciekawostki\/\",\"name\":\"Dar Zdrowia Drogeria - Blog\",\"description\":\"\",\"publisher\":{\"@id\":\"https:\/\/darzdrowia.pl\/ciekawostki\/#organization\"},\"potentialAction\":[{\"@type\":\"SearchAction\",\"target\":{\"@type\":\"EntryPoint\",\"urlTemplate\":\"https:\/\/darzdrowia.pl\/ciekawostki\/?s={search_term_string}\"},\"query-input\":\"required name=search_term_string\"}],\"inLanguage\":\"pl-PL\"},{\"@type\":\"Organization\",\"@id\":\"https:\/\/darzdrowia.pl\/ciekawostki\/#organization\",\"name\":\"Dar Zdrowia Drogeria - Blog\",\"url\":\"https:\/\/darzdrowia.pl\/ciekawostki\/\",\"logo\":{\"@type\":\"ImageObject\",\"inLanguage\":\"pl-PL\",\"@id\":\"https:\/\/darzdrowia.pl\/ciekawostki\/#\/schema\/logo\/image\/\",\"url\":\"https:\/\/darzdrowia.pl\/ciekawostki\/wp-content\/uploads\/2023\/11\/logo-darzdrowia.webp\",\"contentUrl\":\"https:\/\/darzdrowia.pl\/ciekawostki\/wp-content\/uploads\/2023\/11\/logo-darzdrowia.webp\",\"width\":744,\"height\":225,\"caption\":\"Dar Zdrowia Drogeria - Blog\"},\"image\":{\"@id\":\"https:\/\/darzdrowia.pl\/ciekawostki\/#\/schema\/logo\/image\/\"},\"sameAs\":[\"https:\/\/www.facebook.com\/profile.php?id=100063606935396\"]},{\"@type\":\"Person\",\"@id\":\"https:\/\/darzdrowia.pl\/ciekawostki\/#\/schema\/person\/e75579d624630bf943ac69d374bb928e\",\"name\":\"funkymedia\",\"image\":{\"@type\":\"ImageObject\",\"inLanguage\":\"pl-PL\",\"@id\":\"https:\/\/darzdrowia.pl\/ciekawostki\/#\/schema\/person\/image\/\",\"url\":\"https:\/\/secure.gravatar.com\/avatar\/393cb205b658aef6e3271ad5a92265e3e4433d2384bbe95524ba160d5bc20299?s=96&d=mm&r=g\",\"contentUrl\":\"https:\/\/secure.gravatar.com\/avatar\/393cb205b658aef6e3271ad5a92265e3e4433d2384bbe95524ba160d5bc20299?s=96&d=mm&r=g\",\"caption\":\"funkymedia\"},\"sameAs\":[\"https:\/\/darzdrowia.pl\/ciekawostki\"],\"url\":\"https:\/\/darzdrowia.pl\/ciekawostki\/author\/funkymedia\/\"}]}<\/script>\n<!-- \/ Yoast SEO plugin. -->","yoast_head_json":{"title":"Trendy w stylizacji w\u0142os\u00f3w na sezon jesie\u0144\/zima.","description":"Odkryj najnowsze trendy w stylizacji w\u0142os\u00f3w na sezon jesie\u0144\/zima! Poznaj najmodniejsze fryzury i kolory, kt\u00f3re b\u0119d\u0105 kr\u00f3lowa\u0107 w tym sezonie. Zainspiruj si\u0119 i zmie\u0144 sw\u00f3j wygl\u0105d ju\u017c teraz!","robots":{"index":"index","follow":"follow","max-snippet":"max-snippet:-1","max-image-preview":"max-image-preview:large","max-video-preview":"max-video-preview:-1"},"canonical":"https:\/\/darzdrowia.pl\/ciekawostki\/trendy-w-stylizacji-wlosow-na-sezon-jesien-zima\/","og_locale":"pl_PL","og_type":"article","og_title":"Trendy w stylizacji w\u0142os\u00f3w na sezon jesie\u0144\/zima.","og_description":"Odkryj najnowsze trendy w stylizacji w\u0142os\u00f3w na sezon jesie\u0144\/zima! Poznaj najmodniejsze fryzury i kolory, kt\u00f3re b\u0119d\u0105 kr\u00f3lowa\u0107 w tym sezonie. Zainspiruj si\u0119 i zmie\u0144 sw\u00f3j wygl\u0105d ju\u017c teraz!","og_url":"https:\/\/darzdrowia.pl\/ciekawostki\/trendy-w-stylizacji-wlosow-na-sezon-jesien-zima\/","og_site_name":"Dar Zdrowia Drogeria - Blog","article_publisher":"https:\/\/www.facebook.com\/profile.php?id=100063606935396","article_published_time":"2024-04-19T12:01:44+00:00","author":"funkymedia","twitter_card":"summary_large_image","twitter_misc":{"Napisane przez":"funkymedia","Szacowany czas czytania":"5 minut"},"schema":{"@context":"https:\/\/schema.org","@graph":[{"@type":"Article","@id":"https:\/\/darzdrowia.pl\/ciekawostki\/trendy-w-stylizacji-wlosow-na-sezon-jesien-zima\/#article","isPartOf":{"@id":"https:\/\/darzdrowia.pl\/ciekawostki\/trendy-w-stylizacji-wlosow-na-sezon-jesien-zima\/"},"author":{"name":"funkymedia","@id":"https:\/\/darzdrowia.pl\/ciekawostki\/#\/schema\/person\/e75579d624630bf943ac69d374bb928e"},"headline":"Trendy w stylizacji w\u0142os\u00f3w na sezon jesie\u0144\/zima.","datePublished":"2024-04-19T12:01:44+00:00","dateModified":"2024-04-19T12:01:44+00:00","mainEntityOfPage":{"@id":"https:\/\/darzdrowia.pl\/ciekawostki\/trendy-w-stylizacji-wlosow-na-sezon-jesien-zima\/"},"wordCount":936,"publisher":{"@id":"https:\/\/darzdrowia.pl\/ciekawostki\/#organization"},"inLanguage":"pl-PL"},{"@type":"WebPage","@id":"https:\/\/darzdrowia.pl\/ciekawostki\/trendy-w-stylizacji-wlosow-na-sezon-jesien-zima\/","url":"https:\/\/darzdrowia.pl\/ciekawostki\/trendy-w-stylizacji-wlosow-na-sezon-jesien-zima\/","name":"Trendy w stylizacji w\u0142os\u00f3w na sezon jesie\u0144\/zima.","isPartOf":{"@id":"https:\/\/darzdrowia.pl\/ciekawostki\/#website"},"datePublished":"2024-04-19T12:01:44+00:00","dateModified":"2024-04-19T12:01:44+00:00","description":"Odkryj najnowsze trendy w stylizacji w\u0142os\u00f3w na sezon jesie\u0144\/zima! Poznaj najmodniejsze fryzury i kolory, kt\u00f3re b\u0119d\u0105 kr\u00f3lowa\u0107 w tym sezonie. Zainspiruj si\u0119 i zmie\u0144 sw\u00f3j wygl\u0105d ju\u017c teraz!","breadcrumb":{"@id":"https:\/\/darzdrowia.pl\/ciekawostki\/trendy-w-stylizacji-wlosow-na-sezon-jesien-zima\/#breadcrumb"},"inLanguage":"pl-PL","potentialAction":[{"@type":"ReadAction","target":["https:\/\/darzdrowia.pl\/ciekawostki\/trendy-w-stylizacji-wlosow-na-sezon-jesien-zima\/"]}]},{"@type":"BreadcrumbList","@id":"https:\/\/darzdrowia.pl\/ciekawostki\/trendy-w-stylizacji-wlosow-na-sezon-jesien-zima\/#breadcrumb","itemListElement":[{"@type":"ListItem","position":1,"name":"Strona g\u0142\u00f3wna","item":"https:\/\/darzdrowia.pl\/ciekawostki\/"},{"@type":"ListItem","position":2,"name":"Trendy w stylizacji w\u0142os\u00f3w na sezon jesie\u0144\/zima."}]},{"@type":"WebSite","@id":"https:\/\/darzdrowia.pl\/ciekawostki\/#website","url":"https:\/\/darzdrowia.pl\/ciekawostki\/","name":"Dar Zdrowia Drogeria - Blog","description":"","publisher":{"@id":"https:\/\/darzdrowia.pl\/ciekawostki\/#organization"},"potentialAction":[{"@type":"SearchAction","target":{"@type":"EntryPoint","urlTemplate":"https:\/\/darzdrowia.pl\/ciekawostki\/?s={search_term_string}"},"query-input":"required name=search_term_string"}],"inLanguage":"pl-PL"},{"@type":"Organization","@id":"https:\/\/darzdrowia.pl\/ciekawostki\/#organization","name":"Dar Zdrowia Drogeria - Blog","url":"https:\/\/darzdrowia.pl\/ciekawostki\/","logo":{"@type":"ImageObject","inLanguage":"pl-PL","@id":"https:\/\/darzdrowia.pl\/ciekawostki\/#\/schema\/logo\/image\/","url":"https:\/\/darzdrowia.pl\/ciekawostki\/wp-content\/uploads\/2023\/11\/logo-darzdrowia.webp","contentUrl":"https:\/\/darzdrowia.pl\/ciekawostki\/wp-content\/uploads\/2023\/11\/logo-darzdrowia.webp","width":744,"height":225,"caption":"Dar Zdrowia Drogeria - Blog"},"image":{"@id":"https:\/\/darzdrowia.pl\/ciekawostki\/#\/schema\/logo\/image\/"},"sameAs":["https:\/\/www.facebook.com\/profile.php?id=100063606935396"]},{"@type":"Person","@id":"https:\/\/darzdrowia.pl\/ciekawostki\/#\/schema\/person\/e75579d624630bf943ac69d374bb928e","name":"funkymedia","image":{"@type":"ImageObject","inLanguage":"pl-PL","@id":"https:\/\/darzdrowia.pl\/ciekawostki\/#\/schema\/person\/image\/","url":"https:\/\/secure.gravatar.com\/avatar\/393cb205b658aef6e3271ad5a92265e3e4433d2384bbe95524ba160d5bc20299?s=96&d=mm&r=g","contentUrl":"https:\/\/secure.gravatar.com\/avatar\/393cb205b658aef6e3271ad5a92265e3e4433d2384bbe95524ba160d5bc20299?s=96&d=mm&r=g","caption":"funkymedia"},"sameAs":["https:\/\/darzdrowia.pl\/ciekawostki"],"url":"https:\/\/darzdrowia.pl\/ciekawostki\/author\/funkymedia\/"}]}},"_links":{"self":[{"href":"https:\/\/darzdrowia.pl\/ciekawostki\/wp-json\/wp\/v2\/posts\/2816","targetHints":{"allow":["GET"]}}],"collection":[{"href":"https:\/\/darzdrowia.pl\/ciekawostki\/wp-json\/wp\/v2\/posts"}],"about":[{"href":"https:\/\/darzdrowia.pl\/ciekawostki\/wp-json\/wp\/v2\/types\/post"}],"author":[{"embeddable":true,"href":"https:\/\/darzdrowia.pl\/ciekawostki\/wp-json\/wp\/v2\/users\/1"}],"replies":[{"embeddable":true,"href":"https:\/\/darzdrowia.pl\/ciekawostki\/wp-json\/wp\/v2\/comments?post=2816"}],"version-history":[{"count":0,"href":"https:\/\/darzdrowia.pl\/ciekawostki\/wp-json\/wp\/v2\/posts\/2816\/revisions"}],"wp:attachment":[{"href":"https:\/\/darzdrowia.pl\/ciekawostki\/wp-json\/wp\/v2\/media?parent=2816"}],"wp:term":[{"taxonomy":"category","embeddable":true,"href":"https:\/\/darzdrowia.pl\/ciekawostki\/wp-json\/wp\/v2\/categories?post=2816"},{"taxonomy":"post_tag","embeddable":true,"href":"https:\/\/darzdrowia.pl\/ciekawostki\/wp-json\/wp\/v2\/tags?post=2816"}],"curies":[{"name":"wp","href":"https:\/\/api.w.org\/{rel}","templated":true}]}}