{"id":2795,"date":"2024-04-19T13:54:55","date_gmt":"2024-04-19T11:54:55","guid":{"rendered":"https:\/\/darzdrowia.pl\/ciekawostki\/trendy-w-pielegnacji-wlosow-kreconych-i-falowanych\/"},"modified":"2024-04-19T13:54:55","modified_gmt":"2024-04-19T11:54:55","slug":"trendy-w-pielegnacji-wlosow-kreconych-i-falowanych","status":"publish","type":"post","link":"https:\/\/darzdrowia.pl\/ciekawostki\/trendy-w-pielegnacji-wlosow-kreconych-i-falowanych\/","title":{"rendered":"Trendy w piel\u0119gnacji w\u0142os\u00f3w kr\u0119conych i falowanych."},"content":{"rendered":"\n<p>W dzisiejszych czasach coraz wi\u0119ksz\u0105 popularno\u015b\u0107 zyskuj\u0105 naturalne i pi\u0119kne w\u0142osy kr\u0119cone oraz falowane. Wiele kobiet zaczyna docenia\u0107 swoj\u0105 naturaln\u0105 struktur\u0119 w\u0142os\u00f3w i stawia na piel\u0119gnacj\u0119, kt\u00f3ra podkre\u015bla ich urod\u0119. Dzi\u0119ki temu, na rynku pojawia si\u0119 coraz wi\u0119cej produkt\u00f3w i trend\u00f3w, kt\u00f3re pomagaj\u0105 w utrzymaniu zdrowych i pi\u0119knych lok\u00f3w. W tym wprowadzeniu przyjrzymy si\u0119 bli\u017cej najnowszym trendom w piel\u0119gnacji w\u0142os\u00f3w kr\u0119conych i falowanych oraz dowiemy si\u0119, jakie produkty warto wybra\u0107, aby cieszy\u0107 si\u0119 pi\u0119knymi i zdefiniowanymi lokami.<\/p>\n\n\n\n<h2 class=\"wp-block-heading\">5 najwa\u017cniejszych trend\u00f3w w piel\u0119gnacji w\u0142os\u00f3w kr\u0119conych i falowanych na sezon wiosna\/lato<\/h2>\n\n\n\n<p>1. Naturalno\u015b\u0107 &#8211; coraz wi\u0119ksz\u0105 popularno\u015bci\u0105 ciesz\u0105 si\u0119 naturalne fryzury, dlatego w sezonie wiosna\/lato warto postawi\u0107 na piel\u0119gnacj\u0119 w\u0142os\u00f3w kr\u0119conych i falowanych bez u\u017cycia prostownicy czy lok\u00f3wki.<\/p>\n\n\n\n<p>2. Nawil\u017cenie &#8211; w\u0142osy kr\u0119cone i falowane s\u0105 szczeg\u00f3lnie podatne na przesuszenie, dlatego wa\u017cne jest regularne nawil\u017canie ich odpowiednimi produktami, takimi jak olejki czy maski.<\/p>\n\n\n\n<p>3. Ochrona przed s\u0142o\u0144cem &#8211; promienie UV mog\u0105 negatywnie wp\u0142ywa\u0107 na kondycj\u0119 w\u0142os\u00f3w kr\u0119conych i falowanych, dlatego warto stosowa\u0107 produkty z filtrem UV lub nosi\u0107 nakrycie g\u0142owy w s\u0142oneczne dni.<\/p>\n\n\n\n<p>4. Delikatna stylizacja &#8211; aby unikn\u0105\u0107 uszkodze\u0144 i \u0142amliwo\u015bci w\u0142os\u00f3w, nale\u017cy unika\u0107 agresywnych metod stylizacji, takich jak suszenie gor\u0105cym powietrzem czy cz\u0119ste u\u017cywanie prostownicy.<\/p>\n\n\n\n<p>5. Produkty dedykowane dla w\u0142os\u00f3w kr\u0119conych i falowanych &#8211; coraz wi\u0119cej marek kosmetycznych oferuje specjalistyczne produkty do piel\u0119gnacji tego typu w\u0142os\u00f3w, kt\u00f3re zawieraj\u0105 sk\u0142adniki odpowiednie dla ich struktury i potrzeb. Warto wybra\u0107 takie produkty do codziennej piel\u0119gnacji.<\/p>\n\n\n\n<h2 class=\"wp-block-heading\">Naturalne metody piel\u0119gnacji w\u0142os\u00f3w kr\u0119conych i falowanych &#8211; jak zadba\u0107 o swoje loki bez u\u017cycia chemii?<\/h2>\n\n\n\n<p>W\u0142osy kr\u0119cone i falowane wymagaj\u0105 specjalnej piel\u0119gnacji, aby wygl\u0105da\u0142y zdrowo i pi\u0119knie. Istnieje wiele naturalnych metod, kt\u00f3re pomog\u0105 Ci zadba\u0107 o swoje loki bez konieczno\u015bci u\u017cywania chemii. Oto kilka prostych sposob\u00f3w na piel\u0119gnacj\u0119 w\u0142os\u00f3w kr\u0119conych i falowanych:<\/p>\n\n\n\n<p>1. Unikaj gor\u0105cego suszenia i prostowania w\u0142os\u00f3w &#8211; wysoka temperatura mo\u017ce uszkodzi\u0107 struktur\u0119 w\u0142osa i sprawi\u0107, \u017ce loki b\u0119d\u0105 wygl\u0105da\u0107 matowo i pozbawione obj\u0119to\u015bci.<\/p>\n\n\n\n<p>2. Stosuj od\u017cywki i maski nawil\u017caj\u0105ce &#8211; w\u0142osy kr\u0119cone s\u0105 bardziej podatne na przesuszenie, dlatego wa\u017cne jest regularne nawil\u017canie ich odpowiednimi produktami.<\/p>\n\n\n\n<p>3. U\u017cywaj grzebieni z szerokimi z\u0105bkami lub szczotek do rozczesywania &#8211; unikaj szczotek z metalowymi z\u0105bkami, poniewa\u017c mog\u0105 one powodowa\u0107 \u0142amanie si\u0119 w\u0142os\u00f3w.<\/p>\n\n\n\n<p>4. Wybieraj produkty do stylizacji bez alkoholu &#8211; alkohol mo\u017ce wysusza\u0107 w\u0142osy, dlatego lepiej unika\u0107 go w produktach do stylizacji.<\/p>\n\n\n\n<p>5. Stosuj olejki naturalne &#8211; olejki takie jak kokosowy, arganowy czy jojoba s\u0105 idealne do piel\u0119gnacji w\u0142os\u00f3w kr\u0119conych, poniewa\u017c nawil\u017caj\u0105 je i nadaj\u0105 im blasku.<\/p>\n\n\n\n<p>Pami\u0119taj r\u00f3wnie\u017c o regularnym przycinaniu ko\u0144c\u00f3wek, aby pozby\u0107 si\u0119 rozdwojonych ko\u0144c\u00f3wek i zachowa\u0107 zdrowy wygl\u0105d w\u0142os\u00f3w. Dzi\u0119ki tym prostym metod\u0105 b\u0119dziesz mog\u0142a cieszy\u0107 si\u0119 pi\u0119knymi i zdrowymi lokami bez u\u017cycia chemii.<\/p>\n\n\n\n<h2 class=\"wp-block-heading\">Poradnik dla pocz\u0105tkuj\u0105cych &#8211; jak rozpocz\u0105\u0107 przygod\u0119 z piel\u0119gnacj\u0105 w\u0142os\u00f3w kr\u0119conych i falowanych?<\/h2>\n\n\n\n<p>Je\u015bli masz kr\u0119cone lub falowane w\u0142osy i chcesz zadba\u0107 o ich odpowiedni\u0105 piel\u0119gnacj\u0119, to ten poradnik jest dla Ciebie. Oto kilka prostych krok\u00f3w, kt\u00f3re pomog\u0105 Ci rozpocz\u0105\u0107 przygod\u0119 z piel\u0119gnacj\u0105 swoich lok\u00f3w.<\/p>\n\n\n\n<p>1. Wybierz odpowiednie produkty do piel\u0119gnacji w\u0142os\u00f3w kr\u0119conych i falowanych. Szukaj szampon\u00f3w, od\u017cywek i masek, kt\u00f3re s\u0105 przeznaczone specjalnie dla Twojego typu w\u0142os\u00f3w.<\/p>\n\n\n\n<p>2. Unikaj u\u017cywania gor\u0105cego suszarki do w\u0142os\u00f3w oraz prostownicy lub lok\u00f3wki. Te urz\u0105dzenia mog\u0105 uszkodzi\u0107 Twoje loki i sprawi\u0107, \u017ce b\u0119d\u0105 one wygl\u0105da\u0107 matowo i pozbawione spr\u0119\u017cysto\u015bci.<\/p>\n\n\n\n<p>3. Zastosuj metod\u0119 &#8222;co-washing&#8221;, czyli mycie w\u0142os\u00f3w tylko od\u017cywk\u0105 bez u\u017cycia szamponu. Dzi\u0119ki temu Twoje w\u0142osy b\u0119d\u0105 nawil\u017cone, a loki b\u0119d\u0105 bardziej zdefiniowane.<\/p>\n\n\n\n<p>4. Regularnie stosuj maski do w\u0142os\u00f3w, aby je od\u017cywi\u0107 i wzmocni\u0107. Mo\u017cesz r\u00f3wnie\u017c wypr\u00f3bowa\u0107 domowe sposoby na maski z naturalnych sk\u0142adnik\u00f3w, takich jak olej kokosowy czy awokado.<\/p>\n\n\n\n<p>5. Unikaj szczotkowania lub rozczesywania suchych w\u0142os\u00f3w kr\u0119conych i falowanych &#8211; mo\u017ce to powodowa\u0107 \u0142amanie si\u0119 i puszenie si\u0119 lok\u00f3w. Zamiast tego u\u017cywaj grzebieni z szeroko rozstawionymi z\u0119bami lub po prostu rozczesuj w\u0142osy palcami.<\/p>\n\n\n\n<p>6. Zwr\u00f3\u0107 uwag\u0119 na swoj\u0105 diet\u0119 &#8211; zdrowe i zr\u00f3wnowa\u017cone od\u017cywianie ma wp\u0142yw na wygl\u0105d i kondycj\u0119 Twoich w\u0142os\u00f3w.<\/p>\n\n\n\n<p>Pami\u0119taj, \u017ce piel\u0119gnacja w\u0142os\u00f3w kr\u0119conych i falowanych wymaga cierpliwo\u015bci i regularno\u015bci. Dzi\u0119ki odpowiednim produktom i prostym nawykom Twoje loki b\u0119d\u0105 wygl\u0105da\u0107 pi\u0119knie i zdrowo.<\/p>\n\n\n\n<p>Trendy w piel\u0119gnacji w\u0142os\u00f3w kr\u0119conych i falowanych s\u0105 coraz bardziej popularne w\u015br\u00f3d kobiet o r\u00f3\u017cnych typach w\u0142os\u00f3w. W ostatnich latach zauwa\u017calny jest wzrost zainteresowania naturalnymi i zdrowymi metodami piel\u0119gnacji, a tak\u017ce promowanie r\u00f3\u017cnorodno\u015bci i akceptacji swojego naturalnego wygl\u0105du.<\/p>\n\n\n\n<p>Jednym z najwa\u017cniejszych trend\u00f3w jest dbanie o nawil\u017cenie w\u0142os\u00f3w kr\u0119conych i falowanych. W\u0142osy te s\u0105 cz\u0119sto bardziej suche i podatne na uszkodzenia, dlatego wa\u017cne jest stosowanie odpowiednich produkt\u00f3w nawil\u017caj\u0105cych oraz regularne wykonywanie g\u0142\u0119bokiego od\u017cywiania.<\/p>\n\n\n\n<p>Kolejnym popularnym trendem jest minimalizm w piel\u0119gnacji. Coraz wi\u0119cej os\u00f3b decyduje si\u0119 na prostsze i mniej skomplikowane rutyny piel\u0119gnacyjne, unikaj\u0105c nadmiernego obci\u0105\u017cania w\u0142os\u00f3w produktami. W tym przypadku wa\u017cna jest jednak odpowiednia selekcja kosmetyk\u00f3w, aby zapewni\u0107 w\u0142osom odpowiednie od\u017cywienie.<\/p>\n\n\n\n<p>W ostatnim czasie r\u00f3wnie\u017c coraz wi\u0119ksz\u0105 popularno\u015b\u0107 zyskuj\u0105 produkty naturalne i organiczne. Kobiety szukaj\u0105 bezpieczniejszych alternatyw dla tradycyjnych kosmetyk\u00f3w, a produkty naturalne cz\u0119sto s\u0105 bogate w sk\u0142adniki od\u017cywcze i nie zawieraj\u0105 szkodliwych substancji chemicznych.<\/p>\n\n\n\n<p>Wreszcie, nie mo\u017cna zapomina\u0107 o trendzie akceptacji swojego naturalnego wygl\u0105du. Coraz wi\u0119cej kobiet decyduje si\u0119 na pozostawienie swoich w\u0142os\u00f3w kr\u0119conych lub falowanych w naturalnym stanie, zamiast poddawa\u0107 je regularnym zabiegom prostowania. To wa\u017cny krok w kierunku budowania pozytywnego wizerunku i akceptacji siebie.<\/p>\n\n\n\n<p>Podsumowuj\u0105c, trendy w piel\u0119gnacji w\u0142os\u00f3w kr\u0119conych i falowanych skupiaj\u0105 si\u0119 na zdrowiu i naturalno\u015bci. Nawil\u017cenie, minimalizm, produkty naturalne oraz akceptacja swojego wygl\u0105du s\u0105 kluczowe dla utrzymania pi\u0119knych i zdrowych lok\u00f3w. Wa\u017cne jest r\u00f3wnie\u017c pami\u0119tanie, \u017ce ka\u017cdy typ w\u0142os\u00f3w jest pi\u0119kny i warto docenia\u0107 swoj\u0105 indywidualno\u015b\u0107.<\/p>\n","protected":false},"excerpt":{"rendered":"<p>W dzisiejszych czasach coraz wi\u0119ksz\u0105 popularno\u015b\u0107 zyskuj\u0105 naturalne i pi\u0119kne w\u0142osy kr\u0119cone oraz falowane. Wiele kobiet zaczyna docenia\u0107 swoj\u0105 naturaln\u0105 struktur\u0119 w\u0142os\u00f3w i stawia na piel\u0119gnacj\u0119, kt\u00f3ra podkre\u015bla ich urod\u0119. Dzi\u0119ki temu, na rynku pojawia si\u0119 coraz wi\u0119cej produkt\u00f3w i trend\u00f3w, kt\u00f3re pomagaj\u0105 w utrzymaniu zdrowych i pi\u0119knych lok\u00f3w. W tym wprowadzeniu przyjrzymy si\u0119 bli\u017cej [&hellip;]<\/p>\n","protected":false},"author":1,"featured_media":0,"comment_status":"","ping_status":"open","sticky":false,"template":"","format":"standard","meta":{"footnotes":""},"categories":[1],"tags":[],"class_list":["post-2795","post","type-post","status-publish","format-standard","hentry","category-bez-kategorii"],"fm_meta_title":"Trendy w piel\u0119gnacji w\u0142os\u00f3w kr\u0119conych i falowanych.","fm_meta_description":"Odkryj najnowsze trendy w piel\u0119gnacji w\u0142os\u00f3w kr\u0119conych i falowanych! Poznaj skuteczne sposoby na pi\u0119kne i zdrowe loki oraz fale. Sprawd\u017a nasze porady i produkty, kt\u00f3re pomog\u0105 Ci osi\u0105gn\u0105\u0107 wymarzon\u0105 fryzur\u0119. Zadbaj o swoje kr\u0119cone w\u0142osy ju\u017c dzi\u015b!","yoast_head":"<!-- This site is optimized with the Yoast SEO plugin v21.5 - https:\/\/yoast.com\/wordpress\/plugins\/seo\/ -->\n<title>Trendy w piel\u0119gnacji w\u0142os\u00f3w kr\u0119conych i falowanych.<\/title>\n<meta name=\"description\" content=\"Odkryj najnowsze trendy w piel\u0119gnacji w\u0142os\u00f3w kr\u0119conych i falowanych! Poznaj skuteczne sposoby na pi\u0119kne i zdrowe loki oraz fale. Sprawd\u017a nasze porady i produkty, kt\u00f3re pomog\u0105 Ci osi\u0105gn\u0105\u0107 wymarzon\u0105 fryzur\u0119. Zadbaj o swoje kr\u0119cone w\u0142osy ju\u017c dzi\u015b!\" \/>\n<meta name=\"robots\" content=\"index, follow, max-snippet:-1, max-image-preview:large, max-video-preview:-1\" \/>\n<link rel=\"canonical\" href=\"https:\/\/darzdrowia.pl\/ciekawostki\/trendy-w-pielegnacji-wlosow-kreconych-i-falowanych\/\" \/>\n<meta property=\"og:locale\" content=\"pl_PL\" \/>\n<meta property=\"og:type\" content=\"article\" \/>\n<meta property=\"og:title\" content=\"Trendy w piel\u0119gnacji w\u0142os\u00f3w kr\u0119conych i falowanych.\" \/>\n<meta property=\"og:description\" content=\"Odkryj najnowsze trendy w piel\u0119gnacji w\u0142os\u00f3w kr\u0119conych i falowanych! Poznaj skuteczne sposoby na pi\u0119kne i zdrowe loki oraz fale. Sprawd\u017a nasze porady i produkty, kt\u00f3re pomog\u0105 Ci osi\u0105gn\u0105\u0107 wymarzon\u0105 fryzur\u0119. Zadbaj o swoje kr\u0119cone w\u0142osy ju\u017c dzi\u015b!\" \/>\n<meta property=\"og:url\" content=\"https:\/\/darzdrowia.pl\/ciekawostki\/trendy-w-pielegnacji-wlosow-kreconych-i-falowanych\/\" \/>\n<meta property=\"og:site_name\" content=\"Dar Zdrowia Drogeria - Blog\" \/>\n<meta property=\"article:publisher\" content=\"https:\/\/www.facebook.com\/profile.php?id=100063606935396\" \/>\n<meta property=\"article:published_time\" content=\"2024-04-19T11:54:55+00:00\" \/>\n<meta name=\"author\" content=\"funkymedia\" \/>\n<meta name=\"twitter:card\" content=\"summary_large_image\" \/>\n<meta name=\"twitter:label1\" content=\"Napisane przez\" \/>\n\t<meta name=\"twitter:data1\" content=\"funkymedia\" \/>\n\t<meta name=\"twitter:label2\" content=\"Szacowany czas czytania\" \/>\n\t<meta name=\"twitter:data2\" content=\"6 minut\" \/>\n<script type=\"application\/ld+json\" class=\"yoast-schema-graph\">{\"@context\":\"https:\/\/schema.org\",\"@graph\":[{\"@type\":\"Article\",\"@id\":\"https:\/\/darzdrowia.pl\/ciekawostki\/trendy-w-pielegnacji-wlosow-kreconych-i-falowanych\/#article\",\"isPartOf\":{\"@id\":\"https:\/\/darzdrowia.pl\/ciekawostki\/trendy-w-pielegnacji-wlosow-kreconych-i-falowanych\/\"},\"author\":{\"name\":\"funkymedia\",\"@id\":\"https:\/\/darzdrowia.pl\/ciekawostki\/#\/schema\/person\/e75579d624630bf943ac69d374bb928e\"},\"headline\":\"Trendy w piel\u0119gnacji w\u0142os\u00f3w kr\u0119conych i falowanych.\",\"datePublished\":\"2024-04-19T11:54:55+00:00\",\"dateModified\":\"2024-04-19T11:54:55+00:00\",\"mainEntityOfPage\":{\"@id\":\"https:\/\/darzdrowia.pl\/ciekawostki\/trendy-w-pielegnacji-wlosow-kreconych-i-falowanych\/\"},\"wordCount\":1154,\"publisher\":{\"@id\":\"https:\/\/darzdrowia.pl\/ciekawostki\/#organization\"},\"inLanguage\":\"pl-PL\"},{\"@type\":\"WebPage\",\"@id\":\"https:\/\/darzdrowia.pl\/ciekawostki\/trendy-w-pielegnacji-wlosow-kreconych-i-falowanych\/\",\"url\":\"https:\/\/darzdrowia.pl\/ciekawostki\/trendy-w-pielegnacji-wlosow-kreconych-i-falowanych\/\",\"name\":\"Trendy w piel\u0119gnacji w\u0142os\u00f3w kr\u0119conych i falowanych.\",\"isPartOf\":{\"@id\":\"https:\/\/darzdrowia.pl\/ciekawostki\/#website\"},\"datePublished\":\"2024-04-19T11:54:55+00:00\",\"dateModified\":\"2024-04-19T11:54:55+00:00\",\"description\":\"Odkryj najnowsze trendy w piel\u0119gnacji w\u0142os\u00f3w kr\u0119conych i falowanych! Poznaj skuteczne sposoby na pi\u0119kne i zdrowe loki oraz fale. Sprawd\u017a nasze porady i produkty, kt\u00f3re pomog\u0105 Ci osi\u0105gn\u0105\u0107 wymarzon\u0105 fryzur\u0119. Zadbaj o swoje kr\u0119cone w\u0142osy ju\u017c dzi\u015b!\",\"breadcrumb\":{\"@id\":\"https:\/\/darzdrowia.pl\/ciekawostki\/trendy-w-pielegnacji-wlosow-kreconych-i-falowanych\/#breadcrumb\"},\"inLanguage\":\"pl-PL\",\"potentialAction\":[{\"@type\":\"ReadAction\",\"target\":[\"https:\/\/darzdrowia.pl\/ciekawostki\/trendy-w-pielegnacji-wlosow-kreconych-i-falowanych\/\"]}]},{\"@type\":\"BreadcrumbList\",\"@id\":\"https:\/\/darzdrowia.pl\/ciekawostki\/trendy-w-pielegnacji-wlosow-kreconych-i-falowanych\/#breadcrumb\",\"itemListElement\":[{\"@type\":\"ListItem\",\"position\":1,\"name\":\"Strona g\u0142\u00f3wna\",\"item\":\"https:\/\/darzdrowia.pl\/ciekawostki\/\"},{\"@type\":\"ListItem\",\"position\":2,\"name\":\"Trendy w piel\u0119gnacji w\u0142os\u00f3w kr\u0119conych i falowanych.\"}]},{\"@type\":\"WebSite\",\"@id\":\"https:\/\/darzdrowia.pl\/ciekawostki\/#website\",\"url\":\"https:\/\/darzdrowia.pl\/ciekawostki\/\",\"name\":\"Dar Zdrowia Drogeria - Blog\",\"description\":\"\",\"publisher\":{\"@id\":\"https:\/\/darzdrowia.pl\/ciekawostki\/#organization\"},\"potentialAction\":[{\"@type\":\"SearchAction\",\"target\":{\"@type\":\"EntryPoint\",\"urlTemplate\":\"https:\/\/darzdrowia.pl\/ciekawostki\/?s={search_term_string}\"},\"query-input\":\"required name=search_term_string\"}],\"inLanguage\":\"pl-PL\"},{\"@type\":\"Organization\",\"@id\":\"https:\/\/darzdrowia.pl\/ciekawostki\/#organization\",\"name\":\"Dar Zdrowia Drogeria - Blog\",\"url\":\"https:\/\/darzdrowia.pl\/ciekawostki\/\",\"logo\":{\"@type\":\"ImageObject\",\"inLanguage\":\"pl-PL\",\"@id\":\"https:\/\/darzdrowia.pl\/ciekawostki\/#\/schema\/logo\/image\/\",\"url\":\"https:\/\/darzdrowia.pl\/ciekawostki\/wp-content\/uploads\/2023\/11\/logo-darzdrowia.webp\",\"contentUrl\":\"https:\/\/darzdrowia.pl\/ciekawostki\/wp-content\/uploads\/2023\/11\/logo-darzdrowia.webp\",\"width\":744,\"height\":225,\"caption\":\"Dar Zdrowia Drogeria - Blog\"},\"image\":{\"@id\":\"https:\/\/darzdrowia.pl\/ciekawostki\/#\/schema\/logo\/image\/\"},\"sameAs\":[\"https:\/\/www.facebook.com\/profile.php?id=100063606935396\"]},{\"@type\":\"Person\",\"@id\":\"https:\/\/darzdrowia.pl\/ciekawostki\/#\/schema\/person\/e75579d624630bf943ac69d374bb928e\",\"name\":\"funkymedia\",\"image\":{\"@type\":\"ImageObject\",\"inLanguage\":\"pl-PL\",\"@id\":\"https:\/\/darzdrowia.pl\/ciekawostki\/#\/schema\/person\/image\/\",\"url\":\"https:\/\/secure.gravatar.com\/avatar\/393cb205b658aef6e3271ad5a92265e3e4433d2384bbe95524ba160d5bc20299?s=96&d=mm&r=g\",\"contentUrl\":\"https:\/\/secure.gravatar.com\/avatar\/393cb205b658aef6e3271ad5a92265e3e4433d2384bbe95524ba160d5bc20299?s=96&d=mm&r=g\",\"caption\":\"funkymedia\"},\"sameAs\":[\"https:\/\/darzdrowia.pl\/ciekawostki\"],\"url\":\"https:\/\/darzdrowia.pl\/ciekawostki\/author\/funkymedia\/\"}]}<\/script>\n<!-- \/ Yoast SEO plugin. -->","yoast_head_json":{"title":"Trendy w piel\u0119gnacji w\u0142os\u00f3w kr\u0119conych i falowanych.","description":"Odkryj najnowsze trendy w piel\u0119gnacji w\u0142os\u00f3w kr\u0119conych i falowanych! Poznaj skuteczne sposoby na pi\u0119kne i zdrowe loki oraz fale. Sprawd\u017a nasze porady i produkty, kt\u00f3re pomog\u0105 Ci osi\u0105gn\u0105\u0107 wymarzon\u0105 fryzur\u0119. Zadbaj o swoje kr\u0119cone w\u0142osy ju\u017c dzi\u015b!","robots":{"index":"index","follow":"follow","max-snippet":"max-snippet:-1","max-image-preview":"max-image-preview:large","max-video-preview":"max-video-preview:-1"},"canonical":"https:\/\/darzdrowia.pl\/ciekawostki\/trendy-w-pielegnacji-wlosow-kreconych-i-falowanych\/","og_locale":"pl_PL","og_type":"article","og_title":"Trendy w piel\u0119gnacji w\u0142os\u00f3w kr\u0119conych i falowanych.","og_description":"Odkryj najnowsze trendy w piel\u0119gnacji w\u0142os\u00f3w kr\u0119conych i falowanych! Poznaj skuteczne sposoby na pi\u0119kne i zdrowe loki oraz fale. Sprawd\u017a nasze porady i produkty, kt\u00f3re pomog\u0105 Ci osi\u0105gn\u0105\u0107 wymarzon\u0105 fryzur\u0119. Zadbaj o swoje kr\u0119cone w\u0142osy ju\u017c dzi\u015b!","og_url":"https:\/\/darzdrowia.pl\/ciekawostki\/trendy-w-pielegnacji-wlosow-kreconych-i-falowanych\/","og_site_name":"Dar Zdrowia Drogeria - Blog","article_publisher":"https:\/\/www.facebook.com\/profile.php?id=100063606935396","article_published_time":"2024-04-19T11:54:55+00:00","author":"funkymedia","twitter_card":"summary_large_image","twitter_misc":{"Napisane przez":"funkymedia","Szacowany czas czytania":"6 minut"},"schema":{"@context":"https:\/\/schema.org","@graph":[{"@type":"Article","@id":"https:\/\/darzdrowia.pl\/ciekawostki\/trendy-w-pielegnacji-wlosow-kreconych-i-falowanych\/#article","isPartOf":{"@id":"https:\/\/darzdrowia.pl\/ciekawostki\/trendy-w-pielegnacji-wlosow-kreconych-i-falowanych\/"},"author":{"name":"funkymedia","@id":"https:\/\/darzdrowia.pl\/ciekawostki\/#\/schema\/person\/e75579d624630bf943ac69d374bb928e"},"headline":"Trendy w piel\u0119gnacji w\u0142os\u00f3w kr\u0119conych i falowanych.","datePublished":"2024-04-19T11:54:55+00:00","dateModified":"2024-04-19T11:54:55+00:00","mainEntityOfPage":{"@id":"https:\/\/darzdrowia.pl\/ciekawostki\/trendy-w-pielegnacji-wlosow-kreconych-i-falowanych\/"},"wordCount":1154,"publisher":{"@id":"https:\/\/darzdrowia.pl\/ciekawostki\/#organization"},"inLanguage":"pl-PL"},{"@type":"WebPage","@id":"https:\/\/darzdrowia.pl\/ciekawostki\/trendy-w-pielegnacji-wlosow-kreconych-i-falowanych\/","url":"https:\/\/darzdrowia.pl\/ciekawostki\/trendy-w-pielegnacji-wlosow-kreconych-i-falowanych\/","name":"Trendy w piel\u0119gnacji w\u0142os\u00f3w kr\u0119conych i falowanych.","isPartOf":{"@id":"https:\/\/darzdrowia.pl\/ciekawostki\/#website"},"datePublished":"2024-04-19T11:54:55+00:00","dateModified":"2024-04-19T11:54:55+00:00","description":"Odkryj najnowsze trendy w piel\u0119gnacji w\u0142os\u00f3w kr\u0119conych i falowanych! Poznaj skuteczne sposoby na pi\u0119kne i zdrowe loki oraz fale. Sprawd\u017a nasze porady i produkty, kt\u00f3re pomog\u0105 Ci osi\u0105gn\u0105\u0107 wymarzon\u0105 fryzur\u0119. Zadbaj o swoje kr\u0119cone w\u0142osy ju\u017c dzi\u015b!","breadcrumb":{"@id":"https:\/\/darzdrowia.pl\/ciekawostki\/trendy-w-pielegnacji-wlosow-kreconych-i-falowanych\/#breadcrumb"},"inLanguage":"pl-PL","potentialAction":[{"@type":"ReadAction","target":["https:\/\/darzdrowia.pl\/ciekawostki\/trendy-w-pielegnacji-wlosow-kreconych-i-falowanych\/"]}]},{"@type":"BreadcrumbList","@id":"https:\/\/darzdrowia.pl\/ciekawostki\/trendy-w-pielegnacji-wlosow-kreconych-i-falowanych\/#breadcrumb","itemListElement":[{"@type":"ListItem","position":1,"name":"Strona g\u0142\u00f3wna","item":"https:\/\/darzdrowia.pl\/ciekawostki\/"},{"@type":"ListItem","position":2,"name":"Trendy w piel\u0119gnacji w\u0142os\u00f3w kr\u0119conych i falowanych."}]},{"@type":"WebSite","@id":"https:\/\/darzdrowia.pl\/ciekawostki\/#website","url":"https:\/\/darzdrowia.pl\/ciekawostki\/","name":"Dar Zdrowia Drogeria - Blog","description":"","publisher":{"@id":"https:\/\/darzdrowia.pl\/ciekawostki\/#organization"},"potentialAction":[{"@type":"SearchAction","target":{"@type":"EntryPoint","urlTemplate":"https:\/\/darzdrowia.pl\/ciekawostki\/?s={search_term_string}"},"query-input":"required name=search_term_string"}],"inLanguage":"pl-PL"},{"@type":"Organization","@id":"https:\/\/darzdrowia.pl\/ciekawostki\/#organization","name":"Dar Zdrowia Drogeria - Blog","url":"https:\/\/darzdrowia.pl\/ciekawostki\/","logo":{"@type":"ImageObject","inLanguage":"pl-PL","@id":"https:\/\/darzdrowia.pl\/ciekawostki\/#\/schema\/logo\/image\/","url":"https:\/\/darzdrowia.pl\/ciekawostki\/wp-content\/uploads\/2023\/11\/logo-darzdrowia.webp","contentUrl":"https:\/\/darzdrowia.pl\/ciekawostki\/wp-content\/uploads\/2023\/11\/logo-darzdrowia.webp","width":744,"height":225,"caption":"Dar Zdrowia Drogeria - Blog"},"image":{"@id":"https:\/\/darzdrowia.pl\/ciekawostki\/#\/schema\/logo\/image\/"},"sameAs":["https:\/\/www.facebook.com\/profile.php?id=100063606935396"]},{"@type":"Person","@id":"https:\/\/darzdrowia.pl\/ciekawostki\/#\/schema\/person\/e75579d624630bf943ac69d374bb928e","name":"funkymedia","image":{"@type":"ImageObject","inLanguage":"pl-PL","@id":"https:\/\/darzdrowia.pl\/ciekawostki\/#\/schema\/person\/image\/","url":"https:\/\/secure.gravatar.com\/avatar\/393cb205b658aef6e3271ad5a92265e3e4433d2384bbe95524ba160d5bc20299?s=96&d=mm&r=g","contentUrl":"https:\/\/secure.gravatar.com\/avatar\/393cb205b658aef6e3271ad5a92265e3e4433d2384bbe95524ba160d5bc20299?s=96&d=mm&r=g","caption":"funkymedia"},"sameAs":["https:\/\/darzdrowia.pl\/ciekawostki"],"url":"https:\/\/darzdrowia.pl\/ciekawostki\/author\/funkymedia\/"}]}},"_links":{"self":[{"href":"https:\/\/darzdrowia.pl\/ciekawostki\/wp-json\/wp\/v2\/posts\/2795","targetHints":{"allow":["GET"]}}],"collection":[{"href":"https:\/\/darzdrowia.pl\/ciekawostki\/wp-json\/wp\/v2\/posts"}],"about":[{"href":"https:\/\/darzdrowia.pl\/ciekawostki\/wp-json\/wp\/v2\/types\/post"}],"author":[{"embeddable":true,"href":"https:\/\/darzdrowia.pl\/ciekawostki\/wp-json\/wp\/v2\/users\/1"}],"replies":[{"embeddable":true,"href":"https:\/\/darzdrowia.pl\/ciekawostki\/wp-json\/wp\/v2\/comments?post=2795"}],"version-history":[{"count":0,"href":"https:\/\/darzdrowia.pl\/ciekawostki\/wp-json\/wp\/v2\/posts\/2795\/revisions"}],"wp:attachment":[{"href":"https:\/\/darzdrowia.pl\/ciekawostki\/wp-json\/wp\/v2\/media?parent=2795"}],"wp:term":[{"taxonomy":"category","embeddable":true,"href":"https:\/\/darzdrowia.pl\/ciekawostki\/wp-json\/wp\/v2\/categories?post=2795"},{"taxonomy":"post_tag","embeddable":true,"href":"https:\/\/darzdrowia.pl\/ciekawostki\/wp-json\/wp\/v2\/tags?post=2795"}],"curies":[{"name":"wp","href":"https:\/\/api.w.org\/{rel}","templated":true}]}}