{"id":2718,"date":"2024-04-19T13:25:02","date_gmt":"2024-04-19T11:25:02","guid":{"rendered":"https:\/\/darzdrowia.pl\/ciekawostki\/balsamy-dla-dzieci-z-filtrami-uv-czy-sa-niezbedne\/"},"modified":"2024-04-19T13:25:02","modified_gmt":"2024-04-19T11:25:02","slug":"balsamy-dla-dzieci-z-filtrami-uv-czy-sa-niezbedne","status":"publish","type":"post","link":"https:\/\/darzdrowia.pl\/ciekawostki\/balsamy-dla-dzieci-z-filtrami-uv-czy-sa-niezbedne\/","title":{"rendered":"Balsamy dla dzieci z filtrami UV: czy s\u0105 niezb\u0119dne?"},"content":{"rendered":"\n<p>Balsamy dla dzieci z filtrami UV s\u0105 niezwykle wa\u017cnym produktem w piel\u0119gnacji sk\u00f3ry najm\u0142odszych. W dzisiejszych czasach, kiedy promieniowanie UV jest coraz silniejsze, ochrona przed nim staje si\u0119 niezb\u0119dna dla ka\u017cdego, a zw\u0142aszcza dla dzieci. Dlatego te\u017c coraz wi\u0119cej rodzic\u00f3w decyduje si\u0119 na stosowanie specjalnych balsam\u00f3w z filtrem UV, kt\u00f3re zapewniaj\u0105 skuteczn\u0105 ochron\u0119 przed szkodliwym dzia\u0142aniem s\u0142o\u0144ca. Czy jednak balsamy te s\u0105 rzeczywi\u015bcie niezb\u0119dne? O tym w\u0142a\u015bnie b\u0119dziemy rozmawia\u0107 w dalszej cz\u0119\u015bci tekstu.<\/p>\n\n\n\n<h2 class=\"wp-block-heading\">Zapraszamy w naszym blogu do przetarcia tematu balsam\u00f3w dla dzieci z filtrami UV. Czy s\u0105 one niezb\u0119dne? Odpowied\u017a na to pytanie mo\u017ce by\u0107 zaskakuj\u0105ca, dlatego przygotowali\u015bmy dla Ciebie trzy r\u00f3\u017cne tematy, kt\u00f3re pomog\u0105 Ci zg\u0142\u0119bi\u0107 t\u0119 kwesti\u0119<\/h2>\n\n\n\n<p>Balsamy z filtrem UV dla dzieci &#8211; czy s\u0105 niezb\u0119dne?<\/p>\n\n\n\n<p>Balsamy z filtrem UV dla dzieci s\u0105 coraz cz\u0119\u015bciej polecane przez lekarzy i specjalist\u00f3w od piel\u0119gnacji sk\u00f3ry. Ich zadaniem jest ochrona delikatnej sk\u00f3ry dziecka przed szkodliwym promieniowaniem UV, kt\u00f3re mo\u017ce prowadzi\u0107 do poparze\u0144 s\u0142onecznych, alergii czy nawet raka sk\u00f3ry w przysz\u0142o\u015bci.<\/p>\n\n\n\n<p>Jednak czy faktycznie s\u0105 one niezb\u0119dne? Odpowied\u017a na to pytanie mo\u017ce by\u0107 zaskakuj\u0105ca. Warto wiedzie\u0107, \u017ce sk\u00f3ra dziecka jest cie\u0144sza i bardziej wra\u017cliwa na dzia\u0142anie promieniowania UV ni\u017c sk\u00f3ra doros\u0142ych. Dlatego te\u017c ochrona przed s\u0142o\u0144cem jest szczeg\u00f3lnie wa\u017cna w przypadku najm\u0142odszych.<\/p>\n\n\n\n<p>W naszym blogu przygotowali\u015bmy trzy r\u00f3\u017cne tematy, kt\u00f3re pomog\u0105 Ci zg\u0142\u0119bi\u0107 t\u0119 kwesti\u0119. Dowiesz si\u0119 m.in. jakie s\u0105 rodzaje filtr\u00f3w UV stosowanych w balsamach dla dzieci, jakie s\u0105 zalety i wady ich stosowania oraz jak wybra\u0107 odpowiedni balsam dla swojego dziecka.<\/p>\n\n\n\n<p>Zapraszamy do lektury naszego bloga, gdzie znajdziesz wi\u0119cej informacji na temat balsam\u00f3w z filtrem UV dla dzieci. Pami\u0119tajmy, \u017ce ochrona przed s\u0142o\u0144cem jest niezwykle wa\u017cna dla zdrowia i bezpiecze\u0144stwa naszych najm\u0142odszych.<\/p>\n\n\n\n<h2 class=\"wp-block-heading\">Dlaczego balsamy z filtrem UV s\u0105 wa\u017cne dla dzieci?&#8221; &#8211; w tym artykule om\u00f3wimy, dlaczego ochrona przed promieniowaniem UV jest szczeg\u00f3lnie istotna dla delikatnej sk\u00f3ry dzieci. Przedstawimy r\u00f3wnie\u017c skutki nara\u017cenia sk\u00f3ry dziecka na s\u0142o\u0144ce bez odpowiedniej ochrony oraz jakie korzy\u015bci przynosi stosowanie balsam\u00f3w z filtrem UV<\/h2>\n\n\n\n<p>Dzieci s\u0105 szczeg\u00f3lnie wra\u017cliwe na promieniowanie UV, dlatego wa\u017cne jest, aby chroni\u0107 ich sk\u00f3r\u0119 przed s\u0142o\u0144cem. Nara\u017cenie na promieniowanie UV mo\u017ce prowadzi\u0107 do poparze\u0144 s\u0142onecznych, podra\u017cnie\u0144 sk\u00f3ry oraz zwi\u0119kszonego ryzyka wyst\u0105pienia nowotwor\u00f3w sk\u00f3ry w przysz\u0142o\u015bci. Dlatego te\u017c, stosowanie balsam\u00f3w z filtrem UV jest niezwykle istotne dla dzieci.<\/p>\n\n\n\n<p>Balsamy z filtrem UV zapewniaj\u0105 ochron\u0119 przed szkodliwym promieniowaniem UV, kt\u00f3re mo\u017ce przenika\u0107 przez chmury i nawet w pochmurne dni mo\u017ce by\u0107 niebezpieczne dla delikatnej sk\u00f3ry dziecka. Regularne stosowanie balsam\u00f3w z filtrem UV pomaga zapobiega\u0107 poparzeniom s\u0142onecznym oraz zmniejsza ryzyko wyst\u0105pienia powa\u017cniejszych problem\u00f3w ze sk\u00f3r\u0105 w przysz\u0142o\u015bci.<\/p>\n\n\n\n<p>Ponadto, balsamy z filtrem UV maj\u0105 r\u00f3wnie\u017c inne korzy\u015bci dla sk\u00f3ry dziecka. Chroni\u0105 j\u0105 przed wysuszeniem i utrat\u0105 wilgoci, co jest szczeg\u00f3lnie wa\u017cne podczas d\u0142ugotrwa\u0142ego przebywania na s\u0142o\u0144cu. Dodatkowo, niekt\u00f3re balsamy zawieraj\u0105 sk\u0142adniki od\u017cywcze i nawil\u017caj\u0105ce, kt\u00f3re pomagaj\u0105 utrzyma\u0107 zdrowy wygl\u0105d sk\u00f3ry dziecka.<\/p>\n\n\n\n<p>Podsumowuj\u0105c, balsamy z filtrem UV s\u0105 niezb\u0119dne dla dzieci ze wzgl\u0119du na ich wra\u017cliw\u0105 sk\u00f3r\u0119 oraz ryzyko wyst\u0105pienia powa\u017cniejszych problem\u00f3w ze sk\u00f3r\u0105 w przysz\u0142o\u015bci. Regularne stosowanie balsam\u00f3w z filtrem UV pomaga zapewni\u0107 ochron\u0119 przed szkodliwym promieniowaniem UV oraz utrzyma\u0107 zdrowy wygl\u0105d sk\u00f3ry dziecka.<\/p>\n\n\n\n<h2 class=\"wp-block-heading\">Jak wybra\u0107 odpowiedni balsam z filtrem UV dla dziecka?&#8221; &#8211; w tym wpisie podpowiemy, na co nale\u017cy zwr\u00f3ci\u0107 uwag\u0119 przy wyborze balsamu z filtrem UV dla dziecka. Przedstawimy r\u00f3\u017cnice mi\u0119dzy filtrami chemicznymi a fizycznymi oraz jakie sk\u0142adniki powinny zawiera\u0107 dobrej jako\u015bci balsamy dla dzieci<\/h2>\n\n\n\n<p>Wybieraj\u0105c balsam z filtrem UV dla dziecka, nale\u017cy zwr\u00f3ci\u0107 uwag\u0119 na kilka wa\u017cnych kwestii. Po pierwsze, warto wybra\u0107 produkt specjalnie przeznaczony dla dzieci, poniewa\u017c ich sk\u00f3ra jest delikatniejsza i bardziej wra\u017cliwa na dzia\u0142anie promieni s\u0142onecznych.<\/p>\n\n\n\n<p>Kolejn\u0105 istotn\u0105 rzecz\u0105 jest rodzaj filtra UV. Wyr\u00f3\u017cniamy dwa rodzaje: chemiczne i fizyczne. Filtry chemiczne wnikaj\u0105 w g\u0142\u0105b sk\u00f3ry i absorbuj\u0105 promieniowanie UV, natomiast filtry fizyczne tworz\u0105 na jej powierzchni warstw\u0119 odbijaj\u0105c\u0105 promienie s\u0142oneczne. Dla dzieci lepszym wyborem s\u0105 filtry fizyczne, poniewa\u017c s\u0105 one mniej agresywne dla sk\u00f3ry.<\/p>\n\n\n\n<p>Warto r\u00f3wnie\u017c zwr\u00f3ci\u0107 uwag\u0119 na sk\u0142ad balsamu. Powinien on zawiera\u0107 sk\u0142adniki nawil\u017caj\u0105ce, takie jak gliceryna czy pantenol, oraz substancje \u0142agodz\u0105ce podra\u017cnienia, np. aloes czy rumianek. Unikajmy natomiast produkt\u00f3w z parabenami i silikonami.<\/p>\n\n\n\n<p>Podsumowuj\u0105c, dobry balsam z filtrem UV dla dziecka powinien by\u0107 specjalnie przeznaczony dla najm\u0142odszych, zawiera\u0107 filtry fizyczne oraz sk\u0142adniki nawil\u017caj\u0105ce i \u0142agodz\u0105ce podra\u017cnienia. Pami\u0119tajmy r\u00f3wnie\u017c o regularnym nak\u0142adaniu balsamu i unikaniu ekspozycji na s\u0142o\u0144ce w godzinach najwi\u0119kszego nas\u0142onecznienia.<\/p>\n\n\n\n<p>Balsamy dla dzieci z filtrami UV s\u0105 niezb\u0119dne w codziennej piel\u0119gnacji sk\u00f3ry dziecka, szczeg\u00f3lnie w okresie letnim. Chroni\u0105 one delikatn\u0105 sk\u00f3r\u0119 przed szkodliwym promieniowaniem UV, kt\u00f3re mo\u017ce powodowa\u0107 poparzenia s\u0142oneczne, podra\u017cnienia i przyspieszone starzenie si\u0119 sk\u00f3ry. Dzi\u0119ki zawarto\u015bci filtr\u00f3w UV, balsamy zapewniaj\u0105 skuteczn\u0105 ochron\u0119 przed s\u0142o\u0144cem, jednocze\u015bnie nawil\u017caj\u0105c i od\u017cywiaj\u0105c sk\u00f3r\u0119 dziecka. Warto pami\u0119ta\u0107, \u017ce dzieci s\u0105 szczeg\u00f3lnie wra\u017cliwe na dzia\u0142anie promieniowania UV, dlatego stosowanie balsam\u00f3w z filtrami jest nie tylko wa\u017cne, ale wr\u0119cz niezb\u0119dne dla zachowania zdrowia i pi\u0119kna ich sk\u00f3ry. Dlatego te\u017c warto wybiera\u0107 produkty dedykowane specjalnie dla dzieci, kt\u00f3re s\u0105 bezpieczne i odpowiednio dostosowane do ich potrzeb.<\/p>\n","protected":false},"excerpt":{"rendered":"<p>Balsamy dla dzieci z filtrami UV s\u0105 niezwykle wa\u017cnym produktem w piel\u0119gnacji sk\u00f3ry najm\u0142odszych. W dzisiejszych czasach, kiedy promieniowanie UV jest coraz silniejsze, ochrona przed nim staje si\u0119 niezb\u0119dna dla ka\u017cdego, a zw\u0142aszcza dla dzieci. Dlatego te\u017c coraz wi\u0119cej rodzic\u00f3w decyduje si\u0119 na stosowanie specjalnych balsam\u00f3w z filtrem UV, kt\u00f3re zapewniaj\u0105 skuteczn\u0105 ochron\u0119 przed szkodliwym [&hellip;]<\/p>\n","protected":false},"author":1,"featured_media":0,"comment_status":"","ping_status":"open","sticky":false,"template":"","format":"standard","meta":{"footnotes":""},"categories":[1],"tags":[],"class_list":["post-2718","post","type-post","status-publish","format-standard","hentry","category-bez-kategorii"],"fm_meta_title":"Balsamy dla dzieci z filtrami UV: czy s\u0105 niezb\u0119dne?","fm_meta_description":"Zabezpiecz swoje dziecko przed szkodliwym promieniowaniem UV dzi\u0119ki balsamom z filtrami. Sprawd\u017a, dlaczego s\u0105 niezb\u0119dne dla jego zdrowia i bezpiecze\u0144stwa. Odkryj nasz\u0105 szerok\u0105 gam\u0119 produkt\u00f3w dla najm\u0142odszych!","yoast_head":"<!-- This site is optimized with the Yoast SEO plugin v21.5 - https:\/\/yoast.com\/wordpress\/plugins\/seo\/ -->\n<title>Balsamy dla dzieci z filtrami UV: czy s\u0105 niezb\u0119dne?<\/title>\n<meta name=\"description\" content=\"Zabezpiecz swoje dziecko przed szkodliwym promieniowaniem UV dzi\u0119ki balsamom z filtrami. Sprawd\u017a, dlaczego s\u0105 niezb\u0119dne dla jego zdrowia i bezpiecze\u0144stwa. Odkryj nasz\u0105 szerok\u0105 gam\u0119 produkt\u00f3w dla najm\u0142odszych!\" \/>\n<meta name=\"robots\" content=\"index, follow, max-snippet:-1, max-image-preview:large, max-video-preview:-1\" \/>\n<link rel=\"canonical\" href=\"https:\/\/darzdrowia.pl\/ciekawostki\/balsamy-dla-dzieci-z-filtrami-uv-czy-sa-niezbedne\/\" \/>\n<meta property=\"og:locale\" content=\"pl_PL\" \/>\n<meta property=\"og:type\" content=\"article\" \/>\n<meta property=\"og:title\" content=\"Balsamy dla dzieci z filtrami UV: czy s\u0105 niezb\u0119dne?\" \/>\n<meta property=\"og:description\" content=\"Zabezpiecz swoje dziecko przed szkodliwym promieniowaniem UV dzi\u0119ki balsamom z filtrami. Sprawd\u017a, dlaczego s\u0105 niezb\u0119dne dla jego zdrowia i bezpiecze\u0144stwa. Odkryj nasz\u0105 szerok\u0105 gam\u0119 produkt\u00f3w dla najm\u0142odszych!\" \/>\n<meta property=\"og:url\" content=\"https:\/\/darzdrowia.pl\/ciekawostki\/balsamy-dla-dzieci-z-filtrami-uv-czy-sa-niezbedne\/\" \/>\n<meta property=\"og:site_name\" content=\"Dar Zdrowia Drogeria - Blog\" \/>\n<meta property=\"article:publisher\" content=\"https:\/\/www.facebook.com\/profile.php?id=100063606935396\" \/>\n<meta property=\"article:published_time\" content=\"2024-04-19T11:25:02+00:00\" \/>\n<meta name=\"author\" content=\"funkymedia\" \/>\n<meta name=\"twitter:card\" content=\"summary_large_image\" \/>\n<meta name=\"twitter:label1\" content=\"Napisane przez\" \/>\n\t<meta name=\"twitter:data1\" content=\"funkymedia\" \/>\n\t<meta name=\"twitter:label2\" content=\"Szacowany czas czytania\" \/>\n\t<meta name=\"twitter:data2\" content=\"5 minut\" \/>\n<script type=\"application\/ld+json\" class=\"yoast-schema-graph\">{\"@context\":\"https:\/\/schema.org\",\"@graph\":[{\"@type\":\"Article\",\"@id\":\"https:\/\/darzdrowia.pl\/ciekawostki\/balsamy-dla-dzieci-z-filtrami-uv-czy-sa-niezbedne\/#article\",\"isPartOf\":{\"@id\":\"https:\/\/darzdrowia.pl\/ciekawostki\/balsamy-dla-dzieci-z-filtrami-uv-czy-sa-niezbedne\/\"},\"author\":{\"name\":\"funkymedia\",\"@id\":\"https:\/\/darzdrowia.pl\/ciekawostki\/#\/schema\/person\/e75579d624630bf943ac69d374bb928e\"},\"headline\":\"Balsamy dla dzieci z filtrami UV: czy s\u0105 niezb\u0119dne?\",\"datePublished\":\"2024-04-19T11:25:02+00:00\",\"dateModified\":\"2024-04-19T11:25:02+00:00\",\"mainEntityOfPage\":{\"@id\":\"https:\/\/darzdrowia.pl\/ciekawostki\/balsamy-dla-dzieci-z-filtrami-uv-czy-sa-niezbedne\/\"},\"wordCount\":1022,\"publisher\":{\"@id\":\"https:\/\/darzdrowia.pl\/ciekawostki\/#organization\"},\"inLanguage\":\"pl-PL\"},{\"@type\":\"WebPage\",\"@id\":\"https:\/\/darzdrowia.pl\/ciekawostki\/balsamy-dla-dzieci-z-filtrami-uv-czy-sa-niezbedne\/\",\"url\":\"https:\/\/darzdrowia.pl\/ciekawostki\/balsamy-dla-dzieci-z-filtrami-uv-czy-sa-niezbedne\/\",\"name\":\"Balsamy dla dzieci z filtrami UV: czy s\u0105 niezb\u0119dne?\",\"isPartOf\":{\"@id\":\"https:\/\/darzdrowia.pl\/ciekawostki\/#website\"},\"datePublished\":\"2024-04-19T11:25:02+00:00\",\"dateModified\":\"2024-04-19T11:25:02+00:00\",\"description\":\"Zabezpiecz swoje dziecko przed szkodliwym promieniowaniem UV dzi\u0119ki balsamom z filtrami. Sprawd\u017a, dlaczego s\u0105 niezb\u0119dne dla jego zdrowia i bezpiecze\u0144stwa. Odkryj nasz\u0105 szerok\u0105 gam\u0119 produkt\u00f3w dla najm\u0142odszych!\",\"breadcrumb\":{\"@id\":\"https:\/\/darzdrowia.pl\/ciekawostki\/balsamy-dla-dzieci-z-filtrami-uv-czy-sa-niezbedne\/#breadcrumb\"},\"inLanguage\":\"pl-PL\",\"potentialAction\":[{\"@type\":\"ReadAction\",\"target\":[\"https:\/\/darzdrowia.pl\/ciekawostki\/balsamy-dla-dzieci-z-filtrami-uv-czy-sa-niezbedne\/\"]}]},{\"@type\":\"BreadcrumbList\",\"@id\":\"https:\/\/darzdrowia.pl\/ciekawostki\/balsamy-dla-dzieci-z-filtrami-uv-czy-sa-niezbedne\/#breadcrumb\",\"itemListElement\":[{\"@type\":\"ListItem\",\"position\":1,\"name\":\"Strona g\u0142\u00f3wna\",\"item\":\"https:\/\/darzdrowia.pl\/ciekawostki\/\"},{\"@type\":\"ListItem\",\"position\":2,\"name\":\"Balsamy dla dzieci z filtrami UV: czy s\u0105 niezb\u0119dne?\"}]},{\"@type\":\"WebSite\",\"@id\":\"https:\/\/darzdrowia.pl\/ciekawostki\/#website\",\"url\":\"https:\/\/darzdrowia.pl\/ciekawostki\/\",\"name\":\"Dar Zdrowia Drogeria - Blog\",\"description\":\"\",\"publisher\":{\"@id\":\"https:\/\/darzdrowia.pl\/ciekawostki\/#organization\"},\"potentialAction\":[{\"@type\":\"SearchAction\",\"target\":{\"@type\":\"EntryPoint\",\"urlTemplate\":\"https:\/\/darzdrowia.pl\/ciekawostki\/?s={search_term_string}\"},\"query-input\":\"required name=search_term_string\"}],\"inLanguage\":\"pl-PL\"},{\"@type\":\"Organization\",\"@id\":\"https:\/\/darzdrowia.pl\/ciekawostki\/#organization\",\"name\":\"Dar Zdrowia Drogeria - Blog\",\"url\":\"https:\/\/darzdrowia.pl\/ciekawostki\/\",\"logo\":{\"@type\":\"ImageObject\",\"inLanguage\":\"pl-PL\",\"@id\":\"https:\/\/darzdrowia.pl\/ciekawostki\/#\/schema\/logo\/image\/\",\"url\":\"https:\/\/darzdrowia.pl\/ciekawostki\/wp-content\/uploads\/2023\/11\/logo-darzdrowia.webp\",\"contentUrl\":\"https:\/\/darzdrowia.pl\/ciekawostki\/wp-content\/uploads\/2023\/11\/logo-darzdrowia.webp\",\"width\":744,\"height\":225,\"caption\":\"Dar Zdrowia Drogeria - Blog\"},\"image\":{\"@id\":\"https:\/\/darzdrowia.pl\/ciekawostki\/#\/schema\/logo\/image\/\"},\"sameAs\":[\"https:\/\/www.facebook.com\/profile.php?id=100063606935396\"]},{\"@type\":\"Person\",\"@id\":\"https:\/\/darzdrowia.pl\/ciekawostki\/#\/schema\/person\/e75579d624630bf943ac69d374bb928e\",\"name\":\"funkymedia\",\"image\":{\"@type\":\"ImageObject\",\"inLanguage\":\"pl-PL\",\"@id\":\"https:\/\/darzdrowia.pl\/ciekawostki\/#\/schema\/person\/image\/\",\"url\":\"https:\/\/secure.gravatar.com\/avatar\/393cb205b658aef6e3271ad5a92265e3e4433d2384bbe95524ba160d5bc20299?s=96&d=mm&r=g\",\"contentUrl\":\"https:\/\/secure.gravatar.com\/avatar\/393cb205b658aef6e3271ad5a92265e3e4433d2384bbe95524ba160d5bc20299?s=96&d=mm&r=g\",\"caption\":\"funkymedia\"},\"sameAs\":[\"https:\/\/darzdrowia.pl\/ciekawostki\"],\"url\":\"https:\/\/darzdrowia.pl\/ciekawostki\/author\/funkymedia\/\"}]}<\/script>\n<!-- \/ Yoast SEO plugin. -->","yoast_head_json":{"title":"Balsamy dla dzieci z filtrami UV: czy s\u0105 niezb\u0119dne?","description":"Zabezpiecz swoje dziecko przed szkodliwym promieniowaniem UV dzi\u0119ki balsamom z filtrami. Sprawd\u017a, dlaczego s\u0105 niezb\u0119dne dla jego zdrowia i bezpiecze\u0144stwa. Odkryj nasz\u0105 szerok\u0105 gam\u0119 produkt\u00f3w dla najm\u0142odszych!","robots":{"index":"index","follow":"follow","max-snippet":"max-snippet:-1","max-image-preview":"max-image-preview:large","max-video-preview":"max-video-preview:-1"},"canonical":"https:\/\/darzdrowia.pl\/ciekawostki\/balsamy-dla-dzieci-z-filtrami-uv-czy-sa-niezbedne\/","og_locale":"pl_PL","og_type":"article","og_title":"Balsamy dla dzieci z filtrami UV: czy s\u0105 niezb\u0119dne?","og_description":"Zabezpiecz swoje dziecko przed szkodliwym promieniowaniem UV dzi\u0119ki balsamom z filtrami. Sprawd\u017a, dlaczego s\u0105 niezb\u0119dne dla jego zdrowia i bezpiecze\u0144stwa. Odkryj nasz\u0105 szerok\u0105 gam\u0119 produkt\u00f3w dla najm\u0142odszych!","og_url":"https:\/\/darzdrowia.pl\/ciekawostki\/balsamy-dla-dzieci-z-filtrami-uv-czy-sa-niezbedne\/","og_site_name":"Dar Zdrowia Drogeria - Blog","article_publisher":"https:\/\/www.facebook.com\/profile.php?id=100063606935396","article_published_time":"2024-04-19T11:25:02+00:00","author":"funkymedia","twitter_card":"summary_large_image","twitter_misc":{"Napisane przez":"funkymedia","Szacowany czas czytania":"5 minut"},"schema":{"@context":"https:\/\/schema.org","@graph":[{"@type":"Article","@id":"https:\/\/darzdrowia.pl\/ciekawostki\/balsamy-dla-dzieci-z-filtrami-uv-czy-sa-niezbedne\/#article","isPartOf":{"@id":"https:\/\/darzdrowia.pl\/ciekawostki\/balsamy-dla-dzieci-z-filtrami-uv-czy-sa-niezbedne\/"},"author":{"name":"funkymedia","@id":"https:\/\/darzdrowia.pl\/ciekawostki\/#\/schema\/person\/e75579d624630bf943ac69d374bb928e"},"headline":"Balsamy dla dzieci z filtrami UV: czy s\u0105 niezb\u0119dne?","datePublished":"2024-04-19T11:25:02+00:00","dateModified":"2024-04-19T11:25:02+00:00","mainEntityOfPage":{"@id":"https:\/\/darzdrowia.pl\/ciekawostki\/balsamy-dla-dzieci-z-filtrami-uv-czy-sa-niezbedne\/"},"wordCount":1022,"publisher":{"@id":"https:\/\/darzdrowia.pl\/ciekawostki\/#organization"},"inLanguage":"pl-PL"},{"@type":"WebPage","@id":"https:\/\/darzdrowia.pl\/ciekawostki\/balsamy-dla-dzieci-z-filtrami-uv-czy-sa-niezbedne\/","url":"https:\/\/darzdrowia.pl\/ciekawostki\/balsamy-dla-dzieci-z-filtrami-uv-czy-sa-niezbedne\/","name":"Balsamy dla dzieci z filtrami UV: czy s\u0105 niezb\u0119dne?","isPartOf":{"@id":"https:\/\/darzdrowia.pl\/ciekawostki\/#website"},"datePublished":"2024-04-19T11:25:02+00:00","dateModified":"2024-04-19T11:25:02+00:00","description":"Zabezpiecz swoje dziecko przed szkodliwym promieniowaniem UV dzi\u0119ki balsamom z filtrami. Sprawd\u017a, dlaczego s\u0105 niezb\u0119dne dla jego zdrowia i bezpiecze\u0144stwa. Odkryj nasz\u0105 szerok\u0105 gam\u0119 produkt\u00f3w dla najm\u0142odszych!","breadcrumb":{"@id":"https:\/\/darzdrowia.pl\/ciekawostki\/balsamy-dla-dzieci-z-filtrami-uv-czy-sa-niezbedne\/#breadcrumb"},"inLanguage":"pl-PL","potentialAction":[{"@type":"ReadAction","target":["https:\/\/darzdrowia.pl\/ciekawostki\/balsamy-dla-dzieci-z-filtrami-uv-czy-sa-niezbedne\/"]}]},{"@type":"BreadcrumbList","@id":"https:\/\/darzdrowia.pl\/ciekawostki\/balsamy-dla-dzieci-z-filtrami-uv-czy-sa-niezbedne\/#breadcrumb","itemListElement":[{"@type":"ListItem","position":1,"name":"Strona g\u0142\u00f3wna","item":"https:\/\/darzdrowia.pl\/ciekawostki\/"},{"@type":"ListItem","position":2,"name":"Balsamy dla dzieci z filtrami UV: czy s\u0105 niezb\u0119dne?"}]},{"@type":"WebSite","@id":"https:\/\/darzdrowia.pl\/ciekawostki\/#website","url":"https:\/\/darzdrowia.pl\/ciekawostki\/","name":"Dar Zdrowia Drogeria - Blog","description":"","publisher":{"@id":"https:\/\/darzdrowia.pl\/ciekawostki\/#organization"},"potentialAction":[{"@type":"SearchAction","target":{"@type":"EntryPoint","urlTemplate":"https:\/\/darzdrowia.pl\/ciekawostki\/?s={search_term_string}"},"query-input":"required name=search_term_string"}],"inLanguage":"pl-PL"},{"@type":"Organization","@id":"https:\/\/darzdrowia.pl\/ciekawostki\/#organization","name":"Dar Zdrowia Drogeria - Blog","url":"https:\/\/darzdrowia.pl\/ciekawostki\/","logo":{"@type":"ImageObject","inLanguage":"pl-PL","@id":"https:\/\/darzdrowia.pl\/ciekawostki\/#\/schema\/logo\/image\/","url":"https:\/\/darzdrowia.pl\/ciekawostki\/wp-content\/uploads\/2023\/11\/logo-darzdrowia.webp","contentUrl":"https:\/\/darzdrowia.pl\/ciekawostki\/wp-content\/uploads\/2023\/11\/logo-darzdrowia.webp","width":744,"height":225,"caption":"Dar Zdrowia Drogeria - Blog"},"image":{"@id":"https:\/\/darzdrowia.pl\/ciekawostki\/#\/schema\/logo\/image\/"},"sameAs":["https:\/\/www.facebook.com\/profile.php?id=100063606935396"]},{"@type":"Person","@id":"https:\/\/darzdrowia.pl\/ciekawostki\/#\/schema\/person\/e75579d624630bf943ac69d374bb928e","name":"funkymedia","image":{"@type":"ImageObject","inLanguage":"pl-PL","@id":"https:\/\/darzdrowia.pl\/ciekawostki\/#\/schema\/person\/image\/","url":"https:\/\/secure.gravatar.com\/avatar\/393cb205b658aef6e3271ad5a92265e3e4433d2384bbe95524ba160d5bc20299?s=96&d=mm&r=g","contentUrl":"https:\/\/secure.gravatar.com\/avatar\/393cb205b658aef6e3271ad5a92265e3e4433d2384bbe95524ba160d5bc20299?s=96&d=mm&r=g","caption":"funkymedia"},"sameAs":["https:\/\/darzdrowia.pl\/ciekawostki"],"url":"https:\/\/darzdrowia.pl\/ciekawostki\/author\/funkymedia\/"}]}},"_links":{"self":[{"href":"https:\/\/darzdrowia.pl\/ciekawostki\/wp-json\/wp\/v2\/posts\/2718","targetHints":{"allow":["GET"]}}],"collection":[{"href":"https:\/\/darzdrowia.pl\/ciekawostki\/wp-json\/wp\/v2\/posts"}],"about":[{"href":"https:\/\/darzdrowia.pl\/ciekawostki\/wp-json\/wp\/v2\/types\/post"}],"author":[{"embeddable":true,"href":"https:\/\/darzdrowia.pl\/ciekawostki\/wp-json\/wp\/v2\/users\/1"}],"replies":[{"embeddable":true,"href":"https:\/\/darzdrowia.pl\/ciekawostki\/wp-json\/wp\/v2\/comments?post=2718"}],"version-history":[{"count":0,"href":"https:\/\/darzdrowia.pl\/ciekawostki\/wp-json\/wp\/v2\/posts\/2718\/revisions"}],"wp:attachment":[{"href":"https:\/\/darzdrowia.pl\/ciekawostki\/wp-json\/wp\/v2\/media?parent=2718"}],"wp:term":[{"taxonomy":"category","embeddable":true,"href":"https:\/\/darzdrowia.pl\/ciekawostki\/wp-json\/wp\/v2\/categories?post=2718"},{"taxonomy":"post_tag","embeddable":true,"href":"https:\/\/darzdrowia.pl\/ciekawostki\/wp-json\/wp\/v2\/tags?post=2718"}],"curies":[{"name":"wp","href":"https:\/\/api.w.org\/{rel}","templated":true}]}}