{"id":2694,"date":"2024-04-19T13:03:36","date_gmt":"2024-04-19T11:03:36","guid":{"rendered":"https:\/\/darzdrowia.pl\/ciekawostki\/czy-mezczyzni-powinni-stosowac-kremy-nawilzajace-z-filtrem-uv-na-co-dzien\/"},"modified":"2024-04-19T13:03:36","modified_gmt":"2024-04-19T11:03:36","slug":"czy-mezczyzni-powinni-stosowac-kremy-nawilzajace-z-filtrem-uv-na-co-dzien","status":"publish","type":"post","link":"https:\/\/darzdrowia.pl\/ciekawostki\/czy-mezczyzni-powinni-stosowac-kremy-nawilzajace-z-filtrem-uv-na-co-dzien\/","title":{"rendered":"Czy m\u0119\u017cczy\u017ani powinni stosowa\u0107 kremy nawil\u017caj\u0105ce z filtrem UV na co dzie\u0144?"},"content":{"rendered":"\n<p>W dzisiejszych czasach coraz wi\u0119ksz\u0105 uwag\u0119 zwraca si\u0119 na piel\u0119gnacj\u0119 sk\u00f3ry, zar\u00f3wno u kobiet, jak i u m\u0119\u017cczyzn. Jednym z wa\u017cnych element\u00f3w codziennej rutyny piel\u0119gnacyjnej jest stosowanie krem\u00f3w nawil\u017caj\u0105cych z filtrem UV. Cho\u0107 wiele os\u00f3b uwa\u017ca, \u017ce jest to wy\u0142\u0105cznie domena kobiet, coraz wi\u0119cej m\u0119\u017cczyzn decyduje si\u0119 na regularne u\u017cywanie tego typu produkt\u00f3w. Warto wi\u0119c zastanowi\u0107 si\u0119, czy m\u0119\u017cczy\u017ani powinni stosowa\u0107 kremy nawil\u017caj\u0105ce z filtrem UV na co dzie\u0144 i jakie korzy\u015bci mog\u0105 przynie\u015b\u0107 im takie dzia\u0142ania.<\/p>\n\n\n\n<h2 class=\"wp-block-heading\">Dlaczego m\u0119\u017cczy\u017ani powinni stosowa\u0107 kremy nawil\u017caj\u0105ce z filtrem UV na co dzie\u0144? &#8211; korzy\u015bci dla zdrowia i urody<\/h2>\n\n\n\n<p>M\u0119\u017cczy\u017ani powinni codziennie stosowa\u0107 kremy nawil\u017caj\u0105ce z filtrem UV, poniewa\u017c przynosi to wiele korzy\u015bci dla zdrowia i urody. Filtrowanie promieni UV pomaga chroni\u0107 sk\u00f3r\u0119 przed szkodliwym dzia\u0142aniem s\u0142o\u0144ca, co mo\u017ce zapobiec wyst\u0105pieniu zmarszczek, przebarwie\u0144 i innych problem\u00f3w sk\u00f3rnych. Ponadto, regularne nawil\u017canie sk\u00f3ry pomaga utrzyma\u0107 jej elastyczno\u015b\u0107 i j\u0119drno\u015b\u0107, co wp\u0142ywa na m\u0142odszy wygl\u0105d. Stosowanie krem\u00f3w z filtrem UV jest r\u00f3wnie\u017c wa\u017cne dla zapobiegania nowotworom sk\u00f3ry, kt\u00f3re mog\u0105 by\u0107 spowodowane nadmiernym nara\u017ceniem na promieniowanie UV. Dlatego warto w\u0142\u0105czy\u0107 ten prosty krok do codziennej rutyny piel\u0119gnacyjnej, aby cieszy\u0107 si\u0119 zdrow\u0105 i pi\u0119kn\u0105 sk\u00f3r\u0105 przez d\u0142u\u017cszy czas.<\/p>\n\n\n\n<h2 class=\"wp-block-heading\">M\u0119skie kosmetyki z filtrem UV &#8211; jak wybra\u0107 odpowiedni produkt i jak go stosowa\u0107?<\/h2>\n\n\n\n<p>M\u0119skie kosmetyki z filtrem UV s\u0105 wa\u017cnym elementem piel\u0119gnacji sk\u00f3ry, szczeg\u00f3lnie w okresie letnim. Aby wybra\u0107 odpowiedni produkt, nale\u017cy zwr\u00f3ci\u0107 uwag\u0119 na kilka czynnik\u00f3w. Przede wszystkim, warto wybiera\u0107 kosmetyki o wysokim wsp\u00f3\u0142czynniku ochrony przeciws\u0142onecznej (SPF), najlepiej powy\u017cej 30. Nale\u017cy r\u00f3wnie\u017c pami\u0119ta\u0107, \u017ceby produkt by\u0142 odpowiedni do typu sk\u00f3ry &#8211; je\u015bli masz sk\u00f3r\u0119 t\u0142ust\u0105, wybierz lekki \u017cel lub piank\u0119, a je\u015bli such\u0105 &#8211; krem lub balsam.<\/p>\n\n\n\n<p>Stosowanie m\u0119skich kosmetyk\u00f3w z filtrem UV jest proste. Nale\u017cy na\u0142o\u017cy\u0107 produkt na oczyszczon\u0105 i such\u0105 sk\u00f3r\u0119 twarzy przed wyj\u015bciem na s\u0142o\u0144ce. W przypadku d\u0142u\u017cszego przebywania na s\u0142o\u0144cu, nale\u017cy regularnie powtarza\u0107 aplikacj\u0119 co 2-3 godziny. Pami\u0119taj r\u00f3wnie\u017c o nak\u0142adaniu produktu na szyj\u0119 i uszy.<\/p>\n\n\n\n<p>Dzi\u0119ki stosowaniu m\u0119skich kosmetyk\u00f3w z filtrem UV mo\u017cesz chroni\u0107 swoj\u0105 sk\u00f3r\u0119 przed szkodliwym promieniowaniem s\u0142onecznym oraz zapobiec przedwczesnemu starzeniu si\u0119 sk\u00f3ry. Pami\u0119taj wi\u0119c o regularnym stosowaniu tych produkt\u00f3w, aby cieszy\u0107 si\u0119 zdrow\u0105 i pi\u0119kn\u0105 sk\u00f3r\u0105 przez d\u0142ugi czas.<\/p>\n\n\n\n<h2 class=\"wp-block-heading\">Czy m\u0119\u017cczy\u017ani powinni dba\u0107 o sk\u00f3r\u0119 twarzy tak samo jak kobiety? Rola krem\u00f3w z filtrem UV w codziennej piel\u0119gnacji<\/h2>\n\n\n\n<p>Czy m\u0119\u017cczy\u017ani powinni zadba\u0107 o sk\u00f3r\u0119 twarzy tak samo jak kobiety? Tak, dbanie o sk\u00f3r\u0119 jest wa\u017cne dla obu p\u0142ci. Kremy z filtrem UV s\u0105 niezb\u0119dnym elementem codziennej piel\u0119gnacji, poniewa\u017c chroni\u0105 sk\u00f3r\u0119 przed szkodliwym promieniowaniem s\u0142onecznym. Nie tylko kobiety, ale tak\u017ce m\u0119\u017cczy\u017ani powinni stosowa\u0107 krem z filtrem UV ka\u017cdego dnia, aby zapewni\u0107 swojej sk\u00f3rze odpowiedni\u0105 ochron\u0119.<\/p>\n\n\n\n<p>W dzisiejszych czasach coraz wi\u0119ksz\u0105 uwag\u0119 zwraca si\u0119 na piel\u0119gnacj\u0119 sk\u00f3ry, zar\u00f3wno u kobiet, jak i u m\u0119\u017cczyzn. Jednym z wa\u017cnych element\u00f3w codziennej rutyny piel\u0119gnacyjnej jest stosowanie krem\u00f3w nawil\u017caj\u0105cych z filtrem UV. W przypadku m\u0119\u017cczyzn, kt\u00f3rzy cz\u0119sto s\u0105 nara\u017ceni na dzia\u0142anie promieni s\u0142onecznych ze wzgl\u0119du na prac\u0119 na zewn\u0105trz lub uprawianie sport\u00f3w, stosowanie takich krem\u00f3w jest szczeg\u00f3lnie istotne.<\/p>\n\n\n\n<p>Kremy nawil\u017caj\u0105ce z filtrem UV nie tylko chroni\u0105 sk\u00f3r\u0119 przed szkodliwym promieniowaniem UV, ale tak\u017ce zapobiegaj\u0105 jej przesuszeniu i starzeniu si\u0119. Regularne stosowanie takiego produktu mo\u017ce pom\u00f3c w utrzymaniu zdrowej i m\u0142odzie\u0144czej sk\u00f3ry przez d\u0142u\u017cszy czas.<\/p>\n\n\n\n<p>Ponadto, kremy nawil\u017caj\u0105ce z filtrem UV s\u0105 \u0142atwe w u\u017cyciu i nie wymagaj\u0105 du\u017cego nak\u0142adu czasu czy umiej\u0119tno\u015bci. Mog\u0105 by\u0107 stosowane jako baza pod makija\u017c lub samodzielnie, co czyni je idealnym rozwi\u0105zaniem dla zabieganych m\u0119\u017cczyzn.<\/p>\n\n\n\n<p>Podsumowuj\u0105c, odpowiednia piel\u0119gnacja sk\u00f3ry jest wa\u017cna dla ka\u017cdego, bez wzgl\u0119du na p\u0142e\u0107. M\u0119\u017cczy\u017ani powinni r\u00f3wnie\u017c zadba\u0107 o swoj\u0105 sk\u00f3r\u0119 poprzez regularne stosowanie krem\u00f3w nawil\u017caj\u0105cych z filtrem UV, aby chroni\u0107 j\u0105 przed szkodliwym dzia\u0142aniem promieni s\u0142onecznych i zachowa\u0107 jej zdrowy wygl\u0105d na d\u0142u\u017cej.<\/p>\n","protected":false},"excerpt":{"rendered":"<p>W dzisiejszych czasach coraz wi\u0119ksz\u0105 uwag\u0119 zwraca si\u0119 na piel\u0119gnacj\u0119 sk\u00f3ry, zar\u00f3wno u kobiet, jak i u m\u0119\u017cczyzn. Jednym z wa\u017cnych element\u00f3w codziennej rutyny piel\u0119gnacyjnej jest stosowanie krem\u00f3w nawil\u017caj\u0105cych z filtrem UV. Cho\u0107 wiele os\u00f3b uwa\u017ca, \u017ce jest to wy\u0142\u0105cznie domena kobiet, coraz wi\u0119cej m\u0119\u017cczyzn decyduje si\u0119 na regularne u\u017cywanie tego typu produkt\u00f3w. Warto wi\u0119c [&hellip;]<\/p>\n","protected":false},"author":1,"featured_media":0,"comment_status":"","ping_status":"open","sticky":false,"template":"","format":"standard","meta":{"footnotes":""},"categories":[1],"tags":[],"class_list":["post-2694","post","type-post","status-publish","format-standard","hentry","category-bez-kategorii"],"fm_meta_title":"Czy m\u0119\u017cczy\u017ani powinni stosowa\u0107 kremy nawil\u017caj\u0105ce z filtrem UV na co dzie\u0144?","fm_meta_description":"Zadbaj o swoj\u0105 sk\u00f3r\u0119 i chron j\u0105 przed szkodliwym promieniowaniem UV! Sprawd\u017a, dlaczego m\u0119\u017cczy\u017ani powinni stosowa\u0107 kremy nawil\u017caj\u0105ce z filtrem na co dzie\u0144. Odkryj tajemnic\u0119 zdrowej i pi\u0119knej cery ju\u017c teraz!","yoast_head":"<!-- This site is optimized with the Yoast SEO plugin v21.5 - https:\/\/yoast.com\/wordpress\/plugins\/seo\/ -->\n<title>Czy m\u0119\u017cczy\u017ani powinni stosowa\u0107 kremy nawil\u017caj\u0105ce z filtrem UV na co dzie\u0144?<\/title>\n<meta name=\"description\" content=\"Zadbaj o swoj\u0105 sk\u00f3r\u0119 i chron j\u0105 przed szkodliwym promieniowaniem UV! Sprawd\u017a, dlaczego m\u0119\u017cczy\u017ani powinni stosowa\u0107 kremy nawil\u017caj\u0105ce z filtrem na co dzie\u0144. Odkryj tajemnic\u0119 zdrowej i pi\u0119knej cery ju\u017c teraz!\" \/>\n<meta name=\"robots\" content=\"index, follow, max-snippet:-1, max-image-preview:large, max-video-preview:-1\" \/>\n<link rel=\"canonical\" href=\"https:\/\/darzdrowia.pl\/ciekawostki\/czy-mezczyzni-powinni-stosowac-kremy-nawilzajace-z-filtrem-uv-na-co-dzien\/\" \/>\n<meta property=\"og:locale\" content=\"pl_PL\" \/>\n<meta property=\"og:type\" content=\"article\" \/>\n<meta property=\"og:title\" content=\"Czy m\u0119\u017cczy\u017ani powinni stosowa\u0107 kremy nawil\u017caj\u0105ce z filtrem UV na co dzie\u0144?\" \/>\n<meta property=\"og:description\" content=\"Zadbaj o swoj\u0105 sk\u00f3r\u0119 i chron j\u0105 przed szkodliwym promieniowaniem UV! Sprawd\u017a, dlaczego m\u0119\u017cczy\u017ani powinni stosowa\u0107 kremy nawil\u017caj\u0105ce z filtrem na co dzie\u0144. Odkryj tajemnic\u0119 zdrowej i pi\u0119knej cery ju\u017c teraz!\" \/>\n<meta property=\"og:url\" content=\"https:\/\/darzdrowia.pl\/ciekawostki\/czy-mezczyzni-powinni-stosowac-kremy-nawilzajace-z-filtrem-uv-na-co-dzien\/\" \/>\n<meta property=\"og:site_name\" content=\"Dar Zdrowia Drogeria - Blog\" \/>\n<meta property=\"article:publisher\" content=\"https:\/\/www.facebook.com\/profile.php?id=100063606935396\" \/>\n<meta property=\"article:published_time\" content=\"2024-04-19T11:03:36+00:00\" \/>\n<meta name=\"author\" content=\"funkymedia\" \/>\n<meta name=\"twitter:card\" content=\"summary_large_image\" \/>\n<meta name=\"twitter:label1\" content=\"Napisane przez\" \/>\n\t<meta name=\"twitter:data1\" content=\"funkymedia\" \/>\n\t<meta name=\"twitter:label2\" content=\"Szacowany czas czytania\" \/>\n\t<meta name=\"twitter:data2\" content=\"4 minuty\" \/>\n<script type=\"application\/ld+json\" class=\"yoast-schema-graph\">{\"@context\":\"https:\/\/schema.org\",\"@graph\":[{\"@type\":\"Article\",\"@id\":\"https:\/\/darzdrowia.pl\/ciekawostki\/czy-mezczyzni-powinni-stosowac-kremy-nawilzajace-z-filtrem-uv-na-co-dzien\/#article\",\"isPartOf\":{\"@id\":\"https:\/\/darzdrowia.pl\/ciekawostki\/czy-mezczyzni-powinni-stosowac-kremy-nawilzajace-z-filtrem-uv-na-co-dzien\/\"},\"author\":{\"name\":\"funkymedia\",\"@id\":\"https:\/\/darzdrowia.pl\/ciekawostki\/#\/schema\/person\/e75579d624630bf943ac69d374bb928e\"},\"headline\":\"Czy m\u0119\u017cczy\u017ani powinni stosowa\u0107 kremy nawil\u017caj\u0105ce z filtrem UV na co dzie\u0144?\",\"datePublished\":\"2024-04-19T11:03:36+00:00\",\"dateModified\":\"2024-04-19T11:03:36+00:00\",\"mainEntityOfPage\":{\"@id\":\"https:\/\/darzdrowia.pl\/ciekawostki\/czy-mezczyzni-powinni-stosowac-kremy-nawilzajace-z-filtrem-uv-na-co-dzien\/\"},\"wordCount\":802,\"publisher\":{\"@id\":\"https:\/\/darzdrowia.pl\/ciekawostki\/#organization\"},\"inLanguage\":\"pl-PL\"},{\"@type\":\"WebPage\",\"@id\":\"https:\/\/darzdrowia.pl\/ciekawostki\/czy-mezczyzni-powinni-stosowac-kremy-nawilzajace-z-filtrem-uv-na-co-dzien\/\",\"url\":\"https:\/\/darzdrowia.pl\/ciekawostki\/czy-mezczyzni-powinni-stosowac-kremy-nawilzajace-z-filtrem-uv-na-co-dzien\/\",\"name\":\"Czy m\u0119\u017cczy\u017ani powinni stosowa\u0107 kremy nawil\u017caj\u0105ce z filtrem UV na co dzie\u0144?\",\"isPartOf\":{\"@id\":\"https:\/\/darzdrowia.pl\/ciekawostki\/#website\"},\"datePublished\":\"2024-04-19T11:03:36+00:00\",\"dateModified\":\"2024-04-19T11:03:36+00:00\",\"description\":\"Zadbaj o swoj\u0105 sk\u00f3r\u0119 i chron j\u0105 przed szkodliwym promieniowaniem UV! Sprawd\u017a, dlaczego m\u0119\u017cczy\u017ani powinni stosowa\u0107 kremy nawil\u017caj\u0105ce z filtrem na co dzie\u0144. Odkryj tajemnic\u0119 zdrowej i pi\u0119knej cery ju\u017c teraz!\",\"breadcrumb\":{\"@id\":\"https:\/\/darzdrowia.pl\/ciekawostki\/czy-mezczyzni-powinni-stosowac-kremy-nawilzajace-z-filtrem-uv-na-co-dzien\/#breadcrumb\"},\"inLanguage\":\"pl-PL\",\"potentialAction\":[{\"@type\":\"ReadAction\",\"target\":[\"https:\/\/darzdrowia.pl\/ciekawostki\/czy-mezczyzni-powinni-stosowac-kremy-nawilzajace-z-filtrem-uv-na-co-dzien\/\"]}]},{\"@type\":\"BreadcrumbList\",\"@id\":\"https:\/\/darzdrowia.pl\/ciekawostki\/czy-mezczyzni-powinni-stosowac-kremy-nawilzajace-z-filtrem-uv-na-co-dzien\/#breadcrumb\",\"itemListElement\":[{\"@type\":\"ListItem\",\"position\":1,\"name\":\"Strona g\u0142\u00f3wna\",\"item\":\"https:\/\/darzdrowia.pl\/ciekawostki\/\"},{\"@type\":\"ListItem\",\"position\":2,\"name\":\"Czy m\u0119\u017cczy\u017ani powinni stosowa\u0107 kremy nawil\u017caj\u0105ce z filtrem UV na co dzie\u0144?\"}]},{\"@type\":\"WebSite\",\"@id\":\"https:\/\/darzdrowia.pl\/ciekawostki\/#website\",\"url\":\"https:\/\/darzdrowia.pl\/ciekawostki\/\",\"name\":\"Dar Zdrowia Drogeria - Blog\",\"description\":\"\",\"publisher\":{\"@id\":\"https:\/\/darzdrowia.pl\/ciekawostki\/#organization\"},\"potentialAction\":[{\"@type\":\"SearchAction\",\"target\":{\"@type\":\"EntryPoint\",\"urlTemplate\":\"https:\/\/darzdrowia.pl\/ciekawostki\/?s={search_term_string}\"},\"query-input\":\"required name=search_term_string\"}],\"inLanguage\":\"pl-PL\"},{\"@type\":\"Organization\",\"@id\":\"https:\/\/darzdrowia.pl\/ciekawostki\/#organization\",\"name\":\"Dar Zdrowia Drogeria - Blog\",\"url\":\"https:\/\/darzdrowia.pl\/ciekawostki\/\",\"logo\":{\"@type\":\"ImageObject\",\"inLanguage\":\"pl-PL\",\"@id\":\"https:\/\/darzdrowia.pl\/ciekawostki\/#\/schema\/logo\/image\/\",\"url\":\"https:\/\/darzdrowia.pl\/ciekawostki\/wp-content\/uploads\/2023\/11\/logo-darzdrowia.webp\",\"contentUrl\":\"https:\/\/darzdrowia.pl\/ciekawostki\/wp-content\/uploads\/2023\/11\/logo-darzdrowia.webp\",\"width\":744,\"height\":225,\"caption\":\"Dar Zdrowia Drogeria - Blog\"},\"image\":{\"@id\":\"https:\/\/darzdrowia.pl\/ciekawostki\/#\/schema\/logo\/image\/\"},\"sameAs\":[\"https:\/\/www.facebook.com\/profile.php?id=100063606935396\"]},{\"@type\":\"Person\",\"@id\":\"https:\/\/darzdrowia.pl\/ciekawostki\/#\/schema\/person\/e75579d624630bf943ac69d374bb928e\",\"name\":\"funkymedia\",\"image\":{\"@type\":\"ImageObject\",\"inLanguage\":\"pl-PL\",\"@id\":\"https:\/\/darzdrowia.pl\/ciekawostki\/#\/schema\/person\/image\/\",\"url\":\"https:\/\/secure.gravatar.com\/avatar\/393cb205b658aef6e3271ad5a92265e3e4433d2384bbe95524ba160d5bc20299?s=96&d=mm&r=g\",\"contentUrl\":\"https:\/\/secure.gravatar.com\/avatar\/393cb205b658aef6e3271ad5a92265e3e4433d2384bbe95524ba160d5bc20299?s=96&d=mm&r=g\",\"caption\":\"funkymedia\"},\"sameAs\":[\"https:\/\/darzdrowia.pl\/ciekawostki\"],\"url\":\"https:\/\/darzdrowia.pl\/ciekawostki\/author\/funkymedia\/\"}]}<\/script>\n<!-- \/ Yoast SEO plugin. -->","yoast_head_json":{"title":"Czy m\u0119\u017cczy\u017ani powinni stosowa\u0107 kremy nawil\u017caj\u0105ce z filtrem UV na co dzie\u0144?","description":"Zadbaj o swoj\u0105 sk\u00f3r\u0119 i chron j\u0105 przed szkodliwym promieniowaniem UV! Sprawd\u017a, dlaczego m\u0119\u017cczy\u017ani powinni stosowa\u0107 kremy nawil\u017caj\u0105ce z filtrem na co dzie\u0144. Odkryj tajemnic\u0119 zdrowej i pi\u0119knej cery ju\u017c teraz!","robots":{"index":"index","follow":"follow","max-snippet":"max-snippet:-1","max-image-preview":"max-image-preview:large","max-video-preview":"max-video-preview:-1"},"canonical":"https:\/\/darzdrowia.pl\/ciekawostki\/czy-mezczyzni-powinni-stosowac-kremy-nawilzajace-z-filtrem-uv-na-co-dzien\/","og_locale":"pl_PL","og_type":"article","og_title":"Czy m\u0119\u017cczy\u017ani powinni stosowa\u0107 kremy nawil\u017caj\u0105ce z filtrem UV na co dzie\u0144?","og_description":"Zadbaj o swoj\u0105 sk\u00f3r\u0119 i chron j\u0105 przed szkodliwym promieniowaniem UV! Sprawd\u017a, dlaczego m\u0119\u017cczy\u017ani powinni stosowa\u0107 kremy nawil\u017caj\u0105ce z filtrem na co dzie\u0144. Odkryj tajemnic\u0119 zdrowej i pi\u0119knej cery ju\u017c teraz!","og_url":"https:\/\/darzdrowia.pl\/ciekawostki\/czy-mezczyzni-powinni-stosowac-kremy-nawilzajace-z-filtrem-uv-na-co-dzien\/","og_site_name":"Dar Zdrowia Drogeria - Blog","article_publisher":"https:\/\/www.facebook.com\/profile.php?id=100063606935396","article_published_time":"2024-04-19T11:03:36+00:00","author":"funkymedia","twitter_card":"summary_large_image","twitter_misc":{"Napisane przez":"funkymedia","Szacowany czas czytania":"4 minuty"},"schema":{"@context":"https:\/\/schema.org","@graph":[{"@type":"Article","@id":"https:\/\/darzdrowia.pl\/ciekawostki\/czy-mezczyzni-powinni-stosowac-kremy-nawilzajace-z-filtrem-uv-na-co-dzien\/#article","isPartOf":{"@id":"https:\/\/darzdrowia.pl\/ciekawostki\/czy-mezczyzni-powinni-stosowac-kremy-nawilzajace-z-filtrem-uv-na-co-dzien\/"},"author":{"name":"funkymedia","@id":"https:\/\/darzdrowia.pl\/ciekawostki\/#\/schema\/person\/e75579d624630bf943ac69d374bb928e"},"headline":"Czy m\u0119\u017cczy\u017ani powinni stosowa\u0107 kremy nawil\u017caj\u0105ce z filtrem UV na co dzie\u0144?","datePublished":"2024-04-19T11:03:36+00:00","dateModified":"2024-04-19T11:03:36+00:00","mainEntityOfPage":{"@id":"https:\/\/darzdrowia.pl\/ciekawostki\/czy-mezczyzni-powinni-stosowac-kremy-nawilzajace-z-filtrem-uv-na-co-dzien\/"},"wordCount":802,"publisher":{"@id":"https:\/\/darzdrowia.pl\/ciekawostki\/#organization"},"inLanguage":"pl-PL"},{"@type":"WebPage","@id":"https:\/\/darzdrowia.pl\/ciekawostki\/czy-mezczyzni-powinni-stosowac-kremy-nawilzajace-z-filtrem-uv-na-co-dzien\/","url":"https:\/\/darzdrowia.pl\/ciekawostki\/czy-mezczyzni-powinni-stosowac-kremy-nawilzajace-z-filtrem-uv-na-co-dzien\/","name":"Czy m\u0119\u017cczy\u017ani powinni stosowa\u0107 kremy nawil\u017caj\u0105ce z filtrem UV na co dzie\u0144?","isPartOf":{"@id":"https:\/\/darzdrowia.pl\/ciekawostki\/#website"},"datePublished":"2024-04-19T11:03:36+00:00","dateModified":"2024-04-19T11:03:36+00:00","description":"Zadbaj o swoj\u0105 sk\u00f3r\u0119 i chron j\u0105 przed szkodliwym promieniowaniem UV! Sprawd\u017a, dlaczego m\u0119\u017cczy\u017ani powinni stosowa\u0107 kremy nawil\u017caj\u0105ce z filtrem na co dzie\u0144. Odkryj tajemnic\u0119 zdrowej i pi\u0119knej cery ju\u017c teraz!","breadcrumb":{"@id":"https:\/\/darzdrowia.pl\/ciekawostki\/czy-mezczyzni-powinni-stosowac-kremy-nawilzajace-z-filtrem-uv-na-co-dzien\/#breadcrumb"},"inLanguage":"pl-PL","potentialAction":[{"@type":"ReadAction","target":["https:\/\/darzdrowia.pl\/ciekawostki\/czy-mezczyzni-powinni-stosowac-kremy-nawilzajace-z-filtrem-uv-na-co-dzien\/"]}]},{"@type":"BreadcrumbList","@id":"https:\/\/darzdrowia.pl\/ciekawostki\/czy-mezczyzni-powinni-stosowac-kremy-nawilzajace-z-filtrem-uv-na-co-dzien\/#breadcrumb","itemListElement":[{"@type":"ListItem","position":1,"name":"Strona g\u0142\u00f3wna","item":"https:\/\/darzdrowia.pl\/ciekawostki\/"},{"@type":"ListItem","position":2,"name":"Czy m\u0119\u017cczy\u017ani powinni stosowa\u0107 kremy nawil\u017caj\u0105ce z filtrem UV na co dzie\u0144?"}]},{"@type":"WebSite","@id":"https:\/\/darzdrowia.pl\/ciekawostki\/#website","url":"https:\/\/darzdrowia.pl\/ciekawostki\/","name":"Dar Zdrowia Drogeria - Blog","description":"","publisher":{"@id":"https:\/\/darzdrowia.pl\/ciekawostki\/#organization"},"potentialAction":[{"@type":"SearchAction","target":{"@type":"EntryPoint","urlTemplate":"https:\/\/darzdrowia.pl\/ciekawostki\/?s={search_term_string}"},"query-input":"required name=search_term_string"}],"inLanguage":"pl-PL"},{"@type":"Organization","@id":"https:\/\/darzdrowia.pl\/ciekawostki\/#organization","name":"Dar Zdrowia Drogeria - Blog","url":"https:\/\/darzdrowia.pl\/ciekawostki\/","logo":{"@type":"ImageObject","inLanguage":"pl-PL","@id":"https:\/\/darzdrowia.pl\/ciekawostki\/#\/schema\/logo\/image\/","url":"https:\/\/darzdrowia.pl\/ciekawostki\/wp-content\/uploads\/2023\/11\/logo-darzdrowia.webp","contentUrl":"https:\/\/darzdrowia.pl\/ciekawostki\/wp-content\/uploads\/2023\/11\/logo-darzdrowia.webp","width":744,"height":225,"caption":"Dar Zdrowia Drogeria - Blog"},"image":{"@id":"https:\/\/darzdrowia.pl\/ciekawostki\/#\/schema\/logo\/image\/"},"sameAs":["https:\/\/www.facebook.com\/profile.php?id=100063606935396"]},{"@type":"Person","@id":"https:\/\/darzdrowia.pl\/ciekawostki\/#\/schema\/person\/e75579d624630bf943ac69d374bb928e","name":"funkymedia","image":{"@type":"ImageObject","inLanguage":"pl-PL","@id":"https:\/\/darzdrowia.pl\/ciekawostki\/#\/schema\/person\/image\/","url":"https:\/\/secure.gravatar.com\/avatar\/393cb205b658aef6e3271ad5a92265e3e4433d2384bbe95524ba160d5bc20299?s=96&d=mm&r=g","contentUrl":"https:\/\/secure.gravatar.com\/avatar\/393cb205b658aef6e3271ad5a92265e3e4433d2384bbe95524ba160d5bc20299?s=96&d=mm&r=g","caption":"funkymedia"},"sameAs":["https:\/\/darzdrowia.pl\/ciekawostki"],"url":"https:\/\/darzdrowia.pl\/ciekawostki\/author\/funkymedia\/"}]}},"_links":{"self":[{"href":"https:\/\/darzdrowia.pl\/ciekawostki\/wp-json\/wp\/v2\/posts\/2694","targetHints":{"allow":["GET"]}}],"collection":[{"href":"https:\/\/darzdrowia.pl\/ciekawostki\/wp-json\/wp\/v2\/posts"}],"about":[{"href":"https:\/\/darzdrowia.pl\/ciekawostki\/wp-json\/wp\/v2\/types\/post"}],"author":[{"embeddable":true,"href":"https:\/\/darzdrowia.pl\/ciekawostki\/wp-json\/wp\/v2\/users\/1"}],"replies":[{"embeddable":true,"href":"https:\/\/darzdrowia.pl\/ciekawostki\/wp-json\/wp\/v2\/comments?post=2694"}],"version-history":[{"count":0,"href":"https:\/\/darzdrowia.pl\/ciekawostki\/wp-json\/wp\/v2\/posts\/2694\/revisions"}],"wp:attachment":[{"href":"https:\/\/darzdrowia.pl\/ciekawostki\/wp-json\/wp\/v2\/media?parent=2694"}],"wp:term":[{"taxonomy":"category","embeddable":true,"href":"https:\/\/darzdrowia.pl\/ciekawostki\/wp-json\/wp\/v2\/categories?post=2694"},{"taxonomy":"post_tag","embeddable":true,"href":"https:\/\/darzdrowia.pl\/ciekawostki\/wp-json\/wp\/v2\/tags?post=2694"}],"curies":[{"name":"wp","href":"https:\/\/api.w.org\/{rel}","templated":true}]}}