{"id":2680,"date":"2024-04-19T12:49:42","date_gmt":"2024-04-19T10:49:42","guid":{"rendered":"https:\/\/darzdrowia.pl\/ciekawostki\/trendy-wsrod-kosmetykow-do-pielegnacji-brody-i-zarostu-u-mezczyzn-w-sezonie-letnim\/"},"modified":"2024-04-19T12:49:42","modified_gmt":"2024-04-19T10:49:42","slug":"trendy-wsrod-kosmetykow-do-pielegnacji-brody-i-zarostu-u-mezczyzn-w-sezonie-letnim","status":"publish","type":"post","link":"https:\/\/darzdrowia.pl\/ciekawostki\/trendy-wsrod-kosmetykow-do-pielegnacji-brody-i-zarostu-u-mezczyzn-w-sezonie-letnim\/","title":{"rendered":"Trendy w\u015br\u00f3d kosmetyk\u00f3w do piel\u0119gnacji brody i zarostu u m\u0119\u017cczyzn w sezonie letnim."},"content":{"rendered":"\n<p>W sezonie letnim coraz wi\u0119cej m\u0119\u017cczyzn decyduje si\u0119 na piel\u0119gnacj\u0119 swojej brody i zarostu. Wraz z nadej\u015bciem cieplejszych dni, pojawiaj\u0105 si\u0119 r\u00f3wnie\u017c nowe trendy w\u015br\u00f3d kosmetyk\u00f3w do piel\u0119gnacji m\u0119skiej twarzy. Coraz wi\u0119ksz\u0105 popularno\u015b\u0107 zyskuj\u0105 produkty, kt\u00f3re nie tylko pomagaj\u0105 utrzyma\u0107 brod\u0119 w dobrym stanie, ale tak\u017ce dodaj\u0105 jej \u015bwie\u017co\u015bci i zapewniaj\u0105 odpowiednie nawil\u017cenie w czasie upa\u0142\u00f3w. W tym wprowadzeniu przyjrzymy si\u0119 najnowszym trendom w\u015br\u00f3d kosmetyk\u00f3w do piel\u0119gnacji brody i zarostu u m\u0119\u017cczyzn w sezonie letnim.<\/p>\n\n\n\n<h2 class=\"wp-block-heading\">Letnie trendy w piel\u0119gnacji brody &#8211; jak zadba\u0107 o zarost w upalne dni?<\/h2>\n\n\n\n<p>Letnie dni to czas, kiedy wi\u0119kszo\u015b\u0107 m\u0119\u017cczyzn decyduje si\u0119 na zapuszczenie brody. Jednak wraz z upa\u0142ami, piel\u0119gnacja zarostu mo\u017ce by\u0107 wyzwaniem. Dlatego warto pozna\u0107 letnie trendy w piel\u0119gnacji brody, aby zadba\u0107 o ni\u0105 w ciep\u0142e dni.<\/p>\n\n\n\n<p>Po pierwsze, wa\u017cne jest regularne mycie brody. W upalne dni mo\u017ce ona \u0142atwo sta\u0107 si\u0119 t\u0142usta i brudna, dlatego nale\u017cy j\u0105 dok\u0142adnie umy\u0107 co najmniej raz dziennie.<\/p>\n\n\n\n<p>Kolejnym trendem jest stosowanie lekkich olejk\u00f3w do brody. Dzi\u0119ki nim zarost b\u0119dzie nawil\u017cony i mi\u0119kki, a jednocze\u015bnie nie b\u0119dzie ci\u0119\u017cki ani t\u0142usty.<\/p>\n\n\n\n<p>Warto r\u00f3wnie\u017c pami\u0119ta\u0107 o przycinaniu brody. W upalne dni kr\u00f3tszy zarost b\u0119dzie bardziej komfortowy i nie b\u0119dzie przeszkadza\u0142 podczas gor\u0105ca.<\/p>\n\n\n\n<p>Nie zapominajmy tak\u017ce o ochronie przed s\u0142o\u0144cem. Broda r\u00f3wnie\u017c mo\u017ce ulec poparzeniu s\u0142onecznemu, dlatego warto stosowa\u0107 krem z filtrem UV lub nosi\u0107 kapelusz.<\/p>\n\n\n\n<p>Podsumowuj\u0105c, letnie trendy w piel\u0119gnacji brody to regularne mycie, stosowanie lekkich olejk\u00f3w, przycinanie oraz ochrona przed s\u0142o\u0144cem. Dzi\u0119ki temu nasza broda b\u0119dzie wygl\u0105da\u0142a pi\u0119knie i zadbane nawet w najgor\u0119tsze dni.<\/p>\n\n\n\n<h2 class=\"wp-block-heading\">Broda na lato &#8211; jak dopasowa\u0107 kosmetyki do piel\u0119gnacji do swojego typu sk\u00f3ry?<\/h2>\n\n\n\n<p>Wraz z nadej\u015bciem lata, nasza sk\u00f3ra potrzebuje odpowiedniej piel\u0119gnacji. Jednym z najwa\u017cniejszych element\u00f3w jest dopasowanie kosmetyk\u00f3w do swojego typu sk\u00f3ry. Dzi\u0119ki temu unikniemy problem\u00f3w z jej kondycj\u0105 i wygl\u0105dem. Oto kilka wskaz\u00f3wek, jak dobra\u0107 odpowiednie kosmetyki do piel\u0119gnacji brody na lato.<\/p>\n\n\n\n<p>1. Sk\u00f3ra sucha &#8211; je\u015bli Twoja sk\u00f3ra jest sucha, wybieraj kosmetyki o bogatej konsystencji, kt\u00f3re b\u0119d\u0105 intensywnie nawil\u017ca\u0107 i od\u017cywia\u0107 sk\u00f3r\u0119. Unikaj produkt\u00f3w z alkoholem, kt\u00f3ry mo\u017ce dodatkowo wysusza\u0107 sk\u00f3r\u0119.<\/p>\n\n\n\n<p>2. Sk\u00f3ra t\u0142usta &#8211; w przypadku t\u0142ustej sk\u00f3ry, warto si\u0119gn\u0105\u0107 po produkty matuj\u0105ce i oczyszczaj\u0105ce. Szukaj kosmetyk\u00f3w z kwasami owocowymi lub salicylowymi, kt\u00f3re pomog\u0105 regulowa\u0107 wydzielanie sebum.<\/p>\n\n\n\n<p>3. Sk\u00f3ra mieszana &#8211; je\u015bli Twoja sk\u00f3ra jest mieszana, czyli posiada strefy zar\u00f3wno suche, jak i t\u0142uste, warto wybra\u0107 produkty dedykowane dla tego typu cery. Szukaj kosmetyk\u00f3w o lekkiej konsystencji i dzia\u0142aniu nawil\u017caj\u0105cym oraz matuj\u0105cym.<\/p>\n\n\n\n<p>4. Sk\u00f3ra wra\u017cliwa &#8211; dla sk\u00f3ry wra\u017cliwej najlepszym wyborem b\u0119d\u0105 produkty hypoalergiczne i bez zapach\u00f3w. Unikaj kosmetyk\u00f3w z alkoholem, silikonami i parabenami, kt\u00f3re mog\u0105 podra\u017cnia\u0107 sk\u00f3r\u0119.<\/p>\n\n\n\n<p>Pami\u0119taj r\u00f3wnie\u017c o regularnym stosowaniu krem\u00f3w z filtrem UV, aby chroni\u0107 sk\u00f3r\u0119 przed szkodliwym dzia\u0142aniem promieni s\u0142onecznych. Dzi\u0119ki odpowiednio dobranym kosmetykom, Twoja broda b\u0119dzie wygl\u0105da\u0107 zdrowo i zadbane przez ca\u0142e lato.<\/p>\n\n\n\n<h2 class=\"wp-block-heading\">Nowo\u015bci na rynku kosmetyk\u00f3w do brody &#8211; co warto wypr\u00f3bowa\u0107 w sezonie letnim?<\/h2>\n\n\n\n<p>Na rynku pojawi\u0142o si\u0119 wiele nowych kosmetyk\u00f3w do piel\u0119gnacji brody, idealnych na sezon letni. Warto zwr\u00f3ci\u0107 uwag\u0119 na olejki i balsamy, kt\u00f3re nawil\u017caj\u0105 i od\u017cywiaj\u0105 zarost, chroni\u0105c go przed s\u0142o\u0144cem i wysok\u0105 temperatur\u0105. Kolejn\u0105 ciekaw\u0105 opcj\u0105 s\u0105 pianki lub \u017cele do mycia brody, kt\u00f3re pomagaj\u0105 pozby\u0107 si\u0119 zanieczyszcze\u0144 i nadaj\u0105 jej \u015bwie\u017cy zapach. Dla os\u00f3b preferuj\u0105cych naturalne sk\u0142adniki, polecamy wypr\u00f3bowanie masek do brody z ekstraktami ro\u015blinnymi. W sezonie letnim warto r\u00f3wnie\u017c zadba\u0107 o kszta\u0142towanie brody &#8211; w tym celu polecamy woski lub pomady, kt\u00f3re utrwal\u0105 jej wygl\u0105d przez ca\u0142y dzie\u0144.<\/p>\n\n\n\n<p>W sezonie letnim coraz wi\u0119ksz\u0105 popularno\u015b\u0107 zyskuj\u0105 kosmetyki do piel\u0119gnacji brody i zarostu u m\u0119\u017cczyzn. W\u015br\u00f3d najwa\u017cniejszych trend\u00f3w mo\u017cna wyr\u00f3\u017cni\u0107 naturalne sk\u0142adniki, minimalizm w opakowaniach oraz wszechstronno\u015b\u0107 produkt\u00f3w.<\/p>\n\n\n\n<p>Coraz wi\u0119cej m\u0119\u017cczyzn decyduje si\u0119 na wyb\u00f3r naturalnych sk\u0142adnik\u00f3w w swoich kosmetykach do brody i zarostu. Sk\u0142adniki takie jak olejki eteryczne, mas\u0142o shea czy ekstrakty ro\u015blinne s\u0105 nie tylko bezpieczne dla sk\u00f3ry, ale tak\u017ce zapewniaj\u0105 odpowiednie od\u017cywienie i nawil\u017cenie w\u0142os\u00f3w.<\/p>\n\n\n\n<p>Kolejnym wa\u017cnym trendem jest minimalizm w opakowaniach. M\u0119\u017cczy\u017ani coraz cz\u0119\u015bciej szukaj\u0105 prostych i funkcjonalnych rozwi\u0105za\u0144, kt\u00f3re nie tylko u\u0142atwiaj\u0105 aplikacj\u0119 produkt\u00f3w, ale tak\u017ce s\u0105 wygodne w podr\u00f3\u017cy. Dlatego te\u017c producenci kosmetyk\u00f3w stawiaj\u0105 na proste butelki lub s\u0142oiczki z wygodnymi pompkami.<\/p>\n\n\n\n<p>W sezonie letnim szczeg\u00f3lnie wa\u017cna jest wszechstronno\u015b\u0107 produkt\u00f3w do piel\u0119gnacji brody i zarostu. M\u0119\u017cczy\u017ani chc\u0105 mie\u0107 mo\u017cliwo\u015b\u0107 stosowania jednego produktu do r\u00f3\u017cnych cel\u00f3w, np. jako balsam do brody, krem nawil\u017caj\u0105cy czy serum wzmacniaj\u0105ce w\u0142osy. Dzi\u0119ki temu mog\u0105 zaoszcz\u0119dzi\u0107 czas i miejsce w kosmetyczce.<\/p>\n\n\n\n<p>Podsumowuj\u0105c, trendy w\u015br\u00f3d kosmetyk\u00f3w do piel\u0119gnacji brody i zarostu u m\u0119\u017cczyzn w sezonie letnim to naturalne sk\u0142adniki, minimalizm w opakowaniach oraz wszechstronno\u015b\u0107 produkt\u00f3w. Warto zwraca\u0107 uwag\u0119 na te elementy przy wyborze odpowiednich kosmetyk\u00f3w, aby zadba\u0107 o zdrowy i pi\u0119kny wygl\u0105d swojej brody i zarostu.<\/p>\n","protected":false},"excerpt":{"rendered":"<p>W sezonie letnim coraz wi\u0119cej m\u0119\u017cczyzn decyduje si\u0119 na piel\u0119gnacj\u0119 swojej brody i zarostu. Wraz z nadej\u015bciem cieplejszych dni, pojawiaj\u0105 si\u0119 r\u00f3wnie\u017c nowe trendy w\u015br\u00f3d kosmetyk\u00f3w do piel\u0119gnacji m\u0119skiej twarzy. Coraz wi\u0119ksz\u0105 popularno\u015b\u0107 zyskuj\u0105 produkty, kt\u00f3re nie tylko pomagaj\u0105 utrzyma\u0107 brod\u0119 w dobrym stanie, ale tak\u017ce dodaj\u0105 jej \u015bwie\u017co\u015bci i zapewniaj\u0105 odpowiednie nawil\u017cenie w czasie [&hellip;]<\/p>\n","protected":false},"author":1,"featured_media":0,"comment_status":"","ping_status":"open","sticky":false,"template":"","format":"standard","meta":{"footnotes":""},"categories":[1],"tags":[],"class_list":["post-2680","post","type-post","status-publish","format-standard","hentry","category-bez-kategorii"],"fm_meta_title":"Trendy w\u015br\u00f3d kosmetyk\u00f3w do piel\u0119gnacji brody i zarostu u m\u0119\u017cczyzn w sezonie letnim.","fm_meta_description":"Odkryj najnowsze trendy w piel\u0119gnacji brody i zarostu u m\u0119\u017cczyzn na lato! Poznaj produkty, kt\u00f3re pomog\u0105 Ci zadba\u0107 o swoj\u0105 brod\u0119 w ciep\u0142ych miesi\u0105cach. Sprawd\u017a nasz\u0105 ofert\u0119 i b\u0105d\u017a gotowy na letnie wyzwania!","yoast_head":"<!-- This site is optimized with the Yoast SEO plugin v21.5 - https:\/\/yoast.com\/wordpress\/plugins\/seo\/ -->\n<title>Trendy w\u015br\u00f3d kosmetyk\u00f3w do piel\u0119gnacji brody i zarostu u m\u0119\u017cczyzn w sezonie letnim.<\/title>\n<meta name=\"description\" content=\"Odkryj najnowsze trendy w piel\u0119gnacji brody i zarostu u m\u0119\u017cczyzn na lato! Poznaj produkty, kt\u00f3re pomog\u0105 Ci zadba\u0107 o swoj\u0105 brod\u0119 w ciep\u0142ych miesi\u0105cach. Sprawd\u017a nasz\u0105 ofert\u0119 i b\u0105d\u017a gotowy na letnie wyzwania!\" \/>\n<meta name=\"robots\" content=\"index, follow, max-snippet:-1, max-image-preview:large, max-video-preview:-1\" \/>\n<link rel=\"canonical\" href=\"https:\/\/darzdrowia.pl\/ciekawostki\/trendy-wsrod-kosmetykow-do-pielegnacji-brody-i-zarostu-u-mezczyzn-w-sezonie-letnim\/\" \/>\n<meta property=\"og:locale\" content=\"pl_PL\" \/>\n<meta property=\"og:type\" content=\"article\" \/>\n<meta property=\"og:title\" content=\"Trendy w\u015br\u00f3d kosmetyk\u00f3w do piel\u0119gnacji brody i zarostu u m\u0119\u017cczyzn w sezonie letnim.\" \/>\n<meta property=\"og:description\" content=\"Odkryj najnowsze trendy w piel\u0119gnacji brody i zarostu u m\u0119\u017cczyzn na lato! Poznaj produkty, kt\u00f3re pomog\u0105 Ci zadba\u0107 o swoj\u0105 brod\u0119 w ciep\u0142ych miesi\u0105cach. Sprawd\u017a nasz\u0105 ofert\u0119 i b\u0105d\u017a gotowy na letnie wyzwania!\" \/>\n<meta property=\"og:url\" content=\"https:\/\/darzdrowia.pl\/ciekawostki\/trendy-wsrod-kosmetykow-do-pielegnacji-brody-i-zarostu-u-mezczyzn-w-sezonie-letnim\/\" \/>\n<meta property=\"og:site_name\" content=\"Dar Zdrowia Drogeria - Blog\" \/>\n<meta property=\"article:publisher\" content=\"https:\/\/www.facebook.com\/profile.php?id=100063606935396\" \/>\n<meta property=\"article:published_time\" content=\"2024-04-19T10:49:42+00:00\" \/>\n<meta name=\"author\" content=\"funkymedia\" \/>\n<meta name=\"twitter:card\" content=\"summary_large_image\" \/>\n<meta name=\"twitter:label1\" content=\"Napisane przez\" \/>\n\t<meta name=\"twitter:data1\" content=\"funkymedia\" \/>\n\t<meta name=\"twitter:label2\" content=\"Szacowany czas czytania\" \/>\n\t<meta name=\"twitter:data2\" content=\"5 minut\" \/>\n<script type=\"application\/ld+json\" class=\"yoast-schema-graph\">{\"@context\":\"https:\/\/schema.org\",\"@graph\":[{\"@type\":\"Article\",\"@id\":\"https:\/\/darzdrowia.pl\/ciekawostki\/trendy-wsrod-kosmetykow-do-pielegnacji-brody-i-zarostu-u-mezczyzn-w-sezonie-letnim\/#article\",\"isPartOf\":{\"@id\":\"https:\/\/darzdrowia.pl\/ciekawostki\/trendy-wsrod-kosmetykow-do-pielegnacji-brody-i-zarostu-u-mezczyzn-w-sezonie-letnim\/\"},\"author\":{\"name\":\"funkymedia\",\"@id\":\"https:\/\/darzdrowia.pl\/ciekawostki\/#\/schema\/person\/e75579d624630bf943ac69d374bb928e\"},\"headline\":\"Trendy w\u015br\u00f3d kosmetyk\u00f3w do piel\u0119gnacji brody i zarostu u m\u0119\u017cczyzn w sezonie letnim.\",\"datePublished\":\"2024-04-19T10:49:42+00:00\",\"dateModified\":\"2024-04-19T10:49:42+00:00\",\"mainEntityOfPage\":{\"@id\":\"https:\/\/darzdrowia.pl\/ciekawostki\/trendy-wsrod-kosmetykow-do-pielegnacji-brody-i-zarostu-u-mezczyzn-w-sezonie-letnim\/\"},\"wordCount\":981,\"publisher\":{\"@id\":\"https:\/\/darzdrowia.pl\/ciekawostki\/#organization\"},\"inLanguage\":\"pl-PL\"},{\"@type\":\"WebPage\",\"@id\":\"https:\/\/darzdrowia.pl\/ciekawostki\/trendy-wsrod-kosmetykow-do-pielegnacji-brody-i-zarostu-u-mezczyzn-w-sezonie-letnim\/\",\"url\":\"https:\/\/darzdrowia.pl\/ciekawostki\/trendy-wsrod-kosmetykow-do-pielegnacji-brody-i-zarostu-u-mezczyzn-w-sezonie-letnim\/\",\"name\":\"Trendy w\u015br\u00f3d kosmetyk\u00f3w do piel\u0119gnacji brody i zarostu u m\u0119\u017cczyzn w sezonie letnim.\",\"isPartOf\":{\"@id\":\"https:\/\/darzdrowia.pl\/ciekawostki\/#website\"},\"datePublished\":\"2024-04-19T10:49:42+00:00\",\"dateModified\":\"2024-04-19T10:49:42+00:00\",\"description\":\"Odkryj najnowsze trendy w piel\u0119gnacji brody i zarostu u m\u0119\u017cczyzn na lato! Poznaj produkty, kt\u00f3re pomog\u0105 Ci zadba\u0107 o swoj\u0105 brod\u0119 w ciep\u0142ych miesi\u0105cach. Sprawd\u017a nasz\u0105 ofert\u0119 i b\u0105d\u017a gotowy na letnie wyzwania!\",\"breadcrumb\":{\"@id\":\"https:\/\/darzdrowia.pl\/ciekawostki\/trendy-wsrod-kosmetykow-do-pielegnacji-brody-i-zarostu-u-mezczyzn-w-sezonie-letnim\/#breadcrumb\"},\"inLanguage\":\"pl-PL\",\"potentialAction\":[{\"@type\":\"ReadAction\",\"target\":[\"https:\/\/darzdrowia.pl\/ciekawostki\/trendy-wsrod-kosmetykow-do-pielegnacji-brody-i-zarostu-u-mezczyzn-w-sezonie-letnim\/\"]}]},{\"@type\":\"BreadcrumbList\",\"@id\":\"https:\/\/darzdrowia.pl\/ciekawostki\/trendy-wsrod-kosmetykow-do-pielegnacji-brody-i-zarostu-u-mezczyzn-w-sezonie-letnim\/#breadcrumb\",\"itemListElement\":[{\"@type\":\"ListItem\",\"position\":1,\"name\":\"Strona g\u0142\u00f3wna\",\"item\":\"https:\/\/darzdrowia.pl\/ciekawostki\/\"},{\"@type\":\"ListItem\",\"position\":2,\"name\":\"Trendy w\u015br\u00f3d kosmetyk\u00f3w do piel\u0119gnacji brody i zarostu u m\u0119\u017cczyzn w sezonie letnim.\"}]},{\"@type\":\"WebSite\",\"@id\":\"https:\/\/darzdrowia.pl\/ciekawostki\/#website\",\"url\":\"https:\/\/darzdrowia.pl\/ciekawostki\/\",\"name\":\"Dar Zdrowia Drogeria - Blog\",\"description\":\"\",\"publisher\":{\"@id\":\"https:\/\/darzdrowia.pl\/ciekawostki\/#organization\"},\"potentialAction\":[{\"@type\":\"SearchAction\",\"target\":{\"@type\":\"EntryPoint\",\"urlTemplate\":\"https:\/\/darzdrowia.pl\/ciekawostki\/?s={search_term_string}\"},\"query-input\":\"required name=search_term_string\"}],\"inLanguage\":\"pl-PL\"},{\"@type\":\"Organization\",\"@id\":\"https:\/\/darzdrowia.pl\/ciekawostki\/#organization\",\"name\":\"Dar Zdrowia Drogeria - Blog\",\"url\":\"https:\/\/darzdrowia.pl\/ciekawostki\/\",\"logo\":{\"@type\":\"ImageObject\",\"inLanguage\":\"pl-PL\",\"@id\":\"https:\/\/darzdrowia.pl\/ciekawostki\/#\/schema\/logo\/image\/\",\"url\":\"https:\/\/darzdrowia.pl\/ciekawostki\/wp-content\/uploads\/2023\/11\/logo-darzdrowia.webp\",\"contentUrl\":\"https:\/\/darzdrowia.pl\/ciekawostki\/wp-content\/uploads\/2023\/11\/logo-darzdrowia.webp\",\"width\":744,\"height\":225,\"caption\":\"Dar Zdrowia Drogeria - Blog\"},\"image\":{\"@id\":\"https:\/\/darzdrowia.pl\/ciekawostki\/#\/schema\/logo\/image\/\"},\"sameAs\":[\"https:\/\/www.facebook.com\/profile.php?id=100063606935396\"]},{\"@type\":\"Person\",\"@id\":\"https:\/\/darzdrowia.pl\/ciekawostki\/#\/schema\/person\/e75579d624630bf943ac69d374bb928e\",\"name\":\"funkymedia\",\"image\":{\"@type\":\"ImageObject\",\"inLanguage\":\"pl-PL\",\"@id\":\"https:\/\/darzdrowia.pl\/ciekawostki\/#\/schema\/person\/image\/\",\"url\":\"https:\/\/secure.gravatar.com\/avatar\/393cb205b658aef6e3271ad5a92265e3e4433d2384bbe95524ba160d5bc20299?s=96&d=mm&r=g\",\"contentUrl\":\"https:\/\/secure.gravatar.com\/avatar\/393cb205b658aef6e3271ad5a92265e3e4433d2384bbe95524ba160d5bc20299?s=96&d=mm&r=g\",\"caption\":\"funkymedia\"},\"sameAs\":[\"https:\/\/darzdrowia.pl\/ciekawostki\"],\"url\":\"https:\/\/darzdrowia.pl\/ciekawostki\/author\/funkymedia\/\"}]}<\/script>\n<!-- \/ Yoast SEO plugin. -->","yoast_head_json":{"title":"Trendy w\u015br\u00f3d kosmetyk\u00f3w do piel\u0119gnacji brody i zarostu u m\u0119\u017cczyzn w sezonie letnim.","description":"Odkryj najnowsze trendy w piel\u0119gnacji brody i zarostu u m\u0119\u017cczyzn na lato! Poznaj produkty, kt\u00f3re pomog\u0105 Ci zadba\u0107 o swoj\u0105 brod\u0119 w ciep\u0142ych miesi\u0105cach. Sprawd\u017a nasz\u0105 ofert\u0119 i b\u0105d\u017a gotowy na letnie wyzwania!","robots":{"index":"index","follow":"follow","max-snippet":"max-snippet:-1","max-image-preview":"max-image-preview:large","max-video-preview":"max-video-preview:-1"},"canonical":"https:\/\/darzdrowia.pl\/ciekawostki\/trendy-wsrod-kosmetykow-do-pielegnacji-brody-i-zarostu-u-mezczyzn-w-sezonie-letnim\/","og_locale":"pl_PL","og_type":"article","og_title":"Trendy w\u015br\u00f3d kosmetyk\u00f3w do piel\u0119gnacji brody i zarostu u m\u0119\u017cczyzn w sezonie letnim.","og_description":"Odkryj najnowsze trendy w piel\u0119gnacji brody i zarostu u m\u0119\u017cczyzn na lato! Poznaj produkty, kt\u00f3re pomog\u0105 Ci zadba\u0107 o swoj\u0105 brod\u0119 w ciep\u0142ych miesi\u0105cach. Sprawd\u017a nasz\u0105 ofert\u0119 i b\u0105d\u017a gotowy na letnie wyzwania!","og_url":"https:\/\/darzdrowia.pl\/ciekawostki\/trendy-wsrod-kosmetykow-do-pielegnacji-brody-i-zarostu-u-mezczyzn-w-sezonie-letnim\/","og_site_name":"Dar Zdrowia Drogeria - Blog","article_publisher":"https:\/\/www.facebook.com\/profile.php?id=100063606935396","article_published_time":"2024-04-19T10:49:42+00:00","author":"funkymedia","twitter_card":"summary_large_image","twitter_misc":{"Napisane przez":"funkymedia","Szacowany czas czytania":"5 minut"},"schema":{"@context":"https:\/\/schema.org","@graph":[{"@type":"Article","@id":"https:\/\/darzdrowia.pl\/ciekawostki\/trendy-wsrod-kosmetykow-do-pielegnacji-brody-i-zarostu-u-mezczyzn-w-sezonie-letnim\/#article","isPartOf":{"@id":"https:\/\/darzdrowia.pl\/ciekawostki\/trendy-wsrod-kosmetykow-do-pielegnacji-brody-i-zarostu-u-mezczyzn-w-sezonie-letnim\/"},"author":{"name":"funkymedia","@id":"https:\/\/darzdrowia.pl\/ciekawostki\/#\/schema\/person\/e75579d624630bf943ac69d374bb928e"},"headline":"Trendy w\u015br\u00f3d kosmetyk\u00f3w do piel\u0119gnacji brody i zarostu u m\u0119\u017cczyzn w sezonie letnim.","datePublished":"2024-04-19T10:49:42+00:00","dateModified":"2024-04-19T10:49:42+00:00","mainEntityOfPage":{"@id":"https:\/\/darzdrowia.pl\/ciekawostki\/trendy-wsrod-kosmetykow-do-pielegnacji-brody-i-zarostu-u-mezczyzn-w-sezonie-letnim\/"},"wordCount":981,"publisher":{"@id":"https:\/\/darzdrowia.pl\/ciekawostki\/#organization"},"inLanguage":"pl-PL"},{"@type":"WebPage","@id":"https:\/\/darzdrowia.pl\/ciekawostki\/trendy-wsrod-kosmetykow-do-pielegnacji-brody-i-zarostu-u-mezczyzn-w-sezonie-letnim\/","url":"https:\/\/darzdrowia.pl\/ciekawostki\/trendy-wsrod-kosmetykow-do-pielegnacji-brody-i-zarostu-u-mezczyzn-w-sezonie-letnim\/","name":"Trendy w\u015br\u00f3d kosmetyk\u00f3w do piel\u0119gnacji brody i zarostu u m\u0119\u017cczyzn w sezonie letnim.","isPartOf":{"@id":"https:\/\/darzdrowia.pl\/ciekawostki\/#website"},"datePublished":"2024-04-19T10:49:42+00:00","dateModified":"2024-04-19T10:49:42+00:00","description":"Odkryj najnowsze trendy w piel\u0119gnacji brody i zarostu u m\u0119\u017cczyzn na lato! Poznaj produkty, kt\u00f3re pomog\u0105 Ci zadba\u0107 o swoj\u0105 brod\u0119 w ciep\u0142ych miesi\u0105cach. Sprawd\u017a nasz\u0105 ofert\u0119 i b\u0105d\u017a gotowy na letnie wyzwania!","breadcrumb":{"@id":"https:\/\/darzdrowia.pl\/ciekawostki\/trendy-wsrod-kosmetykow-do-pielegnacji-brody-i-zarostu-u-mezczyzn-w-sezonie-letnim\/#breadcrumb"},"inLanguage":"pl-PL","potentialAction":[{"@type":"ReadAction","target":["https:\/\/darzdrowia.pl\/ciekawostki\/trendy-wsrod-kosmetykow-do-pielegnacji-brody-i-zarostu-u-mezczyzn-w-sezonie-letnim\/"]}]},{"@type":"BreadcrumbList","@id":"https:\/\/darzdrowia.pl\/ciekawostki\/trendy-wsrod-kosmetykow-do-pielegnacji-brody-i-zarostu-u-mezczyzn-w-sezonie-letnim\/#breadcrumb","itemListElement":[{"@type":"ListItem","position":1,"name":"Strona g\u0142\u00f3wna","item":"https:\/\/darzdrowia.pl\/ciekawostki\/"},{"@type":"ListItem","position":2,"name":"Trendy w\u015br\u00f3d kosmetyk\u00f3w do piel\u0119gnacji brody i zarostu u m\u0119\u017cczyzn w sezonie letnim."}]},{"@type":"WebSite","@id":"https:\/\/darzdrowia.pl\/ciekawostki\/#website","url":"https:\/\/darzdrowia.pl\/ciekawostki\/","name":"Dar Zdrowia Drogeria - Blog","description":"","publisher":{"@id":"https:\/\/darzdrowia.pl\/ciekawostki\/#organization"},"potentialAction":[{"@type":"SearchAction","target":{"@type":"EntryPoint","urlTemplate":"https:\/\/darzdrowia.pl\/ciekawostki\/?s={search_term_string}"},"query-input":"required name=search_term_string"}],"inLanguage":"pl-PL"},{"@type":"Organization","@id":"https:\/\/darzdrowia.pl\/ciekawostki\/#organization","name":"Dar Zdrowia Drogeria - Blog","url":"https:\/\/darzdrowia.pl\/ciekawostki\/","logo":{"@type":"ImageObject","inLanguage":"pl-PL","@id":"https:\/\/darzdrowia.pl\/ciekawostki\/#\/schema\/logo\/image\/","url":"https:\/\/darzdrowia.pl\/ciekawostki\/wp-content\/uploads\/2023\/11\/logo-darzdrowia.webp","contentUrl":"https:\/\/darzdrowia.pl\/ciekawostki\/wp-content\/uploads\/2023\/11\/logo-darzdrowia.webp","width":744,"height":225,"caption":"Dar Zdrowia Drogeria - Blog"},"image":{"@id":"https:\/\/darzdrowia.pl\/ciekawostki\/#\/schema\/logo\/image\/"},"sameAs":["https:\/\/www.facebook.com\/profile.php?id=100063606935396"]},{"@type":"Person","@id":"https:\/\/darzdrowia.pl\/ciekawostki\/#\/schema\/person\/e75579d624630bf943ac69d374bb928e","name":"funkymedia","image":{"@type":"ImageObject","inLanguage":"pl-PL","@id":"https:\/\/darzdrowia.pl\/ciekawostki\/#\/schema\/person\/image\/","url":"https:\/\/secure.gravatar.com\/avatar\/393cb205b658aef6e3271ad5a92265e3e4433d2384bbe95524ba160d5bc20299?s=96&d=mm&r=g","contentUrl":"https:\/\/secure.gravatar.com\/avatar\/393cb205b658aef6e3271ad5a92265e3e4433d2384bbe95524ba160d5bc20299?s=96&d=mm&r=g","caption":"funkymedia"},"sameAs":["https:\/\/darzdrowia.pl\/ciekawostki"],"url":"https:\/\/darzdrowia.pl\/ciekawostki\/author\/funkymedia\/"}]}},"_links":{"self":[{"href":"https:\/\/darzdrowia.pl\/ciekawostki\/wp-json\/wp\/v2\/posts\/2680","targetHints":{"allow":["GET"]}}],"collection":[{"href":"https:\/\/darzdrowia.pl\/ciekawostki\/wp-json\/wp\/v2\/posts"}],"about":[{"href":"https:\/\/darzdrowia.pl\/ciekawostki\/wp-json\/wp\/v2\/types\/post"}],"author":[{"embeddable":true,"href":"https:\/\/darzdrowia.pl\/ciekawostki\/wp-json\/wp\/v2\/users\/1"}],"replies":[{"embeddable":true,"href":"https:\/\/darzdrowia.pl\/ciekawostki\/wp-json\/wp\/v2\/comments?post=2680"}],"version-history":[{"count":0,"href":"https:\/\/darzdrowia.pl\/ciekawostki\/wp-json\/wp\/v2\/posts\/2680\/revisions"}],"wp:attachment":[{"href":"https:\/\/darzdrowia.pl\/ciekawostki\/wp-json\/wp\/v2\/media?parent=2680"}],"wp:term":[{"taxonomy":"category","embeddable":true,"href":"https:\/\/darzdrowia.pl\/ciekawostki\/wp-json\/wp\/v2\/categories?post=2680"},{"taxonomy":"post_tag","embeddable":true,"href":"https:\/\/darzdrowia.pl\/ciekawostki\/wp-json\/wp\/v2\/tags?post=2680"}],"curies":[{"name":"wp","href":"https:\/\/api.w.org\/{rel}","templated":true}]}}