{"id":1754,"date":"2024-02-27T13:59:30","date_gmt":"2024-02-27T12:59:30","guid":{"rendered":"https:\/\/darzdrowia.pl\/ciekawostki\/krem-z-filtrem-spf-a-zapobieganie-zapaleniu-skory-spowodowanemu-promieniowaniem-uv\/"},"modified":"2024-02-27T13:59:30","modified_gmt":"2024-02-27T12:59:30","slug":"krem-z-filtrem-spf-a-zapobieganie-zapaleniu-skory-spowodowanemu-promieniowaniem-uv","status":"publish","type":"post","link":"https:\/\/darzdrowia.pl\/ciekawostki\/krem-z-filtrem-spf-a-zapobieganie-zapaleniu-skory-spowodowanemu-promieniowaniem-uv\/","title":{"rendered":"Krem z filtrem SPF a zapobieganie zapaleniu sk\u00f3ry spowodowanemu promieniowaniem UV"},"content":{"rendered":"\n<p>Krem z filtrem SPF jest jednym z najwa\u017cniejszych produkt\u00f3w do piel\u0119gnacji sk\u00f3ry, szczeg\u00f3lnie w okresie letnim. Jego g\u0142\u00f3wnym zadaniem jest ochrona przed szkodliwym promieniowaniem UV, kt\u00f3re mo\u017ce powodowa\u0107 wiele niekorzystnych skutk\u00f3w dla naszej sk\u00f3ry. W\u0142a\u015bciwe stosowanie kremu z filtrem SPF mo\u017ce zapobiec wyst\u0105pieniu zapalenia sk\u00f3ry, kt\u00f3re jest jednym z najcz\u0119stszych problem\u00f3w dermatologicznych wywo\u0142anych przez s\u0142o\u0144ce. W tym wprowadzeniu dowiesz si\u0119 wi\u0119cej o roli kremu z filtrem SPF w zapobieganiu zapaleniu sk\u00f3ry spowodowanemu promieniowaniem UV oraz jakie korzy\u015bci przynosi jego regularne stosowanie.<\/p>\n\n\n\n<h2 class=\"wp-block-heading\">Dlaczego krem z filtrem SPF jest niezb\u0119dnym elementem codziennej piel\u0119gnacji sk\u00f3ry?<\/h2>\n\n\n\n<p>Krem z filtrem SPF jest nieod\u0142\u0105cznym elementem codziennej piel\u0119gnacji sk\u00f3ry. Dlaczego? Poniewa\u017c chroni on nasz\u0105 sk\u00f3r\u0119 przed szkodliwym promieniowaniem UV, kt\u00f3re mo\u017ce powodowa\u0107 wiele problem\u00f3w, takich jak przedwczesne starzenie si\u0119 sk\u00f3ry, przebarwienia czy nawet raka sk\u00f3ry. Regularne stosowanie kremu z filtrem SPF pomaga r\u00f3wnie\u017c zachowa\u0107 r\u00f3wnowag\u0119 wilgotno\u015bci sk\u00f3ry oraz zapobiega jej przesuszeniu. Dzi\u0119ki temu nasza sk\u00f3ra pozostaje zdrowa i pi\u0119kna przez d\u0142u\u017cszy czas. Dlatego warto w\u0142\u0105czy\u0107 krem z filtrem SPF do swojej codziennej rutyny piel\u0119gnacyjnej.<\/p>\n\n\n\n<h2 class=\"wp-block-heading\">Jakie s\u0105 najwa\u017cniejsze sk\u0142adniki krem\u00f3w z filtrem SPF i jak dzia\u0142aj\u0105 na nasz\u0105 sk\u00f3r\u0119?<\/h2>\n\n\n\n<p>Kremy z filtrem SPF s\u0105 niezb\u0119dnym elementem piel\u0119gnacji sk\u00f3ry, szczeg\u00f3lnie w okresie letnim. Ich g\u0142\u00f3wnym zadaniem jest ochrona przed szkodliwym promieniowaniem UV, kt\u00f3re mo\u017ce powodowa\u0107 starzenie si\u0119 sk\u00f3ry, przebarwienia oraz nawet raka sk\u00f3ry.<\/p>\n\n\n\n<p>Najwa\u017cniejszym sk\u0142adnikiem krem\u00f3w z filtrem SPF jest oczywi\u015bcie filtr s\u0142oneczny, kt\u00f3ry dzia\u0142a jak tarcza chroni\u0105ca nasz\u0105 sk\u00f3r\u0119 przed promieniowaniem UV. Najcz\u0119\u015bciej stosowane filtry to tlenek cynku i dwutlenek tytanu, kt\u00f3re s\u0105 bezpieczne dla sk\u00f3ry i nie powoduj\u0105 podra\u017cnie\u0144.<\/p>\n\n\n\n<p>Dodatkowo, w kremach z filtrem SPF znajduj\u0105 si\u0119 r\u00f3wnie\u017c substancje nawil\u017caj\u0105ce, takie jak gliceryna czy kwas hialuronowy. Dzi\u0119ki nim nasza sk\u00f3ra jest odpowiednio nawil\u017cona i chroniona przed utrat\u0105 wilgoci.<\/p>\n\n\n\n<p>Innym wa\u017cnym sk\u0142adnikiem jest witamina E, kt\u00f3ra dzia\u0142a jako silny antyoksydant i pomaga w walce ze szkodliwymi wolnymi rodnikami. Dodatkowo, witamina E wspomaga regeneracj\u0119 sk\u00f3ry po ekspozycji na s\u0142o\u0144ce.<\/p>\n\n\n\n<p>Warto r\u00f3wnie\u017c zwraca\u0107 uwag\u0119 na zawarto\u015b\u0107 naturalnych olejk\u00f3w ro\u015blinnych w kremach z filtrem SPF. Olejki te maj\u0105 dzia\u0142anie przeciwzapalne i \u0142agodz\u0105ce podra\u017cnienia spowodowane przez s\u0142o\u0144ce.<\/p>\n\n\n\n<p>Podsumowuj\u0105c, najwa\u017cniejszymi sk\u0142adnikami krem\u00f3w z filtrem SPF s\u0105 filtry s\u0142oneczne, substancje nawil\u017caj\u0105ce, witamina E oraz naturalne olejki ro\u015blinne. Dzi\u0119ki nim nasza sk\u00f3ra jest chroniona przed szkodliwym promieniowaniem UV oraz odpowiednio nawil\u017cona i od\u017cywiona. Pami\u0119tajmy o regularnym stosowaniu krem\u00f3w z filtrem SPF, aby zachowa\u0107 zdrow\u0105 i pi\u0119kn\u0105 sk\u00f3r\u0119.<\/p>\n\n\n\n<h2 class=\"wp-block-heading\">Zapobieganie zapaleniu sk\u00f3ry spowodowanemu promieniowaniem UV &#8211; jakie kroki nale\u017cy podj\u0105\u0107 opr\u00f3cz stosowania kremu z filtrem SPF?<\/h2>\n\n\n\n<p>Aby zapobiec zapaleniu sk\u00f3ry spowodowanemu promieniowaniem UV, nale\u017cy podj\u0105\u0107 kilka krok\u00f3w. Po pierwsze, nale\u017cy unika\u0107 ekspozycji na s\u0142o\u0144ce w godzinach najwi\u0119kszego nas\u0142onecznienia, czyli mi\u0119dzy 10 a 16. Nale\u017cy r\u00f3wnie\u017c nosi\u0107 odpowiedni\u0105 odzie\u017c, kt\u00f3ra b\u0119dzie chroni\u0107 sk\u00f3r\u0119 przed promieniowaniem UV. Wa\u017cne jest tak\u017ce stosowanie kremu z filtrem SPF o odpowiednim stopniu ochrony dla swojego typu sk\u00f3ry. Dodatkowo, mo\u017cna r\u00f3wnie\u017c u\u017cywa\u0107 nakry\u0107 g\u0142owy, takich jak kapelusze lub chusty, aby chroni\u0107 twarz i szyj\u0119. Pami\u0119tajmy r\u00f3wnie\u017c o regularnym nawadnianiu organizmu oraz unikaniu solarium. Dzi\u0119ki tym prostym krokom mo\u017cemy skutecznie zapobiega\u0107 zapaleniu sk\u00f3ry spowodowanemu promieniowaniem UV.<\/p>\n\n\n\n<p>Krem z filtrem SPF jest niezwykle wa\u017cnym produktem w codziennej piel\u0119gnacji sk\u00f3ry, poniewa\u017c zapewnia on ochron\u0119 przed szkodliwym promieniowaniem UV. Dzi\u0119ki niemu mo\u017cemy zapobiec powstawaniu niebezpiecznych zmian sk\u00f3rnych, takich jak zapalenie sk\u00f3ry spowodowane promieniowaniem UV. Regularne stosowanie kremu z filtrem SPF pozwala nam cieszy\u0107 si\u0119 pi\u0119kn\u0105 i zdrow\u0105 sk\u00f3r\u0105, jednocze\u015bnie minimalizuj\u0105c ryzyko wyst\u0105pienia chor\u00f3b sk\u00f3ry zwi\u0105zanych z nadmiernym nara\u017ceniem na s\u0142o\u0144ce. Warto pami\u0119ta\u0107 o tym, \u017ce promieniowanie UV jest obecne przez ca\u0142y rok, nawet w ch\u0142odniejszych miesi\u0105cach, dlatego te\u017c krem z filtrem SPF powinien by\u0107 stosowany nie tylko latem, ale r\u00f3wnie\u017c jesieni\u0105 i zim\u0105. Dzi\u0119ki temu nasza sk\u00f3ra b\u0119dzie odpowiednio chroniona i zachowa m\u0142ody wygl\u0105d na d\u0142u\u017cej. Pami\u0119tajmy wi\u0119c o regularnym stosowaniu kremu z filtrem SPF oraz unikajmy nadmiernego nara\u017cania si\u0119 na s\u0142o\u0144ce, aby cieszy\u0107 si\u0119 pi\u0119kn\u0105 i zdrow\u0105 sk\u00f3r\u0105 przez wiele lat.<\/p>\n","protected":false},"excerpt":{"rendered":"<p>Krem z filtrem SPF jest jednym z najwa\u017cniejszych produkt\u00f3w do piel\u0119gnacji sk\u00f3ry, szczeg\u00f3lnie w okresie letnim. Jego g\u0142\u00f3wnym zadaniem jest ochrona przed szkodliwym promieniowaniem UV, kt\u00f3re mo\u017ce powodowa\u0107 wiele niekorzystnych skutk\u00f3w dla naszej sk\u00f3ry. W\u0142a\u015bciwe stosowanie kremu z filtrem SPF mo\u017ce zapobiec wyst\u0105pieniu zapalenia sk\u00f3ry, kt\u00f3re jest jednym z najcz\u0119stszych problem\u00f3w dermatologicznych wywo\u0142anych przez s\u0142o\u0144ce. [&hellip;]<\/p>\n","protected":false},"author":1,"featured_media":0,"comment_status":"","ping_status":"open","sticky":false,"template":"","format":"standard","meta":{"footnotes":""},"categories":[1],"tags":[],"class_list":["post-1754","post","type-post","status-publish","format-standard","hentry","category-bez-kategorii"],"fm_meta_title":"Krem z filtrem SPF a zapobieganie zapaleniu sk\u00f3ry spowodowanemu promieniowaniem UV","fm_meta_description":"Zapewnij swojej sk\u00f3rze ochron\u0119 przed szkodliwym promieniowaniem UV dzi\u0119ki naszemu kremowi z filtrem SPF! Zawarty w nim filtr zapobiegnie zapaleniu sk\u00f3ry, a Ty b\u0119dziesz mog\u0142a cieszy\u0107 si\u0119 pi\u0119knym i zdrowym wygl\u0105dem. Sprawd\u017a ju\u017c teraz!","yoast_head":"<!-- This site is optimized with the Yoast SEO plugin v21.5 - https:\/\/yoast.com\/wordpress\/plugins\/seo\/ -->\n<title>Krem z filtrem SPF a zapobieganie zapaleniu sk\u00f3ry spowodowanemu promieniowaniem UV<\/title>\n<meta name=\"description\" content=\"Zapewnij swojej sk\u00f3rze ochron\u0119 przed szkodliwym promieniowaniem UV dzi\u0119ki naszemu kremowi z filtrem SPF! Zawarty w nim filtr zapobiegnie zapaleniu sk\u00f3ry, a Ty b\u0119dziesz mog\u0142a cieszy\u0107 si\u0119 pi\u0119knym i zdrowym wygl\u0105dem. Sprawd\u017a ju\u017c teraz!\" \/>\n<meta name=\"robots\" content=\"index, follow, max-snippet:-1, max-image-preview:large, max-video-preview:-1\" \/>\n<link rel=\"canonical\" href=\"https:\/\/darzdrowia.pl\/ciekawostki\/krem-z-filtrem-spf-a-zapobieganie-zapaleniu-skory-spowodowanemu-promieniowaniem-uv\/\" \/>\n<meta property=\"og:locale\" content=\"pl_PL\" \/>\n<meta property=\"og:type\" content=\"article\" \/>\n<meta property=\"og:title\" content=\"Krem z filtrem SPF a zapobieganie zapaleniu sk\u00f3ry spowodowanemu promieniowaniem UV\" \/>\n<meta property=\"og:description\" content=\"Zapewnij swojej sk\u00f3rze ochron\u0119 przed szkodliwym promieniowaniem UV dzi\u0119ki naszemu kremowi z filtrem SPF! Zawarty w nim filtr zapobiegnie zapaleniu sk\u00f3ry, a Ty b\u0119dziesz mog\u0142a cieszy\u0107 si\u0119 pi\u0119knym i zdrowym wygl\u0105dem. Sprawd\u017a ju\u017c teraz!\" \/>\n<meta property=\"og:url\" content=\"https:\/\/darzdrowia.pl\/ciekawostki\/krem-z-filtrem-spf-a-zapobieganie-zapaleniu-skory-spowodowanemu-promieniowaniem-uv\/\" \/>\n<meta property=\"og:site_name\" content=\"Dar Zdrowia Drogeria - Blog\" \/>\n<meta property=\"article:publisher\" content=\"https:\/\/www.facebook.com\/profile.php?id=100063606935396\" \/>\n<meta property=\"article:published_time\" content=\"2024-02-27T12:59:30+00:00\" \/>\n<meta name=\"author\" content=\"funkymedia\" \/>\n<meta name=\"twitter:card\" content=\"summary_large_image\" \/>\n<meta name=\"twitter:label1\" content=\"Napisane przez\" \/>\n\t<meta name=\"twitter:data1\" content=\"funkymedia\" \/>\n\t<meta name=\"twitter:label2\" content=\"Szacowany czas czytania\" \/>\n\t<meta name=\"twitter:data2\" content=\"4 minuty\" \/>\n<script type=\"application\/ld+json\" class=\"yoast-schema-graph\">{\"@context\":\"https:\/\/schema.org\",\"@graph\":[{\"@type\":\"Article\",\"@id\":\"https:\/\/darzdrowia.pl\/ciekawostki\/krem-z-filtrem-spf-a-zapobieganie-zapaleniu-skory-spowodowanemu-promieniowaniem-uv\/#article\",\"isPartOf\":{\"@id\":\"https:\/\/darzdrowia.pl\/ciekawostki\/krem-z-filtrem-spf-a-zapobieganie-zapaleniu-skory-spowodowanemu-promieniowaniem-uv\/\"},\"author\":{\"name\":\"funkymedia\",\"@id\":\"https:\/\/darzdrowia.pl\/ciekawostki\/#\/schema\/person\/e75579d624630bf943ac69d374bb928e\"},\"headline\":\"Krem z filtrem SPF a zapobieganie zapaleniu sk\u00f3ry spowodowanemu promieniowaniem UV\",\"datePublished\":\"2024-02-27T12:59:30+00:00\",\"dateModified\":\"2024-02-27T12:59:30+00:00\",\"mainEntityOfPage\":{\"@id\":\"https:\/\/darzdrowia.pl\/ciekawostki\/krem-z-filtrem-spf-a-zapobieganie-zapaleniu-skory-spowodowanemu-promieniowaniem-uv\/\"},\"wordCount\":811,\"publisher\":{\"@id\":\"https:\/\/darzdrowia.pl\/ciekawostki\/#organization\"},\"inLanguage\":\"pl-PL\"},{\"@type\":\"WebPage\",\"@id\":\"https:\/\/darzdrowia.pl\/ciekawostki\/krem-z-filtrem-spf-a-zapobieganie-zapaleniu-skory-spowodowanemu-promieniowaniem-uv\/\",\"url\":\"https:\/\/darzdrowia.pl\/ciekawostki\/krem-z-filtrem-spf-a-zapobieganie-zapaleniu-skory-spowodowanemu-promieniowaniem-uv\/\",\"name\":\"Krem z filtrem SPF a zapobieganie zapaleniu sk\u00f3ry spowodowanemu promieniowaniem UV\",\"isPartOf\":{\"@id\":\"https:\/\/darzdrowia.pl\/ciekawostki\/#website\"},\"datePublished\":\"2024-02-27T12:59:30+00:00\",\"dateModified\":\"2024-02-27T12:59:30+00:00\",\"description\":\"Zapewnij swojej sk\u00f3rze ochron\u0119 przed szkodliwym promieniowaniem UV dzi\u0119ki naszemu kremowi z filtrem SPF! Zawarty w nim filtr zapobiegnie zapaleniu sk\u00f3ry, a Ty b\u0119dziesz mog\u0142a cieszy\u0107 si\u0119 pi\u0119knym i zdrowym wygl\u0105dem. Sprawd\u017a ju\u017c teraz!\",\"breadcrumb\":{\"@id\":\"https:\/\/darzdrowia.pl\/ciekawostki\/krem-z-filtrem-spf-a-zapobieganie-zapaleniu-skory-spowodowanemu-promieniowaniem-uv\/#breadcrumb\"},\"inLanguage\":\"pl-PL\",\"potentialAction\":[{\"@type\":\"ReadAction\",\"target\":[\"https:\/\/darzdrowia.pl\/ciekawostki\/krem-z-filtrem-spf-a-zapobieganie-zapaleniu-skory-spowodowanemu-promieniowaniem-uv\/\"]}]},{\"@type\":\"BreadcrumbList\",\"@id\":\"https:\/\/darzdrowia.pl\/ciekawostki\/krem-z-filtrem-spf-a-zapobieganie-zapaleniu-skory-spowodowanemu-promieniowaniem-uv\/#breadcrumb\",\"itemListElement\":[{\"@type\":\"ListItem\",\"position\":1,\"name\":\"Strona g\u0142\u00f3wna\",\"item\":\"https:\/\/darzdrowia.pl\/ciekawostki\/\"},{\"@type\":\"ListItem\",\"position\":2,\"name\":\"Krem z filtrem SPF a zapobieganie zapaleniu sk\u00f3ry spowodowanemu promieniowaniem UV\"}]},{\"@type\":\"WebSite\",\"@id\":\"https:\/\/darzdrowia.pl\/ciekawostki\/#website\",\"url\":\"https:\/\/darzdrowia.pl\/ciekawostki\/\",\"name\":\"Dar Zdrowia Drogeria - Blog\",\"description\":\"\",\"publisher\":{\"@id\":\"https:\/\/darzdrowia.pl\/ciekawostki\/#organization\"},\"potentialAction\":[{\"@type\":\"SearchAction\",\"target\":{\"@type\":\"EntryPoint\",\"urlTemplate\":\"https:\/\/darzdrowia.pl\/ciekawostki\/?s={search_term_string}\"},\"query-input\":\"required name=search_term_string\"}],\"inLanguage\":\"pl-PL\"},{\"@type\":\"Organization\",\"@id\":\"https:\/\/darzdrowia.pl\/ciekawostki\/#organization\",\"name\":\"Dar Zdrowia Drogeria - Blog\",\"url\":\"https:\/\/darzdrowia.pl\/ciekawostki\/\",\"logo\":{\"@type\":\"ImageObject\",\"inLanguage\":\"pl-PL\",\"@id\":\"https:\/\/darzdrowia.pl\/ciekawostki\/#\/schema\/logo\/image\/\",\"url\":\"https:\/\/darzdrowia.pl\/ciekawostki\/wp-content\/uploads\/2023\/11\/logo-darzdrowia.webp\",\"contentUrl\":\"https:\/\/darzdrowia.pl\/ciekawostki\/wp-content\/uploads\/2023\/11\/logo-darzdrowia.webp\",\"width\":744,\"height\":225,\"caption\":\"Dar Zdrowia Drogeria - Blog\"},\"image\":{\"@id\":\"https:\/\/darzdrowia.pl\/ciekawostki\/#\/schema\/logo\/image\/\"},\"sameAs\":[\"https:\/\/www.facebook.com\/profile.php?id=100063606935396\"]},{\"@type\":\"Person\",\"@id\":\"https:\/\/darzdrowia.pl\/ciekawostki\/#\/schema\/person\/e75579d624630bf943ac69d374bb928e\",\"name\":\"funkymedia\",\"image\":{\"@type\":\"ImageObject\",\"inLanguage\":\"pl-PL\",\"@id\":\"https:\/\/darzdrowia.pl\/ciekawostki\/#\/schema\/person\/image\/\",\"url\":\"https:\/\/secure.gravatar.com\/avatar\/393cb205b658aef6e3271ad5a92265e3e4433d2384bbe95524ba160d5bc20299?s=96&d=mm&r=g\",\"contentUrl\":\"https:\/\/secure.gravatar.com\/avatar\/393cb205b658aef6e3271ad5a92265e3e4433d2384bbe95524ba160d5bc20299?s=96&d=mm&r=g\",\"caption\":\"funkymedia\"},\"sameAs\":[\"https:\/\/darzdrowia.pl\/ciekawostki\"],\"url\":\"https:\/\/darzdrowia.pl\/ciekawostki\/author\/funkymedia\/\"}]}<\/script>\n<!-- \/ Yoast SEO plugin. -->","yoast_head_json":{"title":"Krem z filtrem SPF a zapobieganie zapaleniu sk\u00f3ry spowodowanemu promieniowaniem UV","description":"Zapewnij swojej sk\u00f3rze ochron\u0119 przed szkodliwym promieniowaniem UV dzi\u0119ki naszemu kremowi z filtrem SPF! Zawarty w nim filtr zapobiegnie zapaleniu sk\u00f3ry, a Ty b\u0119dziesz mog\u0142a cieszy\u0107 si\u0119 pi\u0119knym i zdrowym wygl\u0105dem. Sprawd\u017a ju\u017c teraz!","robots":{"index":"index","follow":"follow","max-snippet":"max-snippet:-1","max-image-preview":"max-image-preview:large","max-video-preview":"max-video-preview:-1"},"canonical":"https:\/\/darzdrowia.pl\/ciekawostki\/krem-z-filtrem-spf-a-zapobieganie-zapaleniu-skory-spowodowanemu-promieniowaniem-uv\/","og_locale":"pl_PL","og_type":"article","og_title":"Krem z filtrem SPF a zapobieganie zapaleniu sk\u00f3ry spowodowanemu promieniowaniem UV","og_description":"Zapewnij swojej sk\u00f3rze ochron\u0119 przed szkodliwym promieniowaniem UV dzi\u0119ki naszemu kremowi z filtrem SPF! Zawarty w nim filtr zapobiegnie zapaleniu sk\u00f3ry, a Ty b\u0119dziesz mog\u0142a cieszy\u0107 si\u0119 pi\u0119knym i zdrowym wygl\u0105dem. Sprawd\u017a ju\u017c teraz!","og_url":"https:\/\/darzdrowia.pl\/ciekawostki\/krem-z-filtrem-spf-a-zapobieganie-zapaleniu-skory-spowodowanemu-promieniowaniem-uv\/","og_site_name":"Dar Zdrowia Drogeria - Blog","article_publisher":"https:\/\/www.facebook.com\/profile.php?id=100063606935396","article_published_time":"2024-02-27T12:59:30+00:00","author":"funkymedia","twitter_card":"summary_large_image","twitter_misc":{"Napisane przez":"funkymedia","Szacowany czas czytania":"4 minuty"},"schema":{"@context":"https:\/\/schema.org","@graph":[{"@type":"Article","@id":"https:\/\/darzdrowia.pl\/ciekawostki\/krem-z-filtrem-spf-a-zapobieganie-zapaleniu-skory-spowodowanemu-promieniowaniem-uv\/#article","isPartOf":{"@id":"https:\/\/darzdrowia.pl\/ciekawostki\/krem-z-filtrem-spf-a-zapobieganie-zapaleniu-skory-spowodowanemu-promieniowaniem-uv\/"},"author":{"name":"funkymedia","@id":"https:\/\/darzdrowia.pl\/ciekawostki\/#\/schema\/person\/e75579d624630bf943ac69d374bb928e"},"headline":"Krem z filtrem SPF a zapobieganie zapaleniu sk\u00f3ry spowodowanemu promieniowaniem UV","datePublished":"2024-02-27T12:59:30+00:00","dateModified":"2024-02-27T12:59:30+00:00","mainEntityOfPage":{"@id":"https:\/\/darzdrowia.pl\/ciekawostki\/krem-z-filtrem-spf-a-zapobieganie-zapaleniu-skory-spowodowanemu-promieniowaniem-uv\/"},"wordCount":811,"publisher":{"@id":"https:\/\/darzdrowia.pl\/ciekawostki\/#organization"},"inLanguage":"pl-PL"},{"@type":"WebPage","@id":"https:\/\/darzdrowia.pl\/ciekawostki\/krem-z-filtrem-spf-a-zapobieganie-zapaleniu-skory-spowodowanemu-promieniowaniem-uv\/","url":"https:\/\/darzdrowia.pl\/ciekawostki\/krem-z-filtrem-spf-a-zapobieganie-zapaleniu-skory-spowodowanemu-promieniowaniem-uv\/","name":"Krem z filtrem SPF a zapobieganie zapaleniu sk\u00f3ry spowodowanemu promieniowaniem UV","isPartOf":{"@id":"https:\/\/darzdrowia.pl\/ciekawostki\/#website"},"datePublished":"2024-02-27T12:59:30+00:00","dateModified":"2024-02-27T12:59:30+00:00","description":"Zapewnij swojej sk\u00f3rze ochron\u0119 przed szkodliwym promieniowaniem UV dzi\u0119ki naszemu kremowi z filtrem SPF! Zawarty w nim filtr zapobiegnie zapaleniu sk\u00f3ry, a Ty b\u0119dziesz mog\u0142a cieszy\u0107 si\u0119 pi\u0119knym i zdrowym wygl\u0105dem. Sprawd\u017a ju\u017c teraz!","breadcrumb":{"@id":"https:\/\/darzdrowia.pl\/ciekawostki\/krem-z-filtrem-spf-a-zapobieganie-zapaleniu-skory-spowodowanemu-promieniowaniem-uv\/#breadcrumb"},"inLanguage":"pl-PL","potentialAction":[{"@type":"ReadAction","target":["https:\/\/darzdrowia.pl\/ciekawostki\/krem-z-filtrem-spf-a-zapobieganie-zapaleniu-skory-spowodowanemu-promieniowaniem-uv\/"]}]},{"@type":"BreadcrumbList","@id":"https:\/\/darzdrowia.pl\/ciekawostki\/krem-z-filtrem-spf-a-zapobieganie-zapaleniu-skory-spowodowanemu-promieniowaniem-uv\/#breadcrumb","itemListElement":[{"@type":"ListItem","position":1,"name":"Strona g\u0142\u00f3wna","item":"https:\/\/darzdrowia.pl\/ciekawostki\/"},{"@type":"ListItem","position":2,"name":"Krem z filtrem SPF a zapobieganie zapaleniu sk\u00f3ry spowodowanemu promieniowaniem UV"}]},{"@type":"WebSite","@id":"https:\/\/darzdrowia.pl\/ciekawostki\/#website","url":"https:\/\/darzdrowia.pl\/ciekawostki\/","name":"Dar Zdrowia Drogeria - Blog","description":"","publisher":{"@id":"https:\/\/darzdrowia.pl\/ciekawostki\/#organization"},"potentialAction":[{"@type":"SearchAction","target":{"@type":"EntryPoint","urlTemplate":"https:\/\/darzdrowia.pl\/ciekawostki\/?s={search_term_string}"},"query-input":"required name=search_term_string"}],"inLanguage":"pl-PL"},{"@type":"Organization","@id":"https:\/\/darzdrowia.pl\/ciekawostki\/#organization","name":"Dar Zdrowia Drogeria - Blog","url":"https:\/\/darzdrowia.pl\/ciekawostki\/","logo":{"@type":"ImageObject","inLanguage":"pl-PL","@id":"https:\/\/darzdrowia.pl\/ciekawostki\/#\/schema\/logo\/image\/","url":"https:\/\/darzdrowia.pl\/ciekawostki\/wp-content\/uploads\/2023\/11\/logo-darzdrowia.webp","contentUrl":"https:\/\/darzdrowia.pl\/ciekawostki\/wp-content\/uploads\/2023\/11\/logo-darzdrowia.webp","width":744,"height":225,"caption":"Dar Zdrowia Drogeria - Blog"},"image":{"@id":"https:\/\/darzdrowia.pl\/ciekawostki\/#\/schema\/logo\/image\/"},"sameAs":["https:\/\/www.facebook.com\/profile.php?id=100063606935396"]},{"@type":"Person","@id":"https:\/\/darzdrowia.pl\/ciekawostki\/#\/schema\/person\/e75579d624630bf943ac69d374bb928e","name":"funkymedia","image":{"@type":"ImageObject","inLanguage":"pl-PL","@id":"https:\/\/darzdrowia.pl\/ciekawostki\/#\/schema\/person\/image\/","url":"https:\/\/secure.gravatar.com\/avatar\/393cb205b658aef6e3271ad5a92265e3e4433d2384bbe95524ba160d5bc20299?s=96&d=mm&r=g","contentUrl":"https:\/\/secure.gravatar.com\/avatar\/393cb205b658aef6e3271ad5a92265e3e4433d2384bbe95524ba160d5bc20299?s=96&d=mm&r=g","caption":"funkymedia"},"sameAs":["https:\/\/darzdrowia.pl\/ciekawostki"],"url":"https:\/\/darzdrowia.pl\/ciekawostki\/author\/funkymedia\/"}]}},"_links":{"self":[{"href":"https:\/\/darzdrowia.pl\/ciekawostki\/wp-json\/wp\/v2\/posts\/1754","targetHints":{"allow":["GET"]}}],"collection":[{"href":"https:\/\/darzdrowia.pl\/ciekawostki\/wp-json\/wp\/v2\/posts"}],"about":[{"href":"https:\/\/darzdrowia.pl\/ciekawostki\/wp-json\/wp\/v2\/types\/post"}],"author":[{"embeddable":true,"href":"https:\/\/darzdrowia.pl\/ciekawostki\/wp-json\/wp\/v2\/users\/1"}],"replies":[{"embeddable":true,"href":"https:\/\/darzdrowia.pl\/ciekawostki\/wp-json\/wp\/v2\/comments?post=1754"}],"version-history":[{"count":0,"href":"https:\/\/darzdrowia.pl\/ciekawostki\/wp-json\/wp\/v2\/posts\/1754\/revisions"}],"wp:attachment":[{"href":"https:\/\/darzdrowia.pl\/ciekawostki\/wp-json\/wp\/v2\/media?parent=1754"}],"wp:term":[{"taxonomy":"category","embeddable":true,"href":"https:\/\/darzdrowia.pl\/ciekawostki\/wp-json\/wp\/v2\/categories?post=1754"},{"taxonomy":"post_tag","embeddable":true,"href":"https:\/\/darzdrowia.pl\/ciekawostki\/wp-json\/wp\/v2\/tags?post=1754"}],"curies":[{"name":"wp","href":"https:\/\/api.w.org\/{rel}","templated":true}]}}