{"id":1747,"date":"2024-02-27T13:52:30","date_gmt":"2024-02-27T12:52:30","guid":{"rendered":"https:\/\/darzdrowia.pl\/ciekawostki\/jakie-sa-mity-dotyczace-stosowania-kremow-z-filtrem-spf\/"},"modified":"2024-02-27T13:52:30","modified_gmt":"2024-02-27T12:52:30","slug":"jakie-sa-mity-dotyczace-stosowania-kremow-z-filtrem-spf","status":"publish","type":"post","link":"https:\/\/darzdrowia.pl\/ciekawostki\/jakie-sa-mity-dotyczace-stosowania-kremow-z-filtrem-spf\/","title":{"rendered":"Jakie s\u0105 mity dotycz\u0105ce stosowania krem\u00f3w z filtrem SPF"},"content":{"rendered":"\n<p>Kremy z filtrem SPF s\u0105 nieod\u0142\u0105cznym elementem piel\u0119gnacji sk\u00f3ry, szczeg\u00f3lnie w okresie letnim. Jednak wok\u00f3\u0142 nich naros\u0142o wiele mit\u00f3w, kt\u00f3re mog\u0105 wprowadza\u0107 nas w b\u0142\u0105d i utrudnia\u0107 w\u0142a\u015bciwe korzystanie z tych produkt\u00f3w. W tym wprowadzeniu przyjrzymy si\u0119 najcz\u0119stszym mitom dotycz\u0105cym stosowania krem\u00f3w z filtrem SPF oraz wyja\u015bnimy, jakie s\u0105 fakty na ich temat. Dzi\u0119ki temu b\u0119dziemy mogli lepiej zadba\u0107 o nasz\u0105 sk\u00f3r\u0119 i cieszy\u0107 si\u0119 bezpiecznym opalaniem.<\/p>\n\n\n\n<h2 class=\"wp-block-heading\">5 najpopularniejszych mit\u00f3w dotycz\u0105cych krem\u00f3w z filtrem SPF &#8211; czy s\u0105 prawdziwe?<\/h2>\n\n\n\n<p>1. &#8222;Nie potrzebuj\u0119 kremu z filtrem SPF, poniewa\u017c mam ciemn\u0105 sk\u00f3r\u0119&#8221; &#8211; MIT<\/p>\n\n\n\n<p>Prawda jest taka, \u017ce niezale\u017cnie od koloru sk\u00f3ry, ka\u017cdy powinien stosowa\u0107 krem z filtrem SPF. Cho\u0107 ciemniejsza sk\u00f3ra mo\u017ce by\u0107 bardziej odporna na promieniowanie UV, wci\u0105\u017c jest nara\u017cona na uszkodzenia i ryzyko wyst\u0105pienia raka sk\u00f3ry.<\/p>\n\n\n\n<p>2. &#8222;Krem z filtrem SPF chroni mnie przez ca\u0142y dzie\u0144&#8221; &#8211; MIT<\/p>\n\n\n\n<p>Niestety, wi\u0119kszo\u015b\u0107 krem\u00f3w z filtrem SPF trzeba nak\u0142ada\u0107 co 2-3 godziny, aby zapewni\u0107 odpowiedni\u0105 ochron\u0119 przed s\u0142o\u0144cem. W szczeg\u00f3lno\u015bci podczas intensywnego opalania lub p\u0142ywania.<\/p>\n\n\n\n<p>3. &#8222;Kosmetyki z wysokim filtrem SPF s\u0105 lepsze&#8221; &#8211; MIT<\/p>\n\n\n\n<p>Wiele os\u00f3b uwa\u017ca, \u017ce im wy\u017cszy filtr SPF w kosmetykach, tym lepsza ochrona przed s\u0142o\u0144cem. Jednak r\u00f3\u017cnica mi\u0119dzy filtrem 30 a 50 jest minimalna i nie ma potrzeby przep\u0142aca\u0107 za wy\u017cszy filtr.<\/p>\n\n\n\n<p>4. &#8222;Kosmetyki z filtrem SPF nie s\u0105 potrzebne w ch\u0142odne dni&#8221; &#8211; MIT<\/p>\n\n\n\n<p>Promieniowanie UV jest obecne przez ca\u0142y rok, nawet w pochmurne dni. Dlatego wa\u017cne jest stosowanie krem\u00f3w z filtrem SPF niezale\u017cnie od pory roku.<\/p>\n\n\n\n<p>5. &#8222;Kosmetyki z filtrem SPF nie s\u0105 potrzebne, je\u015bli u\u017cywam makija\u017cu z filtrem&#8221; &#8211; MIT<\/p>\n\n\n\n<p>Cho\u0107 niekt\u00f3re kosmetyki mog\u0105 mie\u0107 niski filtr SPF, to wci\u0105\u017c nie zapewniaj\u0105 one wystarczaj\u0105cej ochrony przed s\u0142o\u0144cem. Dlatego wa\u017cne jest stosowanie krem\u00f3w z filtrem SPF pod makija\u017cem.<\/p>\n\n\n\n<h2 class=\"wp-block-heading\">Czy stosowanie kremu z filtrem SPF przez ca\u0142y rok jest konieczne? Rozprawiamy si\u0119 z mitami na ten temat<\/h2>\n\n\n\n<p>Czy nale\u017cy stosowa\u0107 krem z filtrem SPF przez ca\u0142y rok? To pytanie cz\u0119sto zadawane, a odpowied\u017a na nie mo\u017ce by\u0107 zaskakuj\u0105ca. Rozprawiamy si\u0119 z mitami na ten temat.<\/p>\n\n\n\n<p>Wielu ludzi uwa\u017ca, \u017ce krem z filtrem SPF jest potrzebny tylko w okresie letnim, gdy s\u0142o\u0144ce jest najmocniejsze. Jednak prawda jest taka, \u017ce promieniowanie UV jest obecne przez ca\u0142y rok, nawet w ch\u0142odniejszych miesi\u0105cach. Dlatego stosowanie kremu z filtrem SPF powinno by\u0107 codzienn\u0105 praktyk\u0105, niezale\u017cnie od pory roku.<\/p>\n\n\n\n<p>Innym powszechnym mitem jest przekonanie, \u017ce krem z filtrem SPF nie jest potrzebny w dni pochmurne lub deszczowe. Niestety, promieniowanie UV przenika przez chmury i mo\u017ce powodowa\u0107 uszkodzenia sk\u00f3ry nawet w takich warunkach pogodowych. Dlatego wa\u017cne jest stosowanie kremu z filtrem SPF r\u00f3wnie\u017c w takich dniach.<\/p>\n\n\n\n<p>Niekt\u00f3rzy twierdz\u0105 r\u00f3wnie\u017c, \u017ce u\u017cywanie kremu z filtrem SPF mo\u017ce blokowa\u0107 syntez\u0119 witaminy D w organizmie. Jednak badania naukowe wykaza\u0142y, \u017ce nawet przy regularnym stosowaniu kremu z filtrem SPF mo\u017cna utrzyma\u0107 odpowiedni poziom witaminy D w organizmie.<\/p>\n\n\n\n<p>Podsumowuj\u0105c, stosowanie kremu z filtrem SPF przez ca\u0142y rok jest konieczne dla ochrony sk\u00f3ry przed szkodliwym promieniowaniem UV. Nie wierzmy w mity i pami\u0119tajmy o codziennej aplikacji kremu z filtrem SPF, niezale\u017cnie od pory roku.<\/p>\n\n\n\n<h2 class=\"wp-block-heading\">Jakie b\u0142\u0119dy pope\u0142niamy w stosowaniu krem\u00f3w z filtrem SPF? Najcz\u0119stsze mity i jak unikn\u0105\u0107 szkodliwych skutk\u00f3w<\/h2>\n\n\n\n<p>Wielu z nas u\u017cywa krem\u00f3w z filtrem SPF, aby chroni\u0107 sk\u00f3r\u0119 przed szkodliwym promieniowaniem UV. Niestety, cz\u0119sto pope\u0142niamy b\u0142\u0119dy w ich stosowaniu, co mo\u017ce prowadzi\u0107 do niepo\u017c\u0105danych skutk\u00f3w. Najcz\u0119stszym mitem jest przekonanie, \u017ce jedno na\u0142o\u017cenie kremu z filtrem wystarczy na ca\u0142y dzie\u0144. Niestety, aby uzyska\u0107 pe\u0142n\u0105 ochron\u0119, nale\u017cy nak\u0142ada\u0107 go co 2-3 godziny.<\/p>\n\n\n\n<p>Innym b\u0142\u0119dem jest niew\u0142a\u015bciwe nak\u0142adanie kremu &#8211; zbyt cienka warstwa lub pomijanie niekt\u00f3rych cz\u0119\u015bci twarzy. Warto pami\u0119ta\u0107, \u017ce filtr SPF dzia\u0142a tylko w miejscu jego aplikacji, dlatego nale\u017cy dok\u0142adnie rozprowadzi\u0107 krem na ca\u0142ej twarzy.<\/p>\n\n\n\n<p>Kolejnym mit jest przekonanie, \u017ce krem z filtrem SPF mo\u017cna stosowa\u0107 tylko latem lub tylko w s\u0142oneczne dni. Prawda jest taka, \u017ce promieniowanie UV jest obecne przez ca\u0142y rok i nawet w pochmurne dni mo\u017ce powodowa\u0107 uszkodzenia sk\u00f3ry.<\/p>\n\n\n\n<p>Aby unikn\u0105\u0107 szkodliwych skutk\u00f3w stosowania krem\u00f3w z filtrem SPF, nale\u017cy pami\u0119ta\u0107 o regularnym nak\u0142adaniu i dok\u0142adnym rozprowadzeniu produktu na ca\u0142ej twarzy. Wa\u017cne jest r\u00f3wnie\u017c wybieranie odpowiedniego dla naszego typu sk\u00f3ry i stopnia ekspozycji na s\u0142o\u0144ce kremu z odpowiednim filtrem SPF. Pami\u0119tajmy, \u017ce ochrona przed promieniowaniem UV jest niezb\u0119dna dla zachowania zdrowej i pi\u0119knej sk\u00f3ry.<\/p>\n\n\n\n<p>Stosowanie krem\u00f3w z filtrem SPF jest niezwykle wa\u017cne dla ochrony sk\u00f3ry przed szkodliwym promieniowaniem UV. Niestety, istnieje wiele mit\u00f3w dotycz\u0105cych tego tematu, kt\u00f3re mog\u0105 wprowadzi\u0107 nas w b\u0142\u0105d. Jednym z najcz\u0119stszych jest przekonanie, \u017ce krem z wysokim SPF zapewnia ca\u0142kowit\u0105 ochron\u0119 przed s\u0142o\u0144cem. W rzeczywisto\u015bci jednak, \u017caden krem nie jest w stanie zapewni\u0107 100% ochrony przed promieniowaniem UV.<\/p>\n\n\n\n<p>Innym powszechnym mitem jest przekonanie, \u017ce stosowanie kremu z filtrem SPF pozwala na d\u0142u\u017csze przebywanie na s\u0142o\u0144cu bez ryzyka poparzenia. W rzeczywisto\u015bci jednak, nawet przy u\u017cyciu kremu z wysokim SPF nale\u017cy unika\u0107 nadmiernego nara\u017cenia na s\u0142o\u0144ce i regularnie nak\u0142ada\u0107 kolejne warstwy produktu.<\/p>\n\n\n\n<p>Kolejnym cz\u0119sto spotykanym mitem jest przekonanie, \u017ce stosowanie kremu z filtrem SPF mo\u017ce powodowa\u0107 niedobory witaminy D w organizmie. Badania naukowe wykazuj\u0105 jednak, \u017ce regularne stosowanie krem\u00f3w z filtrem SPF nie ma wp\u0142ywu na poziom witaminy D w organizmie.<\/p>\n\n\n\n<p>Podsumowuj\u0105c, wa\u017cne jest aby pami\u0119ta\u0107 o prawdziwych faktach dotycz\u0105cych stosowania krem\u00f3w z filtrem SPF i unika\u0107 wpadania w pu\u0142apki mit\u00f3w. Regularne stosowanie kremu z filtrem SPF o odpowiednim poziomie ochrony jest kluczowe dla zachowania zdrowej i pi\u0119knej sk\u00f3ry.<\/p>\n","protected":false},"excerpt":{"rendered":"<p>Kremy z filtrem SPF s\u0105 nieod\u0142\u0105cznym elementem piel\u0119gnacji sk\u00f3ry, szczeg\u00f3lnie w okresie letnim. Jednak wok\u00f3\u0142 nich naros\u0142o wiele mit\u00f3w, kt\u00f3re mog\u0105 wprowadza\u0107 nas w b\u0142\u0105d i utrudnia\u0107 w\u0142a\u015bciwe korzystanie z tych produkt\u00f3w. W tym wprowadzeniu przyjrzymy si\u0119 najcz\u0119stszym mitom dotycz\u0105cym stosowania krem\u00f3w z filtrem SPF oraz wyja\u015bnimy, jakie s\u0105 fakty na ich temat. Dzi\u0119ki temu [&hellip;]<\/p>\n","protected":false},"author":1,"featured_media":0,"comment_status":"","ping_status":"open","sticky":false,"template":"","format":"standard","meta":{"footnotes":""},"categories":[1],"tags":[],"class_list":["post-1747","post","type-post","status-publish","format-standard","hentry","category-bez-kategorii"],"fm_meta_title":"Jakie s\u0105 mity dotycz\u0105ce stosowania krem\u00f3w z filtrem SPF","fm_meta_description":"Odkryj prawd\u0119 o kremach z filtrem SPF! Poznaj najpopularniejsze mity na temat ich stosowania i dowiedz si\u0119, dlaczego warto chroni\u0107 swoj\u0105 sk\u00f3r\u0119 przed szkodliwym promieniowaniem UV. Sprawd\u017a teraz!","yoast_head":"<!-- This site is optimized with the Yoast SEO plugin v21.5 - https:\/\/yoast.com\/wordpress\/plugins\/seo\/ -->\n<title>Jakie s\u0105 mity dotycz\u0105ce stosowania krem\u00f3w z filtrem SPF<\/title>\n<meta name=\"description\" content=\"Odkryj prawd\u0119 o kremach z filtrem SPF! Poznaj najpopularniejsze mity na temat ich stosowania i dowiedz si\u0119, dlaczego warto chroni\u0107 swoj\u0105 sk\u00f3r\u0119 przed szkodliwym promieniowaniem UV. Sprawd\u017a teraz!\" \/>\n<meta name=\"robots\" content=\"index, follow, max-snippet:-1, max-image-preview:large, max-video-preview:-1\" \/>\n<link rel=\"canonical\" href=\"https:\/\/darzdrowia.pl\/ciekawostki\/jakie-sa-mity-dotyczace-stosowania-kremow-z-filtrem-spf\/\" \/>\n<meta property=\"og:locale\" content=\"pl_PL\" \/>\n<meta property=\"og:type\" content=\"article\" \/>\n<meta property=\"og:title\" content=\"Jakie s\u0105 mity dotycz\u0105ce stosowania krem\u00f3w z filtrem SPF\" \/>\n<meta property=\"og:description\" content=\"Odkryj prawd\u0119 o kremach z filtrem SPF! Poznaj najpopularniejsze mity na temat ich stosowania i dowiedz si\u0119, dlaczego warto chroni\u0107 swoj\u0105 sk\u00f3r\u0119 przed szkodliwym promieniowaniem UV. Sprawd\u017a teraz!\" \/>\n<meta property=\"og:url\" content=\"https:\/\/darzdrowia.pl\/ciekawostki\/jakie-sa-mity-dotyczace-stosowania-kremow-z-filtrem-spf\/\" \/>\n<meta property=\"og:site_name\" content=\"Dar Zdrowia Drogeria - Blog\" \/>\n<meta property=\"article:publisher\" content=\"https:\/\/www.facebook.com\/profile.php?id=100063606935396\" \/>\n<meta property=\"article:published_time\" content=\"2024-02-27T12:52:30+00:00\" \/>\n<meta name=\"author\" content=\"funkymedia\" \/>\n<meta name=\"twitter:card\" content=\"summary_large_image\" \/>\n<meta name=\"twitter:label1\" content=\"Napisane przez\" \/>\n\t<meta name=\"twitter:data1\" content=\"funkymedia\" \/>\n\t<meta name=\"twitter:label2\" content=\"Szacowany czas czytania\" \/>\n\t<meta name=\"twitter:data2\" content=\"5 minut\" \/>\n<script type=\"application\/ld+json\" class=\"yoast-schema-graph\">{\"@context\":\"https:\/\/schema.org\",\"@graph\":[{\"@type\":\"Article\",\"@id\":\"https:\/\/darzdrowia.pl\/ciekawostki\/jakie-sa-mity-dotyczace-stosowania-kremow-z-filtrem-spf\/#article\",\"isPartOf\":{\"@id\":\"https:\/\/darzdrowia.pl\/ciekawostki\/jakie-sa-mity-dotyczace-stosowania-kremow-z-filtrem-spf\/\"},\"author\":{\"name\":\"funkymedia\",\"@id\":\"https:\/\/darzdrowia.pl\/ciekawostki\/#\/schema\/person\/e75579d624630bf943ac69d374bb928e\"},\"headline\":\"Jakie s\u0105 mity dotycz\u0105ce stosowania krem\u00f3w z filtrem SPF\",\"datePublished\":\"2024-02-27T12:52:30+00:00\",\"dateModified\":\"2024-02-27T12:52:30+00:00\",\"mainEntityOfPage\":{\"@id\":\"https:\/\/darzdrowia.pl\/ciekawostki\/jakie-sa-mity-dotyczace-stosowania-kremow-z-filtrem-spf\/\"},\"wordCount\":1049,\"publisher\":{\"@id\":\"https:\/\/darzdrowia.pl\/ciekawostki\/#organization\"},\"inLanguage\":\"pl-PL\"},{\"@type\":\"WebPage\",\"@id\":\"https:\/\/darzdrowia.pl\/ciekawostki\/jakie-sa-mity-dotyczace-stosowania-kremow-z-filtrem-spf\/\",\"url\":\"https:\/\/darzdrowia.pl\/ciekawostki\/jakie-sa-mity-dotyczace-stosowania-kremow-z-filtrem-spf\/\",\"name\":\"Jakie s\u0105 mity dotycz\u0105ce stosowania krem\u00f3w z filtrem SPF\",\"isPartOf\":{\"@id\":\"https:\/\/darzdrowia.pl\/ciekawostki\/#website\"},\"datePublished\":\"2024-02-27T12:52:30+00:00\",\"dateModified\":\"2024-02-27T12:52:30+00:00\",\"description\":\"Odkryj prawd\u0119 o kremach z filtrem SPF! Poznaj najpopularniejsze mity na temat ich stosowania i dowiedz si\u0119, dlaczego warto chroni\u0107 swoj\u0105 sk\u00f3r\u0119 przed szkodliwym promieniowaniem UV. Sprawd\u017a teraz!\",\"breadcrumb\":{\"@id\":\"https:\/\/darzdrowia.pl\/ciekawostki\/jakie-sa-mity-dotyczace-stosowania-kremow-z-filtrem-spf\/#breadcrumb\"},\"inLanguage\":\"pl-PL\",\"potentialAction\":[{\"@type\":\"ReadAction\",\"target\":[\"https:\/\/darzdrowia.pl\/ciekawostki\/jakie-sa-mity-dotyczace-stosowania-kremow-z-filtrem-spf\/\"]}]},{\"@type\":\"BreadcrumbList\",\"@id\":\"https:\/\/darzdrowia.pl\/ciekawostki\/jakie-sa-mity-dotyczace-stosowania-kremow-z-filtrem-spf\/#breadcrumb\",\"itemListElement\":[{\"@type\":\"ListItem\",\"position\":1,\"name\":\"Strona g\u0142\u00f3wna\",\"item\":\"https:\/\/darzdrowia.pl\/ciekawostki\/\"},{\"@type\":\"ListItem\",\"position\":2,\"name\":\"Jakie s\u0105 mity dotycz\u0105ce stosowania krem\u00f3w z filtrem SPF\"}]},{\"@type\":\"WebSite\",\"@id\":\"https:\/\/darzdrowia.pl\/ciekawostki\/#website\",\"url\":\"https:\/\/darzdrowia.pl\/ciekawostki\/\",\"name\":\"Dar Zdrowia Drogeria - Blog\",\"description\":\"\",\"publisher\":{\"@id\":\"https:\/\/darzdrowia.pl\/ciekawostki\/#organization\"},\"potentialAction\":[{\"@type\":\"SearchAction\",\"target\":{\"@type\":\"EntryPoint\",\"urlTemplate\":\"https:\/\/darzdrowia.pl\/ciekawostki\/?s={search_term_string}\"},\"query-input\":\"required name=search_term_string\"}],\"inLanguage\":\"pl-PL\"},{\"@type\":\"Organization\",\"@id\":\"https:\/\/darzdrowia.pl\/ciekawostki\/#organization\",\"name\":\"Dar Zdrowia Drogeria - Blog\",\"url\":\"https:\/\/darzdrowia.pl\/ciekawostki\/\",\"logo\":{\"@type\":\"ImageObject\",\"inLanguage\":\"pl-PL\",\"@id\":\"https:\/\/darzdrowia.pl\/ciekawostki\/#\/schema\/logo\/image\/\",\"url\":\"https:\/\/darzdrowia.pl\/ciekawostki\/wp-content\/uploads\/2023\/11\/logo-darzdrowia.webp\",\"contentUrl\":\"https:\/\/darzdrowia.pl\/ciekawostki\/wp-content\/uploads\/2023\/11\/logo-darzdrowia.webp\",\"width\":744,\"height\":225,\"caption\":\"Dar Zdrowia Drogeria - Blog\"},\"image\":{\"@id\":\"https:\/\/darzdrowia.pl\/ciekawostki\/#\/schema\/logo\/image\/\"},\"sameAs\":[\"https:\/\/www.facebook.com\/profile.php?id=100063606935396\"]},{\"@type\":\"Person\",\"@id\":\"https:\/\/darzdrowia.pl\/ciekawostki\/#\/schema\/person\/e75579d624630bf943ac69d374bb928e\",\"name\":\"funkymedia\",\"image\":{\"@type\":\"ImageObject\",\"inLanguage\":\"pl-PL\",\"@id\":\"https:\/\/darzdrowia.pl\/ciekawostki\/#\/schema\/person\/image\/\",\"url\":\"https:\/\/secure.gravatar.com\/avatar\/393cb205b658aef6e3271ad5a92265e3e4433d2384bbe95524ba160d5bc20299?s=96&d=mm&r=g\",\"contentUrl\":\"https:\/\/secure.gravatar.com\/avatar\/393cb205b658aef6e3271ad5a92265e3e4433d2384bbe95524ba160d5bc20299?s=96&d=mm&r=g\",\"caption\":\"funkymedia\"},\"sameAs\":[\"https:\/\/darzdrowia.pl\/ciekawostki\"],\"url\":\"https:\/\/darzdrowia.pl\/ciekawostki\/author\/funkymedia\/\"}]}<\/script>\n<!-- \/ Yoast SEO plugin. -->","yoast_head_json":{"title":"Jakie s\u0105 mity dotycz\u0105ce stosowania krem\u00f3w z filtrem SPF","description":"Odkryj prawd\u0119 o kremach z filtrem SPF! Poznaj najpopularniejsze mity na temat ich stosowania i dowiedz si\u0119, dlaczego warto chroni\u0107 swoj\u0105 sk\u00f3r\u0119 przed szkodliwym promieniowaniem UV. Sprawd\u017a teraz!","robots":{"index":"index","follow":"follow","max-snippet":"max-snippet:-1","max-image-preview":"max-image-preview:large","max-video-preview":"max-video-preview:-1"},"canonical":"https:\/\/darzdrowia.pl\/ciekawostki\/jakie-sa-mity-dotyczace-stosowania-kremow-z-filtrem-spf\/","og_locale":"pl_PL","og_type":"article","og_title":"Jakie s\u0105 mity dotycz\u0105ce stosowania krem\u00f3w z filtrem SPF","og_description":"Odkryj prawd\u0119 o kremach z filtrem SPF! Poznaj najpopularniejsze mity na temat ich stosowania i dowiedz si\u0119, dlaczego warto chroni\u0107 swoj\u0105 sk\u00f3r\u0119 przed szkodliwym promieniowaniem UV. Sprawd\u017a teraz!","og_url":"https:\/\/darzdrowia.pl\/ciekawostki\/jakie-sa-mity-dotyczace-stosowania-kremow-z-filtrem-spf\/","og_site_name":"Dar Zdrowia Drogeria - Blog","article_publisher":"https:\/\/www.facebook.com\/profile.php?id=100063606935396","article_published_time":"2024-02-27T12:52:30+00:00","author":"funkymedia","twitter_card":"summary_large_image","twitter_misc":{"Napisane przez":"funkymedia","Szacowany czas czytania":"5 minut"},"schema":{"@context":"https:\/\/schema.org","@graph":[{"@type":"Article","@id":"https:\/\/darzdrowia.pl\/ciekawostki\/jakie-sa-mity-dotyczace-stosowania-kremow-z-filtrem-spf\/#article","isPartOf":{"@id":"https:\/\/darzdrowia.pl\/ciekawostki\/jakie-sa-mity-dotyczace-stosowania-kremow-z-filtrem-spf\/"},"author":{"name":"funkymedia","@id":"https:\/\/darzdrowia.pl\/ciekawostki\/#\/schema\/person\/e75579d624630bf943ac69d374bb928e"},"headline":"Jakie s\u0105 mity dotycz\u0105ce stosowania krem\u00f3w z filtrem SPF","datePublished":"2024-02-27T12:52:30+00:00","dateModified":"2024-02-27T12:52:30+00:00","mainEntityOfPage":{"@id":"https:\/\/darzdrowia.pl\/ciekawostki\/jakie-sa-mity-dotyczace-stosowania-kremow-z-filtrem-spf\/"},"wordCount":1049,"publisher":{"@id":"https:\/\/darzdrowia.pl\/ciekawostki\/#organization"},"inLanguage":"pl-PL"},{"@type":"WebPage","@id":"https:\/\/darzdrowia.pl\/ciekawostki\/jakie-sa-mity-dotyczace-stosowania-kremow-z-filtrem-spf\/","url":"https:\/\/darzdrowia.pl\/ciekawostki\/jakie-sa-mity-dotyczace-stosowania-kremow-z-filtrem-spf\/","name":"Jakie s\u0105 mity dotycz\u0105ce stosowania krem\u00f3w z filtrem SPF","isPartOf":{"@id":"https:\/\/darzdrowia.pl\/ciekawostki\/#website"},"datePublished":"2024-02-27T12:52:30+00:00","dateModified":"2024-02-27T12:52:30+00:00","description":"Odkryj prawd\u0119 o kremach z filtrem SPF! Poznaj najpopularniejsze mity na temat ich stosowania i dowiedz si\u0119, dlaczego warto chroni\u0107 swoj\u0105 sk\u00f3r\u0119 przed szkodliwym promieniowaniem UV. Sprawd\u017a teraz!","breadcrumb":{"@id":"https:\/\/darzdrowia.pl\/ciekawostki\/jakie-sa-mity-dotyczace-stosowania-kremow-z-filtrem-spf\/#breadcrumb"},"inLanguage":"pl-PL","potentialAction":[{"@type":"ReadAction","target":["https:\/\/darzdrowia.pl\/ciekawostki\/jakie-sa-mity-dotyczace-stosowania-kremow-z-filtrem-spf\/"]}]},{"@type":"BreadcrumbList","@id":"https:\/\/darzdrowia.pl\/ciekawostki\/jakie-sa-mity-dotyczace-stosowania-kremow-z-filtrem-spf\/#breadcrumb","itemListElement":[{"@type":"ListItem","position":1,"name":"Strona g\u0142\u00f3wna","item":"https:\/\/darzdrowia.pl\/ciekawostki\/"},{"@type":"ListItem","position":2,"name":"Jakie s\u0105 mity dotycz\u0105ce stosowania krem\u00f3w z filtrem SPF"}]},{"@type":"WebSite","@id":"https:\/\/darzdrowia.pl\/ciekawostki\/#website","url":"https:\/\/darzdrowia.pl\/ciekawostki\/","name":"Dar Zdrowia Drogeria - Blog","description":"","publisher":{"@id":"https:\/\/darzdrowia.pl\/ciekawostki\/#organization"},"potentialAction":[{"@type":"SearchAction","target":{"@type":"EntryPoint","urlTemplate":"https:\/\/darzdrowia.pl\/ciekawostki\/?s={search_term_string}"},"query-input":"required name=search_term_string"}],"inLanguage":"pl-PL"},{"@type":"Organization","@id":"https:\/\/darzdrowia.pl\/ciekawostki\/#organization","name":"Dar Zdrowia Drogeria - Blog","url":"https:\/\/darzdrowia.pl\/ciekawostki\/","logo":{"@type":"ImageObject","inLanguage":"pl-PL","@id":"https:\/\/darzdrowia.pl\/ciekawostki\/#\/schema\/logo\/image\/","url":"https:\/\/darzdrowia.pl\/ciekawostki\/wp-content\/uploads\/2023\/11\/logo-darzdrowia.webp","contentUrl":"https:\/\/darzdrowia.pl\/ciekawostki\/wp-content\/uploads\/2023\/11\/logo-darzdrowia.webp","width":744,"height":225,"caption":"Dar Zdrowia Drogeria - Blog"},"image":{"@id":"https:\/\/darzdrowia.pl\/ciekawostki\/#\/schema\/logo\/image\/"},"sameAs":["https:\/\/www.facebook.com\/profile.php?id=100063606935396"]},{"@type":"Person","@id":"https:\/\/darzdrowia.pl\/ciekawostki\/#\/schema\/person\/e75579d624630bf943ac69d374bb928e","name":"funkymedia","image":{"@type":"ImageObject","inLanguage":"pl-PL","@id":"https:\/\/darzdrowia.pl\/ciekawostki\/#\/schema\/person\/image\/","url":"https:\/\/secure.gravatar.com\/avatar\/393cb205b658aef6e3271ad5a92265e3e4433d2384bbe95524ba160d5bc20299?s=96&d=mm&r=g","contentUrl":"https:\/\/secure.gravatar.com\/avatar\/393cb205b658aef6e3271ad5a92265e3e4433d2384bbe95524ba160d5bc20299?s=96&d=mm&r=g","caption":"funkymedia"},"sameAs":["https:\/\/darzdrowia.pl\/ciekawostki"],"url":"https:\/\/darzdrowia.pl\/ciekawostki\/author\/funkymedia\/"}]}},"_links":{"self":[{"href":"https:\/\/darzdrowia.pl\/ciekawostki\/wp-json\/wp\/v2\/posts\/1747","targetHints":{"allow":["GET"]}}],"collection":[{"href":"https:\/\/darzdrowia.pl\/ciekawostki\/wp-json\/wp\/v2\/posts"}],"about":[{"href":"https:\/\/darzdrowia.pl\/ciekawostki\/wp-json\/wp\/v2\/types\/post"}],"author":[{"embeddable":true,"href":"https:\/\/darzdrowia.pl\/ciekawostki\/wp-json\/wp\/v2\/users\/1"}],"replies":[{"embeddable":true,"href":"https:\/\/darzdrowia.pl\/ciekawostki\/wp-json\/wp\/v2\/comments?post=1747"}],"version-history":[{"count":0,"href":"https:\/\/darzdrowia.pl\/ciekawostki\/wp-json\/wp\/v2\/posts\/1747\/revisions"}],"wp:attachment":[{"href":"https:\/\/darzdrowia.pl\/ciekawostki\/wp-json\/wp\/v2\/media?parent=1747"}],"wp:term":[{"taxonomy":"category","embeddable":true,"href":"https:\/\/darzdrowia.pl\/ciekawostki\/wp-json\/wp\/v2\/categories?post=1747"},{"taxonomy":"post_tag","embeddable":true,"href":"https:\/\/darzdrowia.pl\/ciekawostki\/wp-json\/wp\/v2\/tags?post=1747"}],"curies":[{"name":"wp","href":"https:\/\/api.w.org\/{rel}","templated":true}]}}