{"id":1743,"date":"2024-02-27T13:48:25","date_gmt":"2024-02-27T12:48:25","guid":{"rendered":"https:\/\/darzdrowia.pl\/ciekawostki\/dlaczego-warto-stosowac-kosmetyki-po-opalaniu-nawet-po-opalaniu-w-cieniu\/"},"modified":"2024-02-27T13:48:25","modified_gmt":"2024-02-27T12:48:25","slug":"dlaczego-warto-stosowac-kosmetyki-po-opalaniu-nawet-po-opalaniu-w-cieniu","status":"publish","type":"post","link":"https:\/\/darzdrowia.pl\/ciekawostki\/dlaczego-warto-stosowac-kosmetyki-po-opalaniu-nawet-po-opalaniu-w-cieniu\/","title":{"rendered":"Dlaczego warto stosowa\u0107 kosmetyki po opalaniu nawet po opalaniu w cieniu?"},"content":{"rendered":"\n<p>Opalanie jest jedn\u0105 z najbardziej lubianych letnich aktywno\u015bci, jednak nieod\u0142\u0105cznym elementem tego procesu jest r\u00f3wnie\u017c piel\u0119gnacja sk\u00f3ry po opalaniu. Wiele os\u00f3b uwa\u017ca, \u017ce stosowanie kosmetyk\u00f3w po opalaniu jest konieczne tylko w przypadku intensywnego opalania w pe\u0142nym s\u0142o\u0144cu, jednak warto pami\u0119ta\u0107 o piel\u0119gnacji nawet po opalaniu w cieniu. Dlaczego? O tym w\u0142a\u015bnie chcia\u0142abym napisa\u0107 w niniejszym wprowadzeniu.<\/p>\n\n\n\n<h2 class=\"wp-block-heading\">Dlaczego nie wystarczy tylko krem z filtrem? Wp\u0142yw kosmetyk\u00f3w po opalaniu na zdrowie sk\u00f3ry<\/h2>\n\n\n\n<p>Krem z filtrem to wa\u017cny element ochrony przed szkodliwym promieniowaniem UV. Jednak samo stosowanie tego produktu nie jest wystarczaj\u0105ce dla zdrowia sk\u00f3ry. Po opalaniu nale\u017cy zadba\u0107 o jej odpowiednie nawil\u017cenie i regeneracj\u0119, dlatego warto si\u0119gn\u0105\u0107 po specjalne kosmetyki po opalaniu. Maj\u0105 one dzia\u0142anie \u0142agodz\u0105ce, koj\u0105ce i od\u017cywcze, co pomaga w utrzymaniu zdrowego wygl\u0105du sk\u00f3ry. Nale\u017cy pami\u0119ta\u0107, \u017ce nadmierna ekspozycja na s\u0142o\u0144ce mo\u017ce prowadzi\u0107 do powa\u017cnych problem\u00f3w ze sk\u00f3r\u0105, dlatego wa\u017cne jest stosowanie odpowiednich kosmetyk\u00f3w po opalaniu.<\/p>\n\n\n\n<h2 class=\"wp-block-heading\">Kosmetyki po opalaniu &#8211; niezb\u0119dne elementy letniej piel\u0119gnacji<\/h2>\n\n\n\n<p>Kosmetyki po opalaniu s\u0105 nieod\u0142\u0105cznym elementem letniej piel\u0119gnacji. Po d\u0142ugim przebywaniu na s\u0142o\u0144cu, nasza sk\u00f3ra potrzebuje odpowiedniego nawil\u017cenia i od\u017cywienia. Dlatego wa\u017cne jest, aby po ka\u017cdym opalaniu stosowa\u0107 specjalne produkty, kt\u00f3re pomog\u0105 utrzyma\u0107 jej zdrowy wygl\u0105d. W\u015br\u00f3d niezb\u0119dnych kosmetyk\u00f3w znajduj\u0105 si\u0119 m.in. balsamy po opalaniu, kremy z filtrem UV oraz nawil\u017caj\u0105ce mleczka do cia\u0142a. Pami\u0119tajmy, \u017ce odpowiednia piel\u0119gnacja po opalaniu jest kluczowa dla zachowania pi\u0119knej i promiennej sk\u00f3ry przez ca\u0142e lato.<\/p>\n\n\n\n<h2 class=\"wp-block-heading\">Czy stosowanie kosmetyk\u00f3w po opalaniu jest konieczne nawet w cieniu? Mit czy rzeczywisto\u015b\u0107?<\/h2>\n\n\n\n<p>Czy po opalaniu w cieniu konieczne jest stosowanie kosmetyk\u00f3w? To pytanie cz\u0119sto zadaj\u0105 sobie osoby, kt\u00f3re unikaj\u0105 bezpo\u015bredniego dzia\u0142ania promieni s\u0142onecznych na swoj\u0105 sk\u00f3r\u0119. Czy jednak faktycznie jest to konieczne, czy mo\u017ce tylko mit?<\/p>\n\n\n\n<p>Rzeczywisto\u015b\u0107 jest taka, \u017ce nawet w cieniu nasza sk\u00f3ra jest nara\u017cona na promieniowanie UV. Cho\u0107 nie jest ono tak intensywne jak w pe\u0142nym s\u0142o\u0144cu, nadal mo\u017ce powodowa\u0107 uszkodzenia sk\u00f3ry i przyspiesza\u0107 proces starzenia si\u0119. Dlatego te\u017c stosowanie kosmetyk\u00f3w z filtrem UV po opalaniu w cieniu jest zalecane.<\/p>\n\n\n\n<p>Warto pami\u0119ta\u0107, \u017ce promienie UV s\u0105 obecne nie tylko podczas s\u0142onecznej pogody, ale tak\u017ce w ch\u0142odniejsze dni czy nawet podczas deszczu. Dlatego te\u017c ochrona sk\u00f3ry przed nimi powinna by\u0107 codzienn\u0105 praktyk\u0105.<\/p>\n\n\n\n<p>Podsumowuj\u0105c, stosowanie kosmetyk\u00f3w z filtrem UV po opalaniu w cieniu jest wa\u017cne dla zachowania zdrowej i pi\u0119knej sk\u00f3ry. Nie nale\u017cy bagatelizowa\u0107 wp\u0142ywu promieniowania UV na nasz\u0105 sk\u00f3r\u0119, nawet je\u015bli unikamy bezpo\u015bredniego dzia\u0142ania s\u0142o\u0144ca.<\/p>\n\n\n\n<p>Kosmetyki po opalaniu s\u0105 niezwykle wa\u017cne dla naszej sk\u00f3ry, nawet je\u015bli opalamy si\u0119 w cieniu. Warto pami\u0119ta\u0107 o tym, \u017ce promienie UV s\u0105 obecne nie tylko podczas bezpo\u015bredniego wystawienia na s\u0142o\u0144ce, ale tak\u017ce w cieniu. Dlatego te\u017c stosowanie odpowiednich kosmetyk\u00f3w po opalaniu jest niezb\u0119dne dla zachowania zdrowia i pi\u0119kna naszej sk\u00f3ry.<\/p>\n\n\n\n<p>Po pierwsze, kosmetyki po opalaniu pomagaj\u0105 zregenerowa\u0107 sk\u00f3r\u0119 po ekspozycji na promienie UV. S\u0142o\u0144ce mo\u017ce powodowa\u0107 jej przesuszenie i podra\u017cnienia, dlatego wa\u017cne jest nawil\u017cenie i od\u017cywienie jej odpowiednimi preparatami.<\/p>\n\n\n\n<p>Po drugie, kosmetyki te pomagaj\u0105 utrzyma\u0107 d\u0142u\u017cej uzyskany efekt opalenizny. Dzi\u0119ki nim sk\u00f3ra b\u0119dzie wygl\u0105da\u0107 zdrowo i promiennie przez d\u0142u\u017cszy czas.<\/p>\n\n\n\n<p>Po trzecie, stosowanie kosmetyk\u00f3w po opalaniu mo\u017ce zapobiec przedwczesnemu starzeniu si\u0119 sk\u00f3ry. Promienie UV s\u0105 jednym z g\u0142\u00f3wnych czynnik\u00f3w przyspieszaj\u0105cych procesy starzenia si\u0119 sk\u00f3ry, dlatego warto chroni\u0107 j\u0105 przed nimi za pomoc\u0105 odpowiednich produkt\u00f3w.<\/p>\n\n\n\n<p>Podsumowuj\u0105c, stosowanie kosmetyk\u00f3w po opalaniu jest nie tylko kwesti\u0105 estetyczn\u0105, ale przede wszystkim zdrowotn\u0105. Dzi\u0119ki nim mo\u017cemy zadba\u0107 o kondycj\u0119 naszej sk\u00f3ry, zachowa\u0107 pi\u0119kn\u0105 opalenizn\u0119 oraz zapobiec przedwczesnemu starzeniu si\u0119. Dlatego te\u017c warto pami\u0119ta\u0107 o nich nie tylko po intensywnym opalaniu, ale tak\u017ce po przebywaniu na s\u0142o\u0144cu w cieniu.<\/p>\n","protected":false},"excerpt":{"rendered":"<p>Opalanie jest jedn\u0105 z najbardziej lubianych letnich aktywno\u015bci, jednak nieod\u0142\u0105cznym elementem tego procesu jest r\u00f3wnie\u017c piel\u0119gnacja sk\u00f3ry po opalaniu. Wiele os\u00f3b uwa\u017ca, \u017ce stosowanie kosmetyk\u00f3w po opalaniu jest konieczne tylko w przypadku intensywnego opalania w pe\u0142nym s\u0142o\u0144cu, jednak warto pami\u0119ta\u0107 o piel\u0119gnacji nawet po opalaniu w cieniu. Dlaczego? O tym w\u0142a\u015bnie chcia\u0142abym napisa\u0107 w niniejszym [&hellip;]<\/p>\n","protected":false},"author":1,"featured_media":0,"comment_status":"","ping_status":"open","sticky":false,"template":"","format":"standard","meta":{"footnotes":""},"categories":[1],"tags":[],"class_list":["post-1743","post","type-post","status-publish","format-standard","hentry","category-bez-kategorii"],"fm_meta_title":"Dlaczego warto stosowa\u0107 kosmetyki po opalaniu nawet po opalaniu w cieniu?","fm_meta_description":"Zachowaj pi\u0119kny i zdrowy wygl\u0105d sk\u00f3ry po opalaniu! Odkryj, dlaczego warto si\u0119ga\u0107 po kosmetyki po opalaniu, nawet je\u015bli sp\u0119dzi\u0142e\u015b\/a\u015b dzie\u0144 w cieniu. Zadbaj o nawil\u017cenie i regeneracj\u0119 sk\u00f3ry dzi\u0119ki naszym produktom. Sprawd\u017a teraz!","yoast_head":"<!-- This site is optimized with the Yoast SEO plugin v21.5 - https:\/\/yoast.com\/wordpress\/plugins\/seo\/ -->\n<title>Dlaczego warto stosowa\u0107 kosmetyki po opalaniu nawet po opalaniu w cieniu?<\/title>\n<meta name=\"description\" content=\"Zachowaj pi\u0119kny i zdrowy wygl\u0105d sk\u00f3ry po opalaniu! Odkryj, dlaczego warto si\u0119ga\u0107 po kosmetyki po opalaniu, nawet je\u015bli sp\u0119dzi\u0142e\u015b\/a\u015b dzie\u0144 w cieniu. Zadbaj o nawil\u017cenie i regeneracj\u0119 sk\u00f3ry dzi\u0119ki naszym produktom. Sprawd\u017a teraz!\" \/>\n<meta name=\"robots\" content=\"index, follow, max-snippet:-1, max-image-preview:large, max-video-preview:-1\" \/>\n<link rel=\"canonical\" href=\"https:\/\/darzdrowia.pl\/ciekawostki\/dlaczego-warto-stosowac-kosmetyki-po-opalaniu-nawet-po-opalaniu-w-cieniu\/\" \/>\n<meta property=\"og:locale\" content=\"pl_PL\" \/>\n<meta property=\"og:type\" content=\"article\" \/>\n<meta property=\"og:title\" content=\"Dlaczego warto stosowa\u0107 kosmetyki po opalaniu nawet po opalaniu w cieniu?\" \/>\n<meta property=\"og:description\" content=\"Zachowaj pi\u0119kny i zdrowy wygl\u0105d sk\u00f3ry po opalaniu! Odkryj, dlaczego warto si\u0119ga\u0107 po kosmetyki po opalaniu, nawet je\u015bli sp\u0119dzi\u0142e\u015b\/a\u015b dzie\u0144 w cieniu. Zadbaj o nawil\u017cenie i regeneracj\u0119 sk\u00f3ry dzi\u0119ki naszym produktom. Sprawd\u017a teraz!\" \/>\n<meta property=\"og:url\" content=\"https:\/\/darzdrowia.pl\/ciekawostki\/dlaczego-warto-stosowac-kosmetyki-po-opalaniu-nawet-po-opalaniu-w-cieniu\/\" \/>\n<meta property=\"og:site_name\" content=\"Dar Zdrowia Drogeria - Blog\" \/>\n<meta property=\"article:publisher\" content=\"https:\/\/www.facebook.com\/profile.php?id=100063606935396\" \/>\n<meta property=\"article:published_time\" content=\"2024-02-27T12:48:25+00:00\" \/>\n<meta name=\"author\" content=\"funkymedia\" \/>\n<meta name=\"twitter:card\" content=\"summary_large_image\" \/>\n<meta name=\"twitter:label1\" content=\"Napisane przez\" \/>\n\t<meta name=\"twitter:data1\" content=\"funkymedia\" \/>\n\t<meta name=\"twitter:label2\" content=\"Szacowany czas czytania\" \/>\n\t<meta name=\"twitter:data2\" content=\"4 minuty\" \/>\n<script type=\"application\/ld+json\" class=\"yoast-schema-graph\">{\"@context\":\"https:\/\/schema.org\",\"@graph\":[{\"@type\":\"Article\",\"@id\":\"https:\/\/darzdrowia.pl\/ciekawostki\/dlaczego-warto-stosowac-kosmetyki-po-opalaniu-nawet-po-opalaniu-w-cieniu\/#article\",\"isPartOf\":{\"@id\":\"https:\/\/darzdrowia.pl\/ciekawostki\/dlaczego-warto-stosowac-kosmetyki-po-opalaniu-nawet-po-opalaniu-w-cieniu\/\"},\"author\":{\"name\":\"funkymedia\",\"@id\":\"https:\/\/darzdrowia.pl\/ciekawostki\/#\/schema\/person\/e75579d624630bf943ac69d374bb928e\"},\"headline\":\"Dlaczego warto stosowa\u0107 kosmetyki po opalaniu nawet po opalaniu w cieniu?\",\"datePublished\":\"2024-02-27T12:48:25+00:00\",\"dateModified\":\"2024-02-27T12:48:25+00:00\",\"mainEntityOfPage\":{\"@id\":\"https:\/\/darzdrowia.pl\/ciekawostki\/dlaczego-warto-stosowac-kosmetyki-po-opalaniu-nawet-po-opalaniu-w-cieniu\/\"},\"wordCount\":727,\"publisher\":{\"@id\":\"https:\/\/darzdrowia.pl\/ciekawostki\/#organization\"},\"inLanguage\":\"pl-PL\"},{\"@type\":\"WebPage\",\"@id\":\"https:\/\/darzdrowia.pl\/ciekawostki\/dlaczego-warto-stosowac-kosmetyki-po-opalaniu-nawet-po-opalaniu-w-cieniu\/\",\"url\":\"https:\/\/darzdrowia.pl\/ciekawostki\/dlaczego-warto-stosowac-kosmetyki-po-opalaniu-nawet-po-opalaniu-w-cieniu\/\",\"name\":\"Dlaczego warto stosowa\u0107 kosmetyki po opalaniu nawet po opalaniu w cieniu?\",\"isPartOf\":{\"@id\":\"https:\/\/darzdrowia.pl\/ciekawostki\/#website\"},\"datePublished\":\"2024-02-27T12:48:25+00:00\",\"dateModified\":\"2024-02-27T12:48:25+00:00\",\"description\":\"Zachowaj pi\u0119kny i zdrowy wygl\u0105d sk\u00f3ry po opalaniu! Odkryj, dlaczego warto si\u0119ga\u0107 po kosmetyki po opalaniu, nawet je\u015bli sp\u0119dzi\u0142e\u015b\/a\u015b dzie\u0144 w cieniu. Zadbaj o nawil\u017cenie i regeneracj\u0119 sk\u00f3ry dzi\u0119ki naszym produktom. Sprawd\u017a teraz!\",\"breadcrumb\":{\"@id\":\"https:\/\/darzdrowia.pl\/ciekawostki\/dlaczego-warto-stosowac-kosmetyki-po-opalaniu-nawet-po-opalaniu-w-cieniu\/#breadcrumb\"},\"inLanguage\":\"pl-PL\",\"potentialAction\":[{\"@type\":\"ReadAction\",\"target\":[\"https:\/\/darzdrowia.pl\/ciekawostki\/dlaczego-warto-stosowac-kosmetyki-po-opalaniu-nawet-po-opalaniu-w-cieniu\/\"]}]},{\"@type\":\"BreadcrumbList\",\"@id\":\"https:\/\/darzdrowia.pl\/ciekawostki\/dlaczego-warto-stosowac-kosmetyki-po-opalaniu-nawet-po-opalaniu-w-cieniu\/#breadcrumb\",\"itemListElement\":[{\"@type\":\"ListItem\",\"position\":1,\"name\":\"Strona g\u0142\u00f3wna\",\"item\":\"https:\/\/darzdrowia.pl\/ciekawostki\/\"},{\"@type\":\"ListItem\",\"position\":2,\"name\":\"Dlaczego warto stosowa\u0107 kosmetyki po opalaniu nawet po opalaniu w cieniu?\"}]},{\"@type\":\"WebSite\",\"@id\":\"https:\/\/darzdrowia.pl\/ciekawostki\/#website\",\"url\":\"https:\/\/darzdrowia.pl\/ciekawostki\/\",\"name\":\"Dar Zdrowia Drogeria - Blog\",\"description\":\"\",\"publisher\":{\"@id\":\"https:\/\/darzdrowia.pl\/ciekawostki\/#organization\"},\"potentialAction\":[{\"@type\":\"SearchAction\",\"target\":{\"@type\":\"EntryPoint\",\"urlTemplate\":\"https:\/\/darzdrowia.pl\/ciekawostki\/?s={search_term_string}\"},\"query-input\":\"required name=search_term_string\"}],\"inLanguage\":\"pl-PL\"},{\"@type\":\"Organization\",\"@id\":\"https:\/\/darzdrowia.pl\/ciekawostki\/#organization\",\"name\":\"Dar Zdrowia Drogeria - Blog\",\"url\":\"https:\/\/darzdrowia.pl\/ciekawostki\/\",\"logo\":{\"@type\":\"ImageObject\",\"inLanguage\":\"pl-PL\",\"@id\":\"https:\/\/darzdrowia.pl\/ciekawostki\/#\/schema\/logo\/image\/\",\"url\":\"https:\/\/darzdrowia.pl\/ciekawostki\/wp-content\/uploads\/2023\/11\/logo-darzdrowia.webp\",\"contentUrl\":\"https:\/\/darzdrowia.pl\/ciekawostki\/wp-content\/uploads\/2023\/11\/logo-darzdrowia.webp\",\"width\":744,\"height\":225,\"caption\":\"Dar Zdrowia Drogeria - Blog\"},\"image\":{\"@id\":\"https:\/\/darzdrowia.pl\/ciekawostki\/#\/schema\/logo\/image\/\"},\"sameAs\":[\"https:\/\/www.facebook.com\/profile.php?id=100063606935396\"]},{\"@type\":\"Person\",\"@id\":\"https:\/\/darzdrowia.pl\/ciekawostki\/#\/schema\/person\/e75579d624630bf943ac69d374bb928e\",\"name\":\"funkymedia\",\"image\":{\"@type\":\"ImageObject\",\"inLanguage\":\"pl-PL\",\"@id\":\"https:\/\/darzdrowia.pl\/ciekawostki\/#\/schema\/person\/image\/\",\"url\":\"https:\/\/secure.gravatar.com\/avatar\/393cb205b658aef6e3271ad5a92265e3e4433d2384bbe95524ba160d5bc20299?s=96&d=mm&r=g\",\"contentUrl\":\"https:\/\/secure.gravatar.com\/avatar\/393cb205b658aef6e3271ad5a92265e3e4433d2384bbe95524ba160d5bc20299?s=96&d=mm&r=g\",\"caption\":\"funkymedia\"},\"sameAs\":[\"https:\/\/darzdrowia.pl\/ciekawostki\"],\"url\":\"https:\/\/darzdrowia.pl\/ciekawostki\/author\/funkymedia\/\"}]}<\/script>\n<!-- \/ Yoast SEO plugin. -->","yoast_head_json":{"title":"Dlaczego warto stosowa\u0107 kosmetyki po opalaniu nawet po opalaniu w cieniu?","description":"Zachowaj pi\u0119kny i zdrowy wygl\u0105d sk\u00f3ry po opalaniu! Odkryj, dlaczego warto si\u0119ga\u0107 po kosmetyki po opalaniu, nawet je\u015bli sp\u0119dzi\u0142e\u015b\/a\u015b dzie\u0144 w cieniu. Zadbaj o nawil\u017cenie i regeneracj\u0119 sk\u00f3ry dzi\u0119ki naszym produktom. Sprawd\u017a teraz!","robots":{"index":"index","follow":"follow","max-snippet":"max-snippet:-1","max-image-preview":"max-image-preview:large","max-video-preview":"max-video-preview:-1"},"canonical":"https:\/\/darzdrowia.pl\/ciekawostki\/dlaczego-warto-stosowac-kosmetyki-po-opalaniu-nawet-po-opalaniu-w-cieniu\/","og_locale":"pl_PL","og_type":"article","og_title":"Dlaczego warto stosowa\u0107 kosmetyki po opalaniu nawet po opalaniu w cieniu?","og_description":"Zachowaj pi\u0119kny i zdrowy wygl\u0105d sk\u00f3ry po opalaniu! Odkryj, dlaczego warto si\u0119ga\u0107 po kosmetyki po opalaniu, nawet je\u015bli sp\u0119dzi\u0142e\u015b\/a\u015b dzie\u0144 w cieniu. Zadbaj o nawil\u017cenie i regeneracj\u0119 sk\u00f3ry dzi\u0119ki naszym produktom. Sprawd\u017a teraz!","og_url":"https:\/\/darzdrowia.pl\/ciekawostki\/dlaczego-warto-stosowac-kosmetyki-po-opalaniu-nawet-po-opalaniu-w-cieniu\/","og_site_name":"Dar Zdrowia Drogeria - Blog","article_publisher":"https:\/\/www.facebook.com\/profile.php?id=100063606935396","article_published_time":"2024-02-27T12:48:25+00:00","author":"funkymedia","twitter_card":"summary_large_image","twitter_misc":{"Napisane przez":"funkymedia","Szacowany czas czytania":"4 minuty"},"schema":{"@context":"https:\/\/schema.org","@graph":[{"@type":"Article","@id":"https:\/\/darzdrowia.pl\/ciekawostki\/dlaczego-warto-stosowac-kosmetyki-po-opalaniu-nawet-po-opalaniu-w-cieniu\/#article","isPartOf":{"@id":"https:\/\/darzdrowia.pl\/ciekawostki\/dlaczego-warto-stosowac-kosmetyki-po-opalaniu-nawet-po-opalaniu-w-cieniu\/"},"author":{"name":"funkymedia","@id":"https:\/\/darzdrowia.pl\/ciekawostki\/#\/schema\/person\/e75579d624630bf943ac69d374bb928e"},"headline":"Dlaczego warto stosowa\u0107 kosmetyki po opalaniu nawet po opalaniu w cieniu?","datePublished":"2024-02-27T12:48:25+00:00","dateModified":"2024-02-27T12:48:25+00:00","mainEntityOfPage":{"@id":"https:\/\/darzdrowia.pl\/ciekawostki\/dlaczego-warto-stosowac-kosmetyki-po-opalaniu-nawet-po-opalaniu-w-cieniu\/"},"wordCount":727,"publisher":{"@id":"https:\/\/darzdrowia.pl\/ciekawostki\/#organization"},"inLanguage":"pl-PL"},{"@type":"WebPage","@id":"https:\/\/darzdrowia.pl\/ciekawostki\/dlaczego-warto-stosowac-kosmetyki-po-opalaniu-nawet-po-opalaniu-w-cieniu\/","url":"https:\/\/darzdrowia.pl\/ciekawostki\/dlaczego-warto-stosowac-kosmetyki-po-opalaniu-nawet-po-opalaniu-w-cieniu\/","name":"Dlaczego warto stosowa\u0107 kosmetyki po opalaniu nawet po opalaniu w cieniu?","isPartOf":{"@id":"https:\/\/darzdrowia.pl\/ciekawostki\/#website"},"datePublished":"2024-02-27T12:48:25+00:00","dateModified":"2024-02-27T12:48:25+00:00","description":"Zachowaj pi\u0119kny i zdrowy wygl\u0105d sk\u00f3ry po opalaniu! Odkryj, dlaczego warto si\u0119ga\u0107 po kosmetyki po opalaniu, nawet je\u015bli sp\u0119dzi\u0142e\u015b\/a\u015b dzie\u0144 w cieniu. Zadbaj o nawil\u017cenie i regeneracj\u0119 sk\u00f3ry dzi\u0119ki naszym produktom. Sprawd\u017a teraz!","breadcrumb":{"@id":"https:\/\/darzdrowia.pl\/ciekawostki\/dlaczego-warto-stosowac-kosmetyki-po-opalaniu-nawet-po-opalaniu-w-cieniu\/#breadcrumb"},"inLanguage":"pl-PL","potentialAction":[{"@type":"ReadAction","target":["https:\/\/darzdrowia.pl\/ciekawostki\/dlaczego-warto-stosowac-kosmetyki-po-opalaniu-nawet-po-opalaniu-w-cieniu\/"]}]},{"@type":"BreadcrumbList","@id":"https:\/\/darzdrowia.pl\/ciekawostki\/dlaczego-warto-stosowac-kosmetyki-po-opalaniu-nawet-po-opalaniu-w-cieniu\/#breadcrumb","itemListElement":[{"@type":"ListItem","position":1,"name":"Strona g\u0142\u00f3wna","item":"https:\/\/darzdrowia.pl\/ciekawostki\/"},{"@type":"ListItem","position":2,"name":"Dlaczego warto stosowa\u0107 kosmetyki po opalaniu nawet po opalaniu w cieniu?"}]},{"@type":"WebSite","@id":"https:\/\/darzdrowia.pl\/ciekawostki\/#website","url":"https:\/\/darzdrowia.pl\/ciekawostki\/","name":"Dar Zdrowia Drogeria - Blog","description":"","publisher":{"@id":"https:\/\/darzdrowia.pl\/ciekawostki\/#organization"},"potentialAction":[{"@type":"SearchAction","target":{"@type":"EntryPoint","urlTemplate":"https:\/\/darzdrowia.pl\/ciekawostki\/?s={search_term_string}"},"query-input":"required name=search_term_string"}],"inLanguage":"pl-PL"},{"@type":"Organization","@id":"https:\/\/darzdrowia.pl\/ciekawostki\/#organization","name":"Dar Zdrowia Drogeria - Blog","url":"https:\/\/darzdrowia.pl\/ciekawostki\/","logo":{"@type":"ImageObject","inLanguage":"pl-PL","@id":"https:\/\/darzdrowia.pl\/ciekawostki\/#\/schema\/logo\/image\/","url":"https:\/\/darzdrowia.pl\/ciekawostki\/wp-content\/uploads\/2023\/11\/logo-darzdrowia.webp","contentUrl":"https:\/\/darzdrowia.pl\/ciekawostki\/wp-content\/uploads\/2023\/11\/logo-darzdrowia.webp","width":744,"height":225,"caption":"Dar Zdrowia Drogeria - Blog"},"image":{"@id":"https:\/\/darzdrowia.pl\/ciekawostki\/#\/schema\/logo\/image\/"},"sameAs":["https:\/\/www.facebook.com\/profile.php?id=100063606935396"]},{"@type":"Person","@id":"https:\/\/darzdrowia.pl\/ciekawostki\/#\/schema\/person\/e75579d624630bf943ac69d374bb928e","name":"funkymedia","image":{"@type":"ImageObject","inLanguage":"pl-PL","@id":"https:\/\/darzdrowia.pl\/ciekawostki\/#\/schema\/person\/image\/","url":"https:\/\/secure.gravatar.com\/avatar\/393cb205b658aef6e3271ad5a92265e3e4433d2384bbe95524ba160d5bc20299?s=96&d=mm&r=g","contentUrl":"https:\/\/secure.gravatar.com\/avatar\/393cb205b658aef6e3271ad5a92265e3e4433d2384bbe95524ba160d5bc20299?s=96&d=mm&r=g","caption":"funkymedia"},"sameAs":["https:\/\/darzdrowia.pl\/ciekawostki"],"url":"https:\/\/darzdrowia.pl\/ciekawostki\/author\/funkymedia\/"}]}},"_links":{"self":[{"href":"https:\/\/darzdrowia.pl\/ciekawostki\/wp-json\/wp\/v2\/posts\/1743","targetHints":{"allow":["GET"]}}],"collection":[{"href":"https:\/\/darzdrowia.pl\/ciekawostki\/wp-json\/wp\/v2\/posts"}],"about":[{"href":"https:\/\/darzdrowia.pl\/ciekawostki\/wp-json\/wp\/v2\/types\/post"}],"author":[{"embeddable":true,"href":"https:\/\/darzdrowia.pl\/ciekawostki\/wp-json\/wp\/v2\/users\/1"}],"replies":[{"embeddable":true,"href":"https:\/\/darzdrowia.pl\/ciekawostki\/wp-json\/wp\/v2\/comments?post=1743"}],"version-history":[{"count":0,"href":"https:\/\/darzdrowia.pl\/ciekawostki\/wp-json\/wp\/v2\/posts\/1743\/revisions"}],"wp:attachment":[{"href":"https:\/\/darzdrowia.pl\/ciekawostki\/wp-json\/wp\/v2\/media?parent=1743"}],"wp:term":[{"taxonomy":"category","embeddable":true,"href":"https:\/\/darzdrowia.pl\/ciekawostki\/wp-json\/wp\/v2\/categories?post=1743"},{"taxonomy":"post_tag","embeddable":true,"href":"https:\/\/darzdrowia.pl\/ciekawostki\/wp-json\/wp\/v2\/tags?post=1743"}],"curies":[{"name":"wp","href":"https:\/\/api.w.org\/{rel}","templated":true}]}}