{"id":1447,"date":"2024-02-05T14:49:33","date_gmt":"2024-02-05T13:49:33","guid":{"rendered":"https:\/\/darzdrowia.pl\/ciekawostki\/jakie-dermokosmetyki-wybrac-na-letnie-dni-poradnik-pielegnacji\/"},"modified":"2024-02-05T14:49:33","modified_gmt":"2024-02-05T13:49:33","slug":"jakie-dermokosmetyki-wybrac-na-letnie-dni-poradnik-pielegnacji","status":"publish","type":"post","link":"https:\/\/darzdrowia.pl\/ciekawostki\/jakie-dermokosmetyki-wybrac-na-letnie-dni-poradnik-pielegnacji\/","title":{"rendered":"Jakie dermokosmetyki wybra\u0107 na letnie dni \u2013 poradnik piel\u0119gnacji"},"content":{"rendered":"\n<p>Letnie dni to czas, kiedy nasza sk\u00f3ra potrzebuje szczeg\u00f3lnej troski i ochrony. Wysokie temperatury, promieniowanie UV oraz cz\u0119ste k\u0105piele w wodzie mog\u0105 wp\u0142yn\u0105\u0107 negatywnie na jej kondycj\u0119. Dlatego te\u017c warto zadba\u0107 o odpowiedni\u0105 piel\u0119gnacj\u0119, a jednym z najlepszych sposob\u00f3w na to s\u0105 dermokosmetyki. Jednak w\u015br\u00f3d szerokiej gamy produkt\u00f3w trudno jest wybra\u0107 te najlepsze dla naszej sk\u00f3ry. W tym poradniku podpowiemy, jakie dermokosmetyki warto wybra\u0107 na letnie dni, aby cieszy\u0107 si\u0119 pi\u0119kn\u0105 i zdrow\u0105 sk\u00f3r\u0105 przez ca\u0142e lato.<\/p>\n\n\n\n<h2 class=\"wp-block-heading\">5 niezb\u0119dnych dermokosmetyk\u00f3w na letnie dni &#8211; jak zadba\u0107 o sk\u00f3r\u0119 w upalne dni?<\/h2>\n\n\n\n<p>1. Krem z filtrem UV &#8211; w upalne dni niezb\u0119dny jest krem z wysokim filtrem UV, kt\u00f3ry ochroni nasz\u0105 sk\u00f3r\u0119 przed szkodliwym promieniowaniem s\u0142onecznym.<\/p>\n\n\n\n<p>2. Tonik nawil\u017caj\u0105cy &#8211; w letnie dni nasza sk\u00f3ra mo\u017ce \u0142atwo si\u0119 odwodni\u0107, dlatego warto u\u017cywa\u0107 toniku nawil\u017caj\u0105cego, kt\u00f3ry przywr\u00f3ci jej odpowiednie nawil\u017cenie.<\/p>\n\n\n\n<p>3. Serum z witamin\u0105 C &#8211; witamina C jest nie tylko skutecznym przeciwutleniaczem, ale tak\u017ce pomaga w redukcji przebarwie\u0144 i poprawia og\u00f3lny wygl\u0105d sk\u00f3ry.<\/p>\n\n\n\n<p>4. Mgie\u0142ka termalna &#8211; idealna do od\u015bwie\u017cenia i nawil\u017cenia sk\u00f3ry w ci\u0105gu dnia. Mo\u017ce by\u0107 stosowana nawet na makija\u017c, dzi\u0119ki czemu nie trzeba go zmywa\u0107.<\/p>\n\n\n\n<p>5. Krem pod oczy z kofein\u0105 &#8211; w upalne dni nasze oczy mog\u0105 by\u0107 spuchni\u0119te i zm\u0119czone. Krem z kofein\u0105 pomo\u017ce je od\u015bwie\u017cy\u0107 i zmniejszy\u0107 widoczno\u015b\u0107 cieni pod oczami.<\/p>\n\n\n\n<p>Pami\u0119tajmy, \u017ce piel\u0119gnacja sk\u00f3ry w letnie dni jest niezwykle wa\u017cna, dlatego warto inwestowa\u0107 w odpowiednie dermokosmetyki, kt\u00f3re pomog\u0105 nam zadba\u0107 o jej zdrowy wygl\u0105d i ochron\u0119 przed szkodliwymi czynnikami zewn\u0119trznymi.<\/p>\n\n\n\n<h2 class=\"wp-block-heading\">Letnia piel\u0119gnacja twarzy &#8211; jakie dermokosmetyki wybra\u0107 dla r\u00f3\u017cnych typ\u00f3w sk\u00f3ry?<\/h2>\n\n\n\n<p>Letnia piel\u0119gnacja twarzy jest niezwykle wa\u017cna, poniewa\u017c nasza sk\u00f3ra jest nara\u017cona na dzia\u0142anie s\u0142o\u0144ca, wysokiej temperatury i wilgoci. Dlatego warto wybra\u0107 odpowiednie dermokosmetyki, kt\u00f3re b\u0119d\u0105 chroni\u0107 i piel\u0119gnowa\u0107 nasz\u0105 sk\u00f3r\u0119 w tym okresie.<\/p>\n\n\n\n<p>Dla sk\u00f3ry t\u0142ustej lub mieszanej zaleca si\u0119 stosowanie lekkich krem\u00f3w o matuj\u0105cym efekcie oraz \u017celi do mycia twarzy z kwasami owocowymi. Dzi\u0119ki temu sk\u00f3ra b\u0119dzie oczyszczona, a tak\u017ce pozbawiona nadmiaru sebum.<\/p>\n\n\n\n<p>Je\u015bli masz such\u0105 lub wra\u017cliw\u0105 sk\u00f3r\u0119, warto si\u0119gn\u0105\u0107 po kremy z filtrem UV oraz nawil\u017caj\u0105ce serum. Wa\u017cne jest r\u00f3wnie\u017c regularne stosowanie maseczek nawil\u017caj\u0105cych i od\u017cywczych.<\/p>\n\n\n\n<p>Dla cery naczynkowej najlepszym wyborem b\u0119d\u0105 delikatne produkty bez alkoholu i substancji dra\u017cni\u0105cych. Zaleca si\u0119 r\u00f3wnie\u017c stosowanie krem\u00f3w z witamin\u0105 C oraz serum z koj\u0105cym dzia\u0142aniem.<\/p>\n\n\n\n<p>Pami\u0119tajmy tak\u017ce o regularnym stosowaniu peeling\u00f3w enzymatycznych lub mechanicznych, aby pozby\u0107 si\u0119 martwego nask\u00f3rka i przygotowa\u0107 sk\u00f3r\u0119 do lepszego wch\u0142aniania kosmetyk\u00f3w.<\/p>\n\n\n\n<p>Podsumowuj\u0105c, letnia piel\u0119gnacja twarzy powinna by\u0107 dostosowana do indywidualnych potrzeb naszej sk\u00f3ry. Wa\u017cne jest stosowanie lekkich i nawil\u017caj\u0105cych produkt\u00f3w, a tak\u017ce ochrona przed promieniowaniem UV. Pami\u0119tajmy r\u00f3wnie\u017c o regularnym oczyszczaniu i z\u0142uszczaniu sk\u00f3ry, aby zachowa\u0107 jej zdrowy wygl\u0105d.<\/p>\n\n\n\n<h2 class=\"wp-block-heading\">Dermokosmetyki z filtrem UV &#8211; dlaczego s\u0105 niezb\u0119dne w letniej piel\u0119gnacji?<\/h2>\n\n\n\n<p>Dermokosmetyki z filtrem UV s\u0105 niezb\u0119dne w letniej piel\u0119gnacji ze wzgl\u0119du na swoje w\u0142a\u015bciwo\u015bci ochronne. Promienie UV s\u0105 szkodliwe dla sk\u00f3ry, mog\u0105 powodowa\u0107 jej starzenie si\u0119, przebarwienia oraz nawet raka sk\u00f3ry. Dlatego wa\u017cne jest, aby stosowa\u0107 kosmetyki z filtrem UV, kt\u00f3re chroni\u0105 nasz\u0105 sk\u00f3r\u0119 przed szkodliwym dzia\u0142aniem promieniowania s\u0142onecznego. Dermokosmetyki s\u0105 r\u00f3wnie\u017c bogate w sk\u0142adniki od\u017cywcze i nawil\u017caj\u0105ce, co jest szczeg\u00f3lnie wa\u017cne w okresie letnim, kiedy nasza sk\u00f3ra jest nara\u017cona na dzia\u0142anie s\u0142o\u0144ca i mo\u017ce \u0142atwo ulega\u0107 przesuszeniu. Dzi\u0119ki temu nasza sk\u00f3ra b\u0119dzie dobrze nawil\u017cona i chroniona przed szkodliwym wp\u0142ywem promieniowania s\u0142onecznego. Warto pami\u0119ta\u0107 o regularnym stosowaniu tych produkt\u00f3w, aby cieszy\u0107 si\u0119 pi\u0119kn\u0105 i zdrow\u0105 sk\u00f3r\u0105 przez ca\u0142e lato.<\/p>\n\n\n\n<p>Letnie dni to czas, kiedy nasza sk\u00f3ra wymaga szczeg\u00f3lnej uwagi i ochrony. Wysokie temperatury, promieniowanie UV oraz wilgotno\u015b\u0107 powietrza mog\u0105 wp\u0142ywa\u0107 negatywnie na jej kondycj\u0119. Dlatego wa\u017cne jest, aby wybra\u0107 odpowiednie dermokosmetyki, kt\u00f3re b\u0119d\u0105 chroni\u0107 i piel\u0119gnowa\u0107 nasz\u0105 sk\u00f3r\u0119 w tym okresie.<\/p>\n\n\n\n<p>Podstawowym elementem letniej piel\u0119gnacji jest stosowanie krem\u00f3w z filtrem UV. Chroni\u0105 one sk\u00f3r\u0119 przed szkodliwym promieniowaniem s\u0142onecznym, zapobiegaj\u0105c przedwczesnemu starzeniu si\u0119 sk\u00f3ry oraz ryzyku wyst\u0105pienia poparze\u0144 s\u0142onecznych. Warto wybiera\u0107 kremy o wysokim SPF, dostosowanym do naszego typu sk\u00f3ry.<\/p>\n\n\n\n<p>Kolejnym wa\u017cnym elementem jest odpowiednie nawil\u017cenie sk\u00f3ry. W letnie dni cz\u0119sto mamy do czynienia z nadmiernym poceniem si\u0119, co mo\u017ce prowadzi\u0107 do odwodnienia sk\u00f3ry. Dlatego warto si\u0119gn\u0105\u0107 po lekkie kremy lub \u017cele nawil\u017caj\u0105ce, kt\u00f3re nie b\u0119d\u0105 obci\u0105\u017ca\u0107 naszej cery.<\/p>\n\n\n\n<p>W przypadku os\u00f3b z cer\u0105 t\u0142ust\u0105 lub mieszana warto wybra\u0107 produkty matuj\u0105ce, kt\u00f3re pomog\u0105 utrzyma\u0107 kontrol\u0119 nad nadmiernym wydzielaniem sebum. Natomiast dla os\u00f3b z cer\u0105 such\u0105 lub wra\u017cliw\u0105 idealnym rozwi\u0105zaniem b\u0119d\u0105 delikatne balsamy lub kremy o dzia\u0142aniu koj\u0105cym i regeneruj\u0105cym.<\/p>\n\n\n\n<p>Nie zapominajmy r\u00f3wnie\u017c o piel\u0119gnacji ust i d\u0142oni, kt\u00f3re r\u00f3wnie\u017c nara\u017cone s\u0105 na dzia\u0142anie s\u0142o\u0144ca i wysokich temperatur. Warto wybiera\u0107 produkty z filtrem UV oraz bogate w sk\u0142adniki nawil\u017caj\u0105ce i od\u017cywcze.<\/p>\n\n\n\n<p>Podsumowuj\u0105c, wybieraj\u0105c dermokosmetyki na letnie dni, warto zwr\u00f3ci\u0107 uwag\u0119 na ich sk\u0142ad, dostosowany do naszego typu sk\u00f3ry oraz w\u0142a\u015bciwo\u015bci ochronne i nawil\u017caj\u0105ce. Pami\u0119tajmy r\u00f3wnie\u017c o regularnym stosowaniu krem\u00f3w z filtrem UV oraz odpowiedniej piel\u0119gnacji ust i d\u0142oni. Dzi\u0119ki temu nasza sk\u00f3ra b\u0119dzie zdrowa, nawil\u017cona i chroniona przed szkodliwymi czynnikami zewn\u0119trznymi.<\/p>\n","protected":false},"excerpt":{"rendered":"<p>Letnie dni to czas, kiedy nasza sk\u00f3ra potrzebuje szczeg\u00f3lnej troski i ochrony. Wysokie temperatury, promieniowanie UV oraz cz\u0119ste k\u0105piele w wodzie mog\u0105 wp\u0142yn\u0105\u0107 negatywnie na jej kondycj\u0119. Dlatego te\u017c warto zadba\u0107 o odpowiedni\u0105 piel\u0119gnacj\u0119, a jednym z najlepszych sposob\u00f3w na to s\u0105 dermokosmetyki. Jednak w\u015br\u00f3d szerokiej gamy produkt\u00f3w trudno jest wybra\u0107 te najlepsze dla naszej [&hellip;]<\/p>\n","protected":false},"author":1,"featured_media":0,"comment_status":"","ping_status":"open","sticky":false,"template":"","format":"standard","meta":{"footnotes":""},"categories":[1],"tags":[],"class_list":["post-1447","post","type-post","status-publish","format-standard","hentry","category-bez-kategorii"],"fm_meta_title":"Jakie dermokosmetyki wybra\u0107 na letnie dni \u2013 poradnik piel\u0119gnacji","fm_meta_description":"Zbli\u017caj\u0105 si\u0119 letnie dni, a wraz z nimi potrzeba odpowiedniej piel\u0119gnacji sk\u00f3ry. Nie wiesz, jakie dermokosmetyki wybra\u0107? Zapoznaj si\u0119 z naszym poradnikiem i ciesz si\u0119 pi\u0119kn\u0105 i zdrow\u0105 sk\u00f3r\u0105 przez ca\u0142e lato! Odkryj najlepsze produkty dla Twojej cery ju\u017c teraz.","yoast_head":"<!-- This site is optimized with the Yoast SEO plugin v21.5 - https:\/\/yoast.com\/wordpress\/plugins\/seo\/ -->\n<title>Jakie dermokosmetyki wybra\u0107 na letnie dni \u2013 poradnik piel\u0119gnacji<\/title>\n<meta name=\"description\" content=\"Zbli\u017caj\u0105 si\u0119 letnie dni, a wraz z nimi potrzeba odpowiedniej piel\u0119gnacji sk\u00f3ry. Nie wiesz, jakie dermokosmetyki wybra\u0107? Zapoznaj si\u0119 z naszym poradnikiem i ciesz si\u0119 pi\u0119kn\u0105 i zdrow\u0105 sk\u00f3r\u0105 przez ca\u0142e lato! Odkryj najlepsze produkty dla Twojej cery ju\u017c teraz.\" \/>\n<meta name=\"robots\" content=\"index, follow, max-snippet:-1, max-image-preview:large, max-video-preview:-1\" \/>\n<link rel=\"canonical\" href=\"https:\/\/darzdrowia.pl\/ciekawostki\/jakie-dermokosmetyki-wybrac-na-letnie-dni-poradnik-pielegnacji\/\" \/>\n<meta property=\"og:locale\" content=\"pl_PL\" \/>\n<meta property=\"og:type\" content=\"article\" \/>\n<meta property=\"og:title\" content=\"Jakie dermokosmetyki wybra\u0107 na letnie dni \u2013 poradnik piel\u0119gnacji\" \/>\n<meta property=\"og:description\" content=\"Zbli\u017caj\u0105 si\u0119 letnie dni, a wraz z nimi potrzeba odpowiedniej piel\u0119gnacji sk\u00f3ry. Nie wiesz, jakie dermokosmetyki wybra\u0107? Zapoznaj si\u0119 z naszym poradnikiem i ciesz si\u0119 pi\u0119kn\u0105 i zdrow\u0105 sk\u00f3r\u0105 przez ca\u0142e lato! Odkryj najlepsze produkty dla Twojej cery ju\u017c teraz.\" \/>\n<meta property=\"og:url\" content=\"https:\/\/darzdrowia.pl\/ciekawostki\/jakie-dermokosmetyki-wybrac-na-letnie-dni-poradnik-pielegnacji\/\" \/>\n<meta property=\"og:site_name\" content=\"Dar Zdrowia Drogeria - Blog\" \/>\n<meta property=\"article:publisher\" content=\"https:\/\/www.facebook.com\/profile.php?id=100063606935396\" \/>\n<meta property=\"article:published_time\" content=\"2024-02-05T13:49:33+00:00\" \/>\n<meta name=\"author\" content=\"funkymedia\" \/>\n<meta name=\"twitter:card\" content=\"summary_large_image\" \/>\n<meta name=\"twitter:label1\" content=\"Napisane przez\" \/>\n\t<meta name=\"twitter:data1\" content=\"funkymedia\" \/>\n\t<meta name=\"twitter:label2\" content=\"Szacowany czas czytania\" \/>\n\t<meta name=\"twitter:data2\" content=\"5 minut\" \/>\n<script type=\"application\/ld+json\" class=\"yoast-schema-graph\">{\"@context\":\"https:\/\/schema.org\",\"@graph\":[{\"@type\":\"Article\",\"@id\":\"https:\/\/darzdrowia.pl\/ciekawostki\/jakie-dermokosmetyki-wybrac-na-letnie-dni-poradnik-pielegnacji\/#article\",\"isPartOf\":{\"@id\":\"https:\/\/darzdrowia.pl\/ciekawostki\/jakie-dermokosmetyki-wybrac-na-letnie-dni-poradnik-pielegnacji\/\"},\"author\":{\"name\":\"funkymedia\",\"@id\":\"https:\/\/darzdrowia.pl\/ciekawostki\/#\/schema\/person\/e75579d624630bf943ac69d374bb928e\"},\"headline\":\"Jakie dermokosmetyki wybra\u0107 na letnie dni \u2013 poradnik piel\u0119gnacji\",\"datePublished\":\"2024-02-05T13:49:33+00:00\",\"dateModified\":\"2024-02-05T13:49:33+00:00\",\"mainEntityOfPage\":{\"@id\":\"https:\/\/darzdrowia.pl\/ciekawostki\/jakie-dermokosmetyki-wybrac-na-letnie-dni-poradnik-pielegnacji\/\"},\"wordCount\":1022,\"publisher\":{\"@id\":\"https:\/\/darzdrowia.pl\/ciekawostki\/#organization\"},\"inLanguage\":\"pl-PL\"},{\"@type\":\"WebPage\",\"@id\":\"https:\/\/darzdrowia.pl\/ciekawostki\/jakie-dermokosmetyki-wybrac-na-letnie-dni-poradnik-pielegnacji\/\",\"url\":\"https:\/\/darzdrowia.pl\/ciekawostki\/jakie-dermokosmetyki-wybrac-na-letnie-dni-poradnik-pielegnacji\/\",\"name\":\"Jakie dermokosmetyki wybra\u0107 na letnie dni \u2013 poradnik piel\u0119gnacji\",\"isPartOf\":{\"@id\":\"https:\/\/darzdrowia.pl\/ciekawostki\/#website\"},\"datePublished\":\"2024-02-05T13:49:33+00:00\",\"dateModified\":\"2024-02-05T13:49:33+00:00\",\"description\":\"Zbli\u017caj\u0105 si\u0119 letnie dni, a wraz z nimi potrzeba odpowiedniej piel\u0119gnacji sk\u00f3ry. Nie wiesz, jakie dermokosmetyki wybra\u0107? Zapoznaj si\u0119 z naszym poradnikiem i ciesz si\u0119 pi\u0119kn\u0105 i zdrow\u0105 sk\u00f3r\u0105 przez ca\u0142e lato! Odkryj najlepsze produkty dla Twojej cery ju\u017c teraz.\",\"breadcrumb\":{\"@id\":\"https:\/\/darzdrowia.pl\/ciekawostki\/jakie-dermokosmetyki-wybrac-na-letnie-dni-poradnik-pielegnacji\/#breadcrumb\"},\"inLanguage\":\"pl-PL\",\"potentialAction\":[{\"@type\":\"ReadAction\",\"target\":[\"https:\/\/darzdrowia.pl\/ciekawostki\/jakie-dermokosmetyki-wybrac-na-letnie-dni-poradnik-pielegnacji\/\"]}]},{\"@type\":\"BreadcrumbList\",\"@id\":\"https:\/\/darzdrowia.pl\/ciekawostki\/jakie-dermokosmetyki-wybrac-na-letnie-dni-poradnik-pielegnacji\/#breadcrumb\",\"itemListElement\":[{\"@type\":\"ListItem\",\"position\":1,\"name\":\"Strona g\u0142\u00f3wna\",\"item\":\"https:\/\/darzdrowia.pl\/ciekawostki\/\"},{\"@type\":\"ListItem\",\"position\":2,\"name\":\"Jakie dermokosmetyki wybra\u0107 na letnie dni \u2013 poradnik piel\u0119gnacji\"}]},{\"@type\":\"WebSite\",\"@id\":\"https:\/\/darzdrowia.pl\/ciekawostki\/#website\",\"url\":\"https:\/\/darzdrowia.pl\/ciekawostki\/\",\"name\":\"Dar Zdrowia Drogeria - Blog\",\"description\":\"\",\"publisher\":{\"@id\":\"https:\/\/darzdrowia.pl\/ciekawostki\/#organization\"},\"potentialAction\":[{\"@type\":\"SearchAction\",\"target\":{\"@type\":\"EntryPoint\",\"urlTemplate\":\"https:\/\/darzdrowia.pl\/ciekawostki\/?s={search_term_string}\"},\"query-input\":\"required name=search_term_string\"}],\"inLanguage\":\"pl-PL\"},{\"@type\":\"Organization\",\"@id\":\"https:\/\/darzdrowia.pl\/ciekawostki\/#organization\",\"name\":\"Dar Zdrowia Drogeria - Blog\",\"url\":\"https:\/\/darzdrowia.pl\/ciekawostki\/\",\"logo\":{\"@type\":\"ImageObject\",\"inLanguage\":\"pl-PL\",\"@id\":\"https:\/\/darzdrowia.pl\/ciekawostki\/#\/schema\/logo\/image\/\",\"url\":\"https:\/\/darzdrowia.pl\/ciekawostki\/wp-content\/uploads\/2023\/11\/logo-darzdrowia.webp\",\"contentUrl\":\"https:\/\/darzdrowia.pl\/ciekawostki\/wp-content\/uploads\/2023\/11\/logo-darzdrowia.webp\",\"width\":744,\"height\":225,\"caption\":\"Dar Zdrowia Drogeria - Blog\"},\"image\":{\"@id\":\"https:\/\/darzdrowia.pl\/ciekawostki\/#\/schema\/logo\/image\/\"},\"sameAs\":[\"https:\/\/www.facebook.com\/profile.php?id=100063606935396\"]},{\"@type\":\"Person\",\"@id\":\"https:\/\/darzdrowia.pl\/ciekawostki\/#\/schema\/person\/e75579d624630bf943ac69d374bb928e\",\"name\":\"funkymedia\",\"image\":{\"@type\":\"ImageObject\",\"inLanguage\":\"pl-PL\",\"@id\":\"https:\/\/darzdrowia.pl\/ciekawostki\/#\/schema\/person\/image\/\",\"url\":\"https:\/\/secure.gravatar.com\/avatar\/393cb205b658aef6e3271ad5a92265e3e4433d2384bbe95524ba160d5bc20299?s=96&d=mm&r=g\",\"contentUrl\":\"https:\/\/secure.gravatar.com\/avatar\/393cb205b658aef6e3271ad5a92265e3e4433d2384bbe95524ba160d5bc20299?s=96&d=mm&r=g\",\"caption\":\"funkymedia\"},\"sameAs\":[\"https:\/\/darzdrowia.pl\/ciekawostki\"],\"url\":\"https:\/\/darzdrowia.pl\/ciekawostki\/author\/funkymedia\/\"}]}<\/script>\n<!-- \/ Yoast SEO plugin. -->","yoast_head_json":{"title":"Jakie dermokosmetyki wybra\u0107 na letnie dni \u2013 poradnik piel\u0119gnacji","description":"Zbli\u017caj\u0105 si\u0119 letnie dni, a wraz z nimi potrzeba odpowiedniej piel\u0119gnacji sk\u00f3ry. Nie wiesz, jakie dermokosmetyki wybra\u0107? Zapoznaj si\u0119 z naszym poradnikiem i ciesz si\u0119 pi\u0119kn\u0105 i zdrow\u0105 sk\u00f3r\u0105 przez ca\u0142e lato! Odkryj najlepsze produkty dla Twojej cery ju\u017c teraz.","robots":{"index":"index","follow":"follow","max-snippet":"max-snippet:-1","max-image-preview":"max-image-preview:large","max-video-preview":"max-video-preview:-1"},"canonical":"https:\/\/darzdrowia.pl\/ciekawostki\/jakie-dermokosmetyki-wybrac-na-letnie-dni-poradnik-pielegnacji\/","og_locale":"pl_PL","og_type":"article","og_title":"Jakie dermokosmetyki wybra\u0107 na letnie dni \u2013 poradnik piel\u0119gnacji","og_description":"Zbli\u017caj\u0105 si\u0119 letnie dni, a wraz z nimi potrzeba odpowiedniej piel\u0119gnacji sk\u00f3ry. Nie wiesz, jakie dermokosmetyki wybra\u0107? Zapoznaj si\u0119 z naszym poradnikiem i ciesz si\u0119 pi\u0119kn\u0105 i zdrow\u0105 sk\u00f3r\u0105 przez ca\u0142e lato! Odkryj najlepsze produkty dla Twojej cery ju\u017c teraz.","og_url":"https:\/\/darzdrowia.pl\/ciekawostki\/jakie-dermokosmetyki-wybrac-na-letnie-dni-poradnik-pielegnacji\/","og_site_name":"Dar Zdrowia Drogeria - Blog","article_publisher":"https:\/\/www.facebook.com\/profile.php?id=100063606935396","article_published_time":"2024-02-05T13:49:33+00:00","author":"funkymedia","twitter_card":"summary_large_image","twitter_misc":{"Napisane przez":"funkymedia","Szacowany czas czytania":"5 minut"},"schema":{"@context":"https:\/\/schema.org","@graph":[{"@type":"Article","@id":"https:\/\/darzdrowia.pl\/ciekawostki\/jakie-dermokosmetyki-wybrac-na-letnie-dni-poradnik-pielegnacji\/#article","isPartOf":{"@id":"https:\/\/darzdrowia.pl\/ciekawostki\/jakie-dermokosmetyki-wybrac-na-letnie-dni-poradnik-pielegnacji\/"},"author":{"name":"funkymedia","@id":"https:\/\/darzdrowia.pl\/ciekawostki\/#\/schema\/person\/e75579d624630bf943ac69d374bb928e"},"headline":"Jakie dermokosmetyki wybra\u0107 na letnie dni \u2013 poradnik piel\u0119gnacji","datePublished":"2024-02-05T13:49:33+00:00","dateModified":"2024-02-05T13:49:33+00:00","mainEntityOfPage":{"@id":"https:\/\/darzdrowia.pl\/ciekawostki\/jakie-dermokosmetyki-wybrac-na-letnie-dni-poradnik-pielegnacji\/"},"wordCount":1022,"publisher":{"@id":"https:\/\/darzdrowia.pl\/ciekawostki\/#organization"},"inLanguage":"pl-PL"},{"@type":"WebPage","@id":"https:\/\/darzdrowia.pl\/ciekawostki\/jakie-dermokosmetyki-wybrac-na-letnie-dni-poradnik-pielegnacji\/","url":"https:\/\/darzdrowia.pl\/ciekawostki\/jakie-dermokosmetyki-wybrac-na-letnie-dni-poradnik-pielegnacji\/","name":"Jakie dermokosmetyki wybra\u0107 na letnie dni \u2013 poradnik piel\u0119gnacji","isPartOf":{"@id":"https:\/\/darzdrowia.pl\/ciekawostki\/#website"},"datePublished":"2024-02-05T13:49:33+00:00","dateModified":"2024-02-05T13:49:33+00:00","description":"Zbli\u017caj\u0105 si\u0119 letnie dni, a wraz z nimi potrzeba odpowiedniej piel\u0119gnacji sk\u00f3ry. Nie wiesz, jakie dermokosmetyki wybra\u0107? Zapoznaj si\u0119 z naszym poradnikiem i ciesz si\u0119 pi\u0119kn\u0105 i zdrow\u0105 sk\u00f3r\u0105 przez ca\u0142e lato! Odkryj najlepsze produkty dla Twojej cery ju\u017c teraz.","breadcrumb":{"@id":"https:\/\/darzdrowia.pl\/ciekawostki\/jakie-dermokosmetyki-wybrac-na-letnie-dni-poradnik-pielegnacji\/#breadcrumb"},"inLanguage":"pl-PL","potentialAction":[{"@type":"ReadAction","target":["https:\/\/darzdrowia.pl\/ciekawostki\/jakie-dermokosmetyki-wybrac-na-letnie-dni-poradnik-pielegnacji\/"]}]},{"@type":"BreadcrumbList","@id":"https:\/\/darzdrowia.pl\/ciekawostki\/jakie-dermokosmetyki-wybrac-na-letnie-dni-poradnik-pielegnacji\/#breadcrumb","itemListElement":[{"@type":"ListItem","position":1,"name":"Strona g\u0142\u00f3wna","item":"https:\/\/darzdrowia.pl\/ciekawostki\/"},{"@type":"ListItem","position":2,"name":"Jakie dermokosmetyki wybra\u0107 na letnie dni \u2013 poradnik piel\u0119gnacji"}]},{"@type":"WebSite","@id":"https:\/\/darzdrowia.pl\/ciekawostki\/#website","url":"https:\/\/darzdrowia.pl\/ciekawostki\/","name":"Dar Zdrowia Drogeria - Blog","description":"","publisher":{"@id":"https:\/\/darzdrowia.pl\/ciekawostki\/#organization"},"potentialAction":[{"@type":"SearchAction","target":{"@type":"EntryPoint","urlTemplate":"https:\/\/darzdrowia.pl\/ciekawostki\/?s={search_term_string}"},"query-input":"required name=search_term_string"}],"inLanguage":"pl-PL"},{"@type":"Organization","@id":"https:\/\/darzdrowia.pl\/ciekawostki\/#organization","name":"Dar Zdrowia Drogeria - Blog","url":"https:\/\/darzdrowia.pl\/ciekawostki\/","logo":{"@type":"ImageObject","inLanguage":"pl-PL","@id":"https:\/\/darzdrowia.pl\/ciekawostki\/#\/schema\/logo\/image\/","url":"https:\/\/darzdrowia.pl\/ciekawostki\/wp-content\/uploads\/2023\/11\/logo-darzdrowia.webp","contentUrl":"https:\/\/darzdrowia.pl\/ciekawostki\/wp-content\/uploads\/2023\/11\/logo-darzdrowia.webp","width":744,"height":225,"caption":"Dar Zdrowia Drogeria - Blog"},"image":{"@id":"https:\/\/darzdrowia.pl\/ciekawostki\/#\/schema\/logo\/image\/"},"sameAs":["https:\/\/www.facebook.com\/profile.php?id=100063606935396"]},{"@type":"Person","@id":"https:\/\/darzdrowia.pl\/ciekawostki\/#\/schema\/person\/e75579d624630bf943ac69d374bb928e","name":"funkymedia","image":{"@type":"ImageObject","inLanguage":"pl-PL","@id":"https:\/\/darzdrowia.pl\/ciekawostki\/#\/schema\/person\/image\/","url":"https:\/\/secure.gravatar.com\/avatar\/393cb205b658aef6e3271ad5a92265e3e4433d2384bbe95524ba160d5bc20299?s=96&d=mm&r=g","contentUrl":"https:\/\/secure.gravatar.com\/avatar\/393cb205b658aef6e3271ad5a92265e3e4433d2384bbe95524ba160d5bc20299?s=96&d=mm&r=g","caption":"funkymedia"},"sameAs":["https:\/\/darzdrowia.pl\/ciekawostki"],"url":"https:\/\/darzdrowia.pl\/ciekawostki\/author\/funkymedia\/"}]}},"_links":{"self":[{"href":"https:\/\/darzdrowia.pl\/ciekawostki\/wp-json\/wp\/v2\/posts\/1447","targetHints":{"allow":["GET"]}}],"collection":[{"href":"https:\/\/darzdrowia.pl\/ciekawostki\/wp-json\/wp\/v2\/posts"}],"about":[{"href":"https:\/\/darzdrowia.pl\/ciekawostki\/wp-json\/wp\/v2\/types\/post"}],"author":[{"embeddable":true,"href":"https:\/\/darzdrowia.pl\/ciekawostki\/wp-json\/wp\/v2\/users\/1"}],"replies":[{"embeddable":true,"href":"https:\/\/darzdrowia.pl\/ciekawostki\/wp-json\/wp\/v2\/comments?post=1447"}],"version-history":[{"count":0,"href":"https:\/\/darzdrowia.pl\/ciekawostki\/wp-json\/wp\/v2\/posts\/1447\/revisions"}],"wp:attachment":[{"href":"https:\/\/darzdrowia.pl\/ciekawostki\/wp-json\/wp\/v2\/media?parent=1447"}],"wp:term":[{"taxonomy":"category","embeddable":true,"href":"https:\/\/darzdrowia.pl\/ciekawostki\/wp-json\/wp\/v2\/categories?post=1447"},{"taxonomy":"post_tag","embeddable":true,"href":"https:\/\/darzdrowia.pl\/ciekawostki\/wp-json\/wp\/v2\/tags?post=1447"}],"curies":[{"name":"wp","href":"https:\/\/api.w.org\/{rel}","templated":true}]}}