{"id":1411,"date":"2024-02-05T14:37:26","date_gmt":"2024-02-05T13:37:26","guid":{"rendered":"https:\/\/darzdrowia.pl\/ciekawostki\/dermokosmetyki-na-lato-ochrona-przed-sloncem-i-nawilzenie-w-jednym\/"},"modified":"2024-02-05T14:37:26","modified_gmt":"2024-02-05T13:37:26","slug":"dermokosmetyki-na-lato-ochrona-przed-sloncem-i-nawilzenie-w-jednym","status":"publish","type":"post","link":"https:\/\/darzdrowia.pl\/ciekawostki\/dermokosmetyki-na-lato-ochrona-przed-sloncem-i-nawilzenie-w-jednym\/","title":{"rendered":"Dermokosmetyki na lato \u2013 ochrona przed s\u0142o\u0144cem i nawil\u017cenie w jednym"},"content":{"rendered":"\n<p>Lato to czas, kiedy nasza sk\u00f3ra jest szczeg\u00f3lnie nara\u017cona na dzia\u0142anie promieni s\u0142onecznych. Dlatego te\u017c wa\u017cne jest, aby zadba\u0107 o jej odpowiedni\u0105 ochron\u0119 i nawil\u017cenie. W tym celu idealnym rozwi\u0105zaniem s\u0105 dermokosmetyki, kt\u00f3re \u0142\u0105cz\u0105 w sobie funkcje ochronne przed s\u0142o\u0144cem oraz nawil\u017caj\u0105ce. Dzi\u0119ki nim nasza sk\u00f3ra b\u0119dzie chroniona przed szkodliwym promieniowaniem UV, jednocze\u015bnie pozostaj\u0105c odpowiednio nawil\u017cona i od\u017cywiona. W tym wprowadzeniu przyjrzymy si\u0119 bli\u017cej temu, dlaczego dermokosmetyki s\u0105 idealnym wyborem na lato i jakie korzy\u015bci przynosz\u0105 dla naszej sk\u00f3ry.<\/p>\n\n\n\n<h2 class=\"wp-block-heading\">Jak zadba\u0107 o sk\u00f3r\u0119 latem? Dermokosmetyki jako podstawa ochrony przed s\u0142o\u0144cem i nawil\u017cenia<\/h2>\n\n\n\n<p>Latem nasza sk\u00f3ra jest szczeg\u00f3lnie nara\u017cona na dzia\u0142anie promieni s\u0142onecznych, dlatego wa\u017cne jest, aby odpowiednio o ni\u0105 zadba\u0107. Podstawowym elementem piel\u0119gnacji latem s\u0105 dermokosmetyki, kt\u00f3re zapewniaj\u0105 sk\u00f3rze ochron\u0119 przed s\u0142o\u0144cem oraz odpowiednie nawil\u017cenie.<\/p>\n\n\n\n<p>Dermokosmetyki to produkty specjalnie stworzone z my\u015bl\u0105 o piel\u0119gnacji sk\u00f3ry wra\u017cliwej i delikatnej. Zawieraj\u0105 one filtry UV, kt\u00f3re chroni\u0105 sk\u00f3r\u0119 przed szkodliwym promieniowaniem s\u0142onecznym. Dzi\u0119ki temu unikniemy poparze\u0144 s\u0142onecznych oraz przyspieszonego starzenia si\u0119 sk\u00f3ry.<\/p>\n\n\n\n<p>Warto r\u00f3wnie\u017c pami\u0119ta\u0107 o regularnym nawil\u017caniu sk\u00f3ry latem. Wysokie temperatury i cz\u0119ste przebywanie na s\u0142o\u0144cu mog\u0105 sprawi\u0107, \u017ce nasza sk\u00f3ra staje si\u0119 sucha i odwodniona. Dlatego warto si\u0119ga\u0107 po kremy i balsamy nawil\u017caj\u0105ce, kt\u00f3re utrzymaj\u0105 odpowiedni poziom nawil\u017cenia naszej sk\u00f3ry.<\/p>\n\n\n\n<p>Podsumowuj\u0105c, aby zadba\u0107 o swoj\u0105 sk\u00f3r\u0119 latem, warto postawi\u0107 na dermokosmetyki z filtrem UV oraz regularne nawil\u017canie. Pami\u0119tajmy r\u00f3wnie\u017c o unikaniu przebywania na s\u0142o\u0144cu w godzinach najwi\u0119kszego nasilenia promieniowania oraz stosowaniu nakrycia g\u0142owy i okular\u00f3w przeciws\u0142onecznych. Dzi\u0119ki temu nasza sk\u00f3ra b\u0119dzie zdrowa i pi\u0119kna przez ca\u0142e lato.<\/p>\n\n\n\n<h2 class=\"wp-block-heading\">Najlepsze dermokosmetyki na lato &#8211; ranking produkt\u00f3w do ochrony i nawil\u017cenia sk\u00f3ry<\/h2>\n\n\n\n<p>Lato to czas, kiedy nasza sk\u00f3ra potrzebuje szczeg\u00f3lnej ochrony i nawil\u017cenia. Dlatego warto si\u0119gn\u0105\u0107 po dermokosmetyki, kt\u00f3re s\u0105 stworzone specjalnie dla delikatnej i wymagaj\u0105cej piel\u0119gnacji sk\u00f3ry. Oto ranking najlepszych produkt\u00f3w na lato:<\/p>\n\n\n\n<p>1. Krem z filtrem przeciws\u0142onecznym &#8211; niezast\u0105piony w okresie letnim, chroni sk\u00f3r\u0119 przed szkodliwym promieniowaniem UV.<\/p>\n\n\n\n<p>2. Serum z witamin\u0105 C &#8211; doskona\u0142e do rozja\u015bniania przebarwie\u0144 i poprawiania elastyczno\u015bci sk\u00f3ry.<\/p>\n\n\n\n<p>3. Krem nawil\u017caj\u0105cy z kwasem hialuronowym &#8211; idealny dla sk\u00f3ry suchej i odwodnionej, zapewnia intensywne nawil\u017cenie na ca\u0142y dzie\u0144.<\/p>\n\n\n\n<p>4. Tonik z kwasem salicylowym &#8211; pomaga w regulacji wydzielania sebum i zwalczaniu niedoskona\u0142o\u015bci sk\u00f3ry.<\/p>\n\n\n\n<p>5. Maseczka oczyszczaj\u0105ca &#8211; idealna do stosowania raz w tygodniu, usuwa zanieczyszczenia i nadmiar sebum, pozostawiaj\u0105c sk\u00f3r\u0119 g\u0142adk\u0105 i od\u015bwie\u017con\u0105.<\/p>\n\n\n\n<p>Pami\u0119tajmy, \u017ce odpowiednia piel\u0119gnacja jest kluczem do pi\u0119knej i zdrowej sk\u00f3ry przez ca\u0142e lato. Wybierajmy produkty dostosowane do naszego typu cery oraz pami\u0119tajmy o regularnym stosowaniu kremu z filtrem przeciws\u0142onecznym.<\/p>\n\n\n\n<h2 class=\"wp-block-heading\">Dermokosmetyki z filtrem UV &#8211; dlaczego s\u0105 niezb\u0119dne w letniej piel\u0119gnacji sk\u00f3ry?<\/h2>\n\n\n\n<p>Dermokosmetyki z filtrem UV s\u0105 niezb\u0119dne w letniej piel\u0119gnacji sk\u00f3ry, poniewa\u017c chroni\u0105 j\u0105 przed szkodliwym promieniowaniem s\u0142onecznym. Promienie UV mog\u0105 powodowa\u0107 starzenie si\u0119 sk\u00f3ry, przebarwienia, a nawet raka sk\u00f3ry. Dlatego wa\u017cne jest stosowanie produkt\u00f3w z filtrem UV, kt\u00f3re zapewniaj\u0105 ochron\u0119 przed tymi negatywnymi skutkami. Dermokosmetyki z filtrem UV s\u0105 r\u00f3wnie\u017c lekkie i nie zapychaj\u0105 por\u00f3w, co jest szczeg\u00f3lnie wa\u017cne w letnim upale. Dzi\u0119ki nim mo\u017cemy cieszy\u0107 si\u0119 pi\u0119kn\u0105 i zdrow\u0105 sk\u00f3r\u0105 przez ca\u0142e lato.<\/p>\n\n\n\n<p>Dermokosmetyki na lato s\u0105 niezwykle wa\u017cne dla naszej sk\u00f3ry, poniewa\u017c zapewniaj\u0105 nie tylko ochron\u0119 przed szkodliwym promieniowaniem s\u0142onecznym, ale tak\u017ce nawil\u017caj\u0105 j\u0105 w trakcie upalnych dni. Dzi\u0119ki specjalnym formu\u0142om i sk\u0142adnikom, takim jak filtry UV, witamina E czy kwas hialuronowy, kosmetyki te chroni\u0105 nasz\u0105 sk\u00f3r\u0119 przed poparzeniami s\u0142onecznymi oraz przesuszeniem. Dodatkowo, cz\u0119sto zawieraj\u0105 one r\u00f3wnie\u017c substancje koj\u0105ce i \u0142agodz\u0105ce podra\u017cnienia, co jest szczeg\u00f3lnie istotne w przypadku sk\u00f3ry wra\u017cliwej. Dzi\u0119ki temu, mo\u017cemy cieszy\u0107 si\u0119 pi\u0119kn\u0105 i zdrow\u0105 sk\u00f3r\u0105 przez ca\u0142e lato. Warto wi\u0119c pami\u0119ta\u0107 o regularnym stosowaniu dermokosmetyk\u00f3w z filtrem UV oraz o odpowiednim nawil\u017ceniu naszej sk\u00f3ry, aby unikn\u0105\u0107 niepo\u017c\u0105danych konsekwencji dzia\u0142ania s\u0142o\u0144ca.<\/p>\n","protected":false},"excerpt":{"rendered":"<p>Lato to czas, kiedy nasza sk\u00f3ra jest szczeg\u00f3lnie nara\u017cona na dzia\u0142anie promieni s\u0142onecznych. Dlatego te\u017c wa\u017cne jest, aby zadba\u0107 o jej odpowiedni\u0105 ochron\u0119 i nawil\u017cenie. W tym celu idealnym rozwi\u0105zaniem s\u0105 dermokosmetyki, kt\u00f3re \u0142\u0105cz\u0105 w sobie funkcje ochronne przed s\u0142o\u0144cem oraz nawil\u017caj\u0105ce. Dzi\u0119ki nim nasza sk\u00f3ra b\u0119dzie chroniona przed szkodliwym promieniowaniem UV, jednocze\u015bnie pozostaj\u0105c odpowiednio [&hellip;]<\/p>\n","protected":false},"author":1,"featured_media":0,"comment_status":"","ping_status":"open","sticky":false,"template":"","format":"standard","meta":{"footnotes":""},"categories":[1],"tags":[],"class_list":["post-1411","post","type-post","status-publish","format-standard","hentry","category-bez-kategorii"],"fm_meta_title":"Dermokosmetyki na lato \u2013 ochrona przed s\u0142o\u0144cem i nawil\u017cenie w jednym","fm_meta_description":"Zbli\u017ca si\u0119 lato, a wraz z nim potrzeba ochrony sk\u00f3ry przed s\u0142o\u0144cem. Dlatego warto pozna\u0107 nasz\u0105 ofert\u0119 dermokosmetyk\u00f3w, kt\u00f3re zapewni\u0105 nie tylko skuteczn\u0105 ochron\u0119, ale tak\u017ce intensywne nawil\u017cenie. Sprawd\u017a teraz i ciesz si\u0119 pi\u0119kn\u0105 i zdrow\u0105 sk\u00f3r\u0105 przez ca\u0142e lato! Tylko u nas \u2013 dermokosmetyki na lato w jednym!","yoast_head":"<!-- This site is optimized with the Yoast SEO plugin v21.5 - https:\/\/yoast.com\/wordpress\/plugins\/seo\/ -->\n<title>Dermokosmetyki na lato \u2013 ochrona przed s\u0142o\u0144cem i nawil\u017cenie w jednym<\/title>\n<meta name=\"description\" content=\"Zbli\u017ca si\u0119 lato, a wraz z nim potrzeba ochrony sk\u00f3ry przed s\u0142o\u0144cem. Dlatego warto pozna\u0107 nasz\u0105 ofert\u0119 dermokosmetyk\u00f3w, kt\u00f3re zapewni\u0105 nie tylko skuteczn\u0105 ochron\u0119, ale tak\u017ce intensywne nawil\u017cenie. Sprawd\u017a teraz i ciesz si\u0119 pi\u0119kn\u0105 i zdrow\u0105 sk\u00f3r\u0105 przez ca\u0142e lato! Tylko u nas \u2013 dermokosmetyki na lato w jednym!\" \/>\n<meta name=\"robots\" content=\"index, follow, max-snippet:-1, max-image-preview:large, max-video-preview:-1\" \/>\n<link rel=\"canonical\" href=\"https:\/\/darzdrowia.pl\/ciekawostki\/dermokosmetyki-na-lato-ochrona-przed-sloncem-i-nawilzenie-w-jednym\/\" \/>\n<meta property=\"og:locale\" content=\"pl_PL\" \/>\n<meta property=\"og:type\" content=\"article\" \/>\n<meta property=\"og:title\" content=\"Dermokosmetyki na lato \u2013 ochrona przed s\u0142o\u0144cem i nawil\u017cenie w jednym\" \/>\n<meta property=\"og:description\" content=\"Zbli\u017ca si\u0119 lato, a wraz z nim potrzeba ochrony sk\u00f3ry przed s\u0142o\u0144cem. Dlatego warto pozna\u0107 nasz\u0105 ofert\u0119 dermokosmetyk\u00f3w, kt\u00f3re zapewni\u0105 nie tylko skuteczn\u0105 ochron\u0119, ale tak\u017ce intensywne nawil\u017cenie. Sprawd\u017a teraz i ciesz si\u0119 pi\u0119kn\u0105 i zdrow\u0105 sk\u00f3r\u0105 przez ca\u0142e lato! Tylko u nas \u2013 dermokosmetyki na lato w jednym!\" \/>\n<meta property=\"og:url\" content=\"https:\/\/darzdrowia.pl\/ciekawostki\/dermokosmetyki-na-lato-ochrona-przed-sloncem-i-nawilzenie-w-jednym\/\" \/>\n<meta property=\"og:site_name\" content=\"Dar Zdrowia Drogeria - Blog\" \/>\n<meta property=\"article:publisher\" content=\"https:\/\/www.facebook.com\/profile.php?id=100063606935396\" \/>\n<meta property=\"article:published_time\" content=\"2024-02-05T13:37:26+00:00\" \/>\n<meta name=\"author\" content=\"funkymedia\" \/>\n<meta name=\"twitter:card\" content=\"summary_large_image\" \/>\n<meta name=\"twitter:label1\" content=\"Napisane przez\" \/>\n\t<meta name=\"twitter:data1\" content=\"funkymedia\" \/>\n\t<meta name=\"twitter:label2\" content=\"Szacowany czas czytania\" \/>\n\t<meta name=\"twitter:data2\" content=\"4 minuty\" \/>\n<script type=\"application\/ld+json\" class=\"yoast-schema-graph\">{\"@context\":\"https:\/\/schema.org\",\"@graph\":[{\"@type\":\"Article\",\"@id\":\"https:\/\/darzdrowia.pl\/ciekawostki\/dermokosmetyki-na-lato-ochrona-przed-sloncem-i-nawilzenie-w-jednym\/#article\",\"isPartOf\":{\"@id\":\"https:\/\/darzdrowia.pl\/ciekawostki\/dermokosmetyki-na-lato-ochrona-przed-sloncem-i-nawilzenie-w-jednym\/\"},\"author\":{\"name\":\"funkymedia\",\"@id\":\"https:\/\/darzdrowia.pl\/ciekawostki\/#\/schema\/person\/e75579d624630bf943ac69d374bb928e\"},\"headline\":\"Dermokosmetyki na lato \u2013 ochrona przed s\u0142o\u0144cem i nawil\u017cenie w jednym\",\"datePublished\":\"2024-02-05T13:37:26+00:00\",\"dateModified\":\"2024-02-05T13:37:26+00:00\",\"mainEntityOfPage\":{\"@id\":\"https:\/\/darzdrowia.pl\/ciekawostki\/dermokosmetyki-na-lato-ochrona-przed-sloncem-i-nawilzenie-w-jednym\/\"},\"wordCount\":772,\"publisher\":{\"@id\":\"https:\/\/darzdrowia.pl\/ciekawostki\/#organization\"},\"inLanguage\":\"pl-PL\"},{\"@type\":\"WebPage\",\"@id\":\"https:\/\/darzdrowia.pl\/ciekawostki\/dermokosmetyki-na-lato-ochrona-przed-sloncem-i-nawilzenie-w-jednym\/\",\"url\":\"https:\/\/darzdrowia.pl\/ciekawostki\/dermokosmetyki-na-lato-ochrona-przed-sloncem-i-nawilzenie-w-jednym\/\",\"name\":\"Dermokosmetyki na lato \u2013 ochrona przed s\u0142o\u0144cem i nawil\u017cenie w jednym\",\"isPartOf\":{\"@id\":\"https:\/\/darzdrowia.pl\/ciekawostki\/#website\"},\"datePublished\":\"2024-02-05T13:37:26+00:00\",\"dateModified\":\"2024-02-05T13:37:26+00:00\",\"description\":\"Zbli\u017ca si\u0119 lato, a wraz z nim potrzeba ochrony sk\u00f3ry przed s\u0142o\u0144cem. Dlatego warto pozna\u0107 nasz\u0105 ofert\u0119 dermokosmetyk\u00f3w, kt\u00f3re zapewni\u0105 nie tylko skuteczn\u0105 ochron\u0119, ale tak\u017ce intensywne nawil\u017cenie. Sprawd\u017a teraz i ciesz si\u0119 pi\u0119kn\u0105 i zdrow\u0105 sk\u00f3r\u0105 przez ca\u0142e lato! Tylko u nas \u2013 dermokosmetyki na lato w jednym!\",\"breadcrumb\":{\"@id\":\"https:\/\/darzdrowia.pl\/ciekawostki\/dermokosmetyki-na-lato-ochrona-przed-sloncem-i-nawilzenie-w-jednym\/#breadcrumb\"},\"inLanguage\":\"pl-PL\",\"potentialAction\":[{\"@type\":\"ReadAction\",\"target\":[\"https:\/\/darzdrowia.pl\/ciekawostki\/dermokosmetyki-na-lato-ochrona-przed-sloncem-i-nawilzenie-w-jednym\/\"]}]},{\"@type\":\"BreadcrumbList\",\"@id\":\"https:\/\/darzdrowia.pl\/ciekawostki\/dermokosmetyki-na-lato-ochrona-przed-sloncem-i-nawilzenie-w-jednym\/#breadcrumb\",\"itemListElement\":[{\"@type\":\"ListItem\",\"position\":1,\"name\":\"Strona g\u0142\u00f3wna\",\"item\":\"https:\/\/darzdrowia.pl\/ciekawostki\/\"},{\"@type\":\"ListItem\",\"position\":2,\"name\":\"Dermokosmetyki na lato \u2013 ochrona przed s\u0142o\u0144cem i nawil\u017cenie w jednym\"}]},{\"@type\":\"WebSite\",\"@id\":\"https:\/\/darzdrowia.pl\/ciekawostki\/#website\",\"url\":\"https:\/\/darzdrowia.pl\/ciekawostki\/\",\"name\":\"Dar Zdrowia Drogeria - Blog\",\"description\":\"\",\"publisher\":{\"@id\":\"https:\/\/darzdrowia.pl\/ciekawostki\/#organization\"},\"potentialAction\":[{\"@type\":\"SearchAction\",\"target\":{\"@type\":\"EntryPoint\",\"urlTemplate\":\"https:\/\/darzdrowia.pl\/ciekawostki\/?s={search_term_string}\"},\"query-input\":\"required name=search_term_string\"}],\"inLanguage\":\"pl-PL\"},{\"@type\":\"Organization\",\"@id\":\"https:\/\/darzdrowia.pl\/ciekawostki\/#organization\",\"name\":\"Dar Zdrowia Drogeria - Blog\",\"url\":\"https:\/\/darzdrowia.pl\/ciekawostki\/\",\"logo\":{\"@type\":\"ImageObject\",\"inLanguage\":\"pl-PL\",\"@id\":\"https:\/\/darzdrowia.pl\/ciekawostki\/#\/schema\/logo\/image\/\",\"url\":\"https:\/\/darzdrowia.pl\/ciekawostki\/wp-content\/uploads\/2023\/11\/logo-darzdrowia.webp\",\"contentUrl\":\"https:\/\/darzdrowia.pl\/ciekawostki\/wp-content\/uploads\/2023\/11\/logo-darzdrowia.webp\",\"width\":744,\"height\":225,\"caption\":\"Dar Zdrowia Drogeria - Blog\"},\"image\":{\"@id\":\"https:\/\/darzdrowia.pl\/ciekawostki\/#\/schema\/logo\/image\/\"},\"sameAs\":[\"https:\/\/www.facebook.com\/profile.php?id=100063606935396\"]},{\"@type\":\"Person\",\"@id\":\"https:\/\/darzdrowia.pl\/ciekawostki\/#\/schema\/person\/e75579d624630bf943ac69d374bb928e\",\"name\":\"funkymedia\",\"image\":{\"@type\":\"ImageObject\",\"inLanguage\":\"pl-PL\",\"@id\":\"https:\/\/darzdrowia.pl\/ciekawostki\/#\/schema\/person\/image\/\",\"url\":\"https:\/\/secure.gravatar.com\/avatar\/393cb205b658aef6e3271ad5a92265e3e4433d2384bbe95524ba160d5bc20299?s=96&d=mm&r=g\",\"contentUrl\":\"https:\/\/secure.gravatar.com\/avatar\/393cb205b658aef6e3271ad5a92265e3e4433d2384bbe95524ba160d5bc20299?s=96&d=mm&r=g\",\"caption\":\"funkymedia\"},\"sameAs\":[\"https:\/\/darzdrowia.pl\/ciekawostki\"],\"url\":\"https:\/\/darzdrowia.pl\/ciekawostki\/author\/funkymedia\/\"}]}<\/script>\n<!-- \/ Yoast SEO plugin. -->","yoast_head_json":{"title":"Dermokosmetyki na lato \u2013 ochrona przed s\u0142o\u0144cem i nawil\u017cenie w jednym","description":"Zbli\u017ca si\u0119 lato, a wraz z nim potrzeba ochrony sk\u00f3ry przed s\u0142o\u0144cem. Dlatego warto pozna\u0107 nasz\u0105 ofert\u0119 dermokosmetyk\u00f3w, kt\u00f3re zapewni\u0105 nie tylko skuteczn\u0105 ochron\u0119, ale tak\u017ce intensywne nawil\u017cenie. Sprawd\u017a teraz i ciesz si\u0119 pi\u0119kn\u0105 i zdrow\u0105 sk\u00f3r\u0105 przez ca\u0142e lato! Tylko u nas \u2013 dermokosmetyki na lato w jednym!","robots":{"index":"index","follow":"follow","max-snippet":"max-snippet:-1","max-image-preview":"max-image-preview:large","max-video-preview":"max-video-preview:-1"},"canonical":"https:\/\/darzdrowia.pl\/ciekawostki\/dermokosmetyki-na-lato-ochrona-przed-sloncem-i-nawilzenie-w-jednym\/","og_locale":"pl_PL","og_type":"article","og_title":"Dermokosmetyki na lato \u2013 ochrona przed s\u0142o\u0144cem i nawil\u017cenie w jednym","og_description":"Zbli\u017ca si\u0119 lato, a wraz z nim potrzeba ochrony sk\u00f3ry przed s\u0142o\u0144cem. Dlatego warto pozna\u0107 nasz\u0105 ofert\u0119 dermokosmetyk\u00f3w, kt\u00f3re zapewni\u0105 nie tylko skuteczn\u0105 ochron\u0119, ale tak\u017ce intensywne nawil\u017cenie. Sprawd\u017a teraz i ciesz si\u0119 pi\u0119kn\u0105 i zdrow\u0105 sk\u00f3r\u0105 przez ca\u0142e lato! Tylko u nas \u2013 dermokosmetyki na lato w jednym!","og_url":"https:\/\/darzdrowia.pl\/ciekawostki\/dermokosmetyki-na-lato-ochrona-przed-sloncem-i-nawilzenie-w-jednym\/","og_site_name":"Dar Zdrowia Drogeria - Blog","article_publisher":"https:\/\/www.facebook.com\/profile.php?id=100063606935396","article_published_time":"2024-02-05T13:37:26+00:00","author":"funkymedia","twitter_card":"summary_large_image","twitter_misc":{"Napisane przez":"funkymedia","Szacowany czas czytania":"4 minuty"},"schema":{"@context":"https:\/\/schema.org","@graph":[{"@type":"Article","@id":"https:\/\/darzdrowia.pl\/ciekawostki\/dermokosmetyki-na-lato-ochrona-przed-sloncem-i-nawilzenie-w-jednym\/#article","isPartOf":{"@id":"https:\/\/darzdrowia.pl\/ciekawostki\/dermokosmetyki-na-lato-ochrona-przed-sloncem-i-nawilzenie-w-jednym\/"},"author":{"name":"funkymedia","@id":"https:\/\/darzdrowia.pl\/ciekawostki\/#\/schema\/person\/e75579d624630bf943ac69d374bb928e"},"headline":"Dermokosmetyki na lato \u2013 ochrona przed s\u0142o\u0144cem i nawil\u017cenie w jednym","datePublished":"2024-02-05T13:37:26+00:00","dateModified":"2024-02-05T13:37:26+00:00","mainEntityOfPage":{"@id":"https:\/\/darzdrowia.pl\/ciekawostki\/dermokosmetyki-na-lato-ochrona-przed-sloncem-i-nawilzenie-w-jednym\/"},"wordCount":772,"publisher":{"@id":"https:\/\/darzdrowia.pl\/ciekawostki\/#organization"},"inLanguage":"pl-PL"},{"@type":"WebPage","@id":"https:\/\/darzdrowia.pl\/ciekawostki\/dermokosmetyki-na-lato-ochrona-przed-sloncem-i-nawilzenie-w-jednym\/","url":"https:\/\/darzdrowia.pl\/ciekawostki\/dermokosmetyki-na-lato-ochrona-przed-sloncem-i-nawilzenie-w-jednym\/","name":"Dermokosmetyki na lato \u2013 ochrona przed s\u0142o\u0144cem i nawil\u017cenie w jednym","isPartOf":{"@id":"https:\/\/darzdrowia.pl\/ciekawostki\/#website"},"datePublished":"2024-02-05T13:37:26+00:00","dateModified":"2024-02-05T13:37:26+00:00","description":"Zbli\u017ca si\u0119 lato, a wraz z nim potrzeba ochrony sk\u00f3ry przed s\u0142o\u0144cem. Dlatego warto pozna\u0107 nasz\u0105 ofert\u0119 dermokosmetyk\u00f3w, kt\u00f3re zapewni\u0105 nie tylko skuteczn\u0105 ochron\u0119, ale tak\u017ce intensywne nawil\u017cenie. Sprawd\u017a teraz i ciesz si\u0119 pi\u0119kn\u0105 i zdrow\u0105 sk\u00f3r\u0105 przez ca\u0142e lato! Tylko u nas \u2013 dermokosmetyki na lato w jednym!","breadcrumb":{"@id":"https:\/\/darzdrowia.pl\/ciekawostki\/dermokosmetyki-na-lato-ochrona-przed-sloncem-i-nawilzenie-w-jednym\/#breadcrumb"},"inLanguage":"pl-PL","potentialAction":[{"@type":"ReadAction","target":["https:\/\/darzdrowia.pl\/ciekawostki\/dermokosmetyki-na-lato-ochrona-przed-sloncem-i-nawilzenie-w-jednym\/"]}]},{"@type":"BreadcrumbList","@id":"https:\/\/darzdrowia.pl\/ciekawostki\/dermokosmetyki-na-lato-ochrona-przed-sloncem-i-nawilzenie-w-jednym\/#breadcrumb","itemListElement":[{"@type":"ListItem","position":1,"name":"Strona g\u0142\u00f3wna","item":"https:\/\/darzdrowia.pl\/ciekawostki\/"},{"@type":"ListItem","position":2,"name":"Dermokosmetyki na lato \u2013 ochrona przed s\u0142o\u0144cem i nawil\u017cenie w jednym"}]},{"@type":"WebSite","@id":"https:\/\/darzdrowia.pl\/ciekawostki\/#website","url":"https:\/\/darzdrowia.pl\/ciekawostki\/","name":"Dar Zdrowia Drogeria - Blog","description":"","publisher":{"@id":"https:\/\/darzdrowia.pl\/ciekawostki\/#organization"},"potentialAction":[{"@type":"SearchAction","target":{"@type":"EntryPoint","urlTemplate":"https:\/\/darzdrowia.pl\/ciekawostki\/?s={search_term_string}"},"query-input":"required name=search_term_string"}],"inLanguage":"pl-PL"},{"@type":"Organization","@id":"https:\/\/darzdrowia.pl\/ciekawostki\/#organization","name":"Dar Zdrowia Drogeria - Blog","url":"https:\/\/darzdrowia.pl\/ciekawostki\/","logo":{"@type":"ImageObject","inLanguage":"pl-PL","@id":"https:\/\/darzdrowia.pl\/ciekawostki\/#\/schema\/logo\/image\/","url":"https:\/\/darzdrowia.pl\/ciekawostki\/wp-content\/uploads\/2023\/11\/logo-darzdrowia.webp","contentUrl":"https:\/\/darzdrowia.pl\/ciekawostki\/wp-content\/uploads\/2023\/11\/logo-darzdrowia.webp","width":744,"height":225,"caption":"Dar Zdrowia Drogeria - Blog"},"image":{"@id":"https:\/\/darzdrowia.pl\/ciekawostki\/#\/schema\/logo\/image\/"},"sameAs":["https:\/\/www.facebook.com\/profile.php?id=100063606935396"]},{"@type":"Person","@id":"https:\/\/darzdrowia.pl\/ciekawostki\/#\/schema\/person\/e75579d624630bf943ac69d374bb928e","name":"funkymedia","image":{"@type":"ImageObject","inLanguage":"pl-PL","@id":"https:\/\/darzdrowia.pl\/ciekawostki\/#\/schema\/person\/image\/","url":"https:\/\/secure.gravatar.com\/avatar\/393cb205b658aef6e3271ad5a92265e3e4433d2384bbe95524ba160d5bc20299?s=96&d=mm&r=g","contentUrl":"https:\/\/secure.gravatar.com\/avatar\/393cb205b658aef6e3271ad5a92265e3e4433d2384bbe95524ba160d5bc20299?s=96&d=mm&r=g","caption":"funkymedia"},"sameAs":["https:\/\/darzdrowia.pl\/ciekawostki"],"url":"https:\/\/darzdrowia.pl\/ciekawostki\/author\/funkymedia\/"}]}},"_links":{"self":[{"href":"https:\/\/darzdrowia.pl\/ciekawostki\/wp-json\/wp\/v2\/posts\/1411","targetHints":{"allow":["GET"]}}],"collection":[{"href":"https:\/\/darzdrowia.pl\/ciekawostki\/wp-json\/wp\/v2\/posts"}],"about":[{"href":"https:\/\/darzdrowia.pl\/ciekawostki\/wp-json\/wp\/v2\/types\/post"}],"author":[{"embeddable":true,"href":"https:\/\/darzdrowia.pl\/ciekawostki\/wp-json\/wp\/v2\/users\/1"}],"replies":[{"embeddable":true,"href":"https:\/\/darzdrowia.pl\/ciekawostki\/wp-json\/wp\/v2\/comments?post=1411"}],"version-history":[{"count":0,"href":"https:\/\/darzdrowia.pl\/ciekawostki\/wp-json\/wp\/v2\/posts\/1411\/revisions"}],"wp:attachment":[{"href":"https:\/\/darzdrowia.pl\/ciekawostki\/wp-json\/wp\/v2\/media?parent=1411"}],"wp:term":[{"taxonomy":"category","embeddable":true,"href":"https:\/\/darzdrowia.pl\/ciekawostki\/wp-json\/wp\/v2\/categories?post=1411"},{"taxonomy":"post_tag","embeddable":true,"href":"https:\/\/darzdrowia.pl\/ciekawostki\/wp-json\/wp\/v2\/tags?post=1411"}],"curies":[{"name":"wp","href":"https:\/\/api.w.org\/{rel}","templated":true}]}}