{"id":1222,"date":"2024-02-05T13:34:33","date_gmt":"2024-02-05T12:34:33","guid":{"rendered":"https:\/\/darzdrowia.pl\/ciekawostki\/dermokosmetyki-na-jesien-jak-przygotowac-skore-do-chlodniejszych-dni\/"},"modified":"2024-02-05T13:34:33","modified_gmt":"2024-02-05T12:34:33","slug":"dermokosmetyki-na-jesien-jak-przygotowac-skore-do-chlodniejszych-dni","status":"publish","type":"post","link":"https:\/\/darzdrowia.pl\/ciekawostki\/dermokosmetyki-na-jesien-jak-przygotowac-skore-do-chlodniejszych-dni\/","title":{"rendered":"Dermokosmetyki na jesie\u0144 \u2013 jak przygotowa\u0107 sk\u00f3r\u0119 do ch\u0142odniejszych dni"},"content":{"rendered":"\n<p>Jesie\u0144 to pora roku, kt\u00f3ra niesie ze sob\u0105 zmiany nie tylko w krajobrazie, ale tak\u017ce w naszej sk\u00f3rze. Ch\u0142odniejsze temperatury, wiatr i suche powietrze mog\u0105 wp\u0142yn\u0105\u0107 negatywnie na jej kondycj\u0119, dlatego wa\u017cne jest odpowiednie przygotowanie si\u0119 do tego sezonu. W tym celu warto si\u0119gn\u0105\u0107 po dermokosmetyki, czyli produkty przeznaczone do piel\u0119gnacji sk\u00f3ry problematycznej lub wra\u017cliwej. Dzi\u0119ki nim mo\u017cemy zadba\u0107 o nasz\u0105 sk\u00f3r\u0119 na jesienne wyzwania i cieszy\u0107 si\u0119 pi\u0119knym i zdrowym wygl\u0105dem przez ca\u0142y sezon. W tym artykule dowiesz si\u0119, jakie dermokosmetyki warto wybra\u0107 na jesie\u0144 oraz jak przygotowa\u0107 swoj\u0105 sk\u00f3r\u0119 do ch\u0142odniejszych dni.<\/p>\n\n\n\n<h2 class=\"wp-block-heading\">5 niezb\u0119dnych dermokosmetyk\u00f3w na jesie\u0144 &#8211; jak zadba\u0107 o sk\u00f3r\u0119 w sezonie zmieniaj\u0105cej si\u0119 pogody<\/h2>\n\n\n\n<p>1. Nawil\u017caj\u0105cy krem do twarzy &#8211; wraz z nadej\u015bciem jesieni, powietrze staje si\u0119 bardziej suche, co mo\u017ce prowadzi\u0107 do przesuszenia sk\u00f3ry. Dlatego wa\u017cne jest, aby wybra\u0107 krem o bogatej formule, kt\u00f3ry zapewni odpowiednie nawil\u017cenie przez ca\u0142y dzie\u0144.<\/p>\n\n\n\n<p>2. Serum z witamin\u0105 C &#8211; zmieniaj\u0105ca si\u0119 pogoda mo\u017ce wp\u0142ywa\u0107 na kondycj\u0119 sk\u00f3ry, dlatego warto si\u0119gn\u0105\u0107 po serum z witamin\u0105 C. Jest to silny antyoksydant, kt\u00f3ry pomaga w walce z wolnymi rodnikami i chroni sk\u00f3r\u0119 przed szkodliwym dzia\u0142aniem \u015brodowiska.<\/p>\n\n\n\n<p>3. Krem pod oczy &#8211; jesie\u0144 to czas, kiedy nasza sk\u00f3ra jest szczeg\u00f3lnie nara\u017cona na zm\u0119czenie i stres. Dlatego warto zadba\u0107 o delikatn\u0105 sk\u00f3r\u0119 wok\u00f3\u0142 oczu za pomoc\u0105 specjalnego kremu. Wybierz taki, kt\u00f3ry b\u0119dzie nawil\u017ca\u0142 i redukowa\u0142 cienie pod oczami.<\/p>\n\n\n\n<p>4. Peeling enzymatyczny &#8211; ze wzgl\u0119du na zmieniaj\u0105c\u0105 si\u0119 pogod\u0119, nasza sk\u00f3ra mo\u017ce sta\u0107 si\u0119 szorstka i matowa. Aby przywr\u00f3ci\u0107 jej blask i g\u0142adko\u015b\u0107, warto regularnie stosowa\u0107 peeling enzymatyczny. Dzi\u0119ki niemu pozbywamy si\u0119 martwych kom\u00f3rek sk\u00f3ry i pobudzamy proces odnowy.<\/p>\n\n\n\n<p>5. Ochrona przeciws\u0142oneczna &#8211; cho\u0107 jesie\u0144 kojarzy si\u0119 z ch\u0142odniejszymi dniami, to nadal jeste\u015bmy nara\u017ceni na promieniowanie UV. Dlatego nie zapominaj o ochronie przeciws\u0142onecznej, szczeg\u00f3lnie je\u015bli przebywasz na zewn\u0105trz przez d\u0142u\u017cszy czas. Wybierz krem z filtrem SPF, kt\u00f3ry b\u0119dzie chroni\u0142 Twoj\u0105 sk\u00f3r\u0119 przed szkodliwym dzia\u0142aniem s\u0142o\u0144ca.<\/p>\n\n\n\n<h2 class=\"wp-block-heading\">Jesienne trendy w piel\u0119gnacji sk\u00f3ry &#8211; jak wybra\u0107 odpowiednie dermokosmetyki do swojego typu cery<\/h2>\n\n\n\n<p>Jesie\u0144 to czas, kiedy nasza sk\u00f3ra potrzebuje szczeg\u00f3lnej uwagi. Zmieniaj\u0105ce si\u0119 warunki atmosferyczne mog\u0105 wp\u0142ywa\u0107 na jej kondycj\u0119, dlatego wa\u017cne jest odpowiednie jej piel\u0119gnowanie. Jednym z kluczowych element\u00f3w jest wyb\u00f3r odpowiednich dermokosmetyk\u00f3w, dostosowanych do naszego typu cery.<\/p>\n\n\n\n<p>Je\u015bli masz such\u0105 sk\u00f3r\u0119, zwr\u00f3\u0107 uwag\u0119 na produkty o intensywnym nawil\u017ceniu. Sk\u0142adniki takie jak kwas hialuronowy czy gliceryna pomog\u0105 utrzyma\u0107 odpowiedni poziom nawil\u017cenia przez ca\u0142y dzie\u0144. Natomiast je\u015bli twoja cera jest t\u0142usta lub mieszana, postaw na kosmetyki matuj\u0105ce i oczyszczaj\u0105ce, kt\u00f3re pomog\u0105 zredukowa\u0107 nadmiar sebum.<\/p>\n\n\n\n<p>Dla os\u00f3b z cer\u0105 wra\u017cliw\u0105 i sk\u0142onn\u0105 do podra\u017cnie\u0144, warto wybiera\u0107 produkty o delikatnych formu\u0142ach i bez dodatku potencjalnie dra\u017cni\u0105cych substancji. W przypadku cer tr\u0105dzikowych, warto szuka\u0107 kosmetyk\u00f3w z kwasami owocowymi lub salicylowymi, kt\u00f3re pomog\u0105 w regulacji wydzielania sebum i redukcji niedoskona\u0142o\u015bci.<\/p>\n\n\n\n<p>Pami\u0119taj r\u00f3wnie\u017c o regularnym stosowaniu krem\u00f3w z filtrem UV, nawet w okresie jesienno-zimowym. Promienie s\u0142oneczne s\u0105 obecne przez ca\u0142y rok i mog\u0105 przyczyni\u0107 si\u0119 do przedwczesnego starzenia sk\u00f3ry.<\/p>\n\n\n\n<p>Podsumowuj\u0105c, wybieraj\u0105c dermokosmetyki na jesie\u0144, zwr\u00f3\u0107 uwag\u0119 na swoje indywidualne potrzeby i typ cery. Pami\u0119taj o nawil\u017ceniu, ochronie przed s\u0142o\u0144cem oraz odpowiednich sk\u0142adnikach dla Twojej sk\u00f3ry. Dzi\u0119ki temu b\u0119dziesz mog\u0142a cieszy\u0107 si\u0119 pi\u0119kn\u0105 i zdrow\u0105 cer\u0105 przez ca\u0142y sezon.<\/p>\n\n\n\n<h2 class=\"wp-block-heading\">Naturalne sk\u0142adniki w dermokosmetykach na jesie\u0144 &#8211; dlaczego warto si\u0119 nimi zainteresowa\u0107?<\/h2>\n\n\n\n<p>Jesie\u0144 to czas, kiedy nasza sk\u00f3ra potrzebuje szczeg\u00f3lnej troski. Zmieniaj\u0105ce si\u0119 warunki atmosferyczne mog\u0105 wp\u0142ywa\u0107 na jej kondycj\u0119, dlatego warto zadba\u0107 o ni\u0105 za pomoc\u0105 naturalnych sk\u0142adnik\u00f3w zawartych w dermokosmetykach. Dlaczego? Poniewa\u017c s\u0105 one \u0142agodniejsze dla sk\u00f3ry i nie zawieraj\u0105 szkodliwych substancji chemicznych. Naturalne sk\u0142adniki, takie jak olejki ro\u015blinne czy ekstrakty z zi\u00f3\u0142, dostarczaj\u0105 sk\u00f3rze niezb\u0119dnych substancji od\u017cywczych i pomagaj\u0105 w jej regeneracji. Dzi\u0119ki temu nasza sk\u00f3ra b\u0119dzie zdrowsza i bardziej promienna, a my unikniemy podra\u017cnie\u0144 czy alergii. Warto wi\u0119c wybra\u0107 dermokosmetyki oparte na naturalnych sk\u0142adnikach, aby zadba\u0107 o swoj\u0105 sk\u00f3r\u0119 w okresie jesieni.<\/p>\n\n\n\n<p>Jesie\u0144 to czas, kiedy nasza sk\u00f3ra potrzebuje szczeg\u00f3lnej troski i ochrony. Ch\u0142odniejsze temperatury, wiatr i suche powietrze mog\u0105 negatywnie wp\u0142ywa\u0107 na jej kondycj\u0119. Dlatego wa\u017cne jest, aby odpowiednio przygotowa\u0107 sk\u00f3r\u0119 do jesieni, a jednym z najlepszych sposob\u00f3w na to s\u0105 dermokosmetyki.<\/p>\n\n\n\n<p>Dermokosmetyki to produkty, kt\u00f3re \u0142\u0105cz\u0105 w sobie w\u0142a\u015bciwo\u015bci kosmetyk\u00f3w i lek\u00f3w. S\u0105 one stworzone z my\u015bl\u0105 o piel\u0119gnacji sk\u00f3ry w spos\u00f3b kompleksowy i skuteczny. W okresie jesienno-zimowym szczeg\u00f3lnie wa\u017cne jest stosowanie dermokosmetyk\u00f3w, poniewa\u017c pomagaj\u0105 one wzmocni\u0107 naturaln\u0105 barier\u0119 ochronn\u0105 sk\u00f3ry oraz zapewniaj\u0105 jej odpowiednie nawil\u017cenie.<\/p>\n\n\n\n<p>Podstawowym krokiem w przygotowaniu sk\u00f3ry do ch\u0142odniejszych dni jest dok\u0142adne oczyszczenie. W tym celu warto si\u0119gn\u0105\u0107 po delikatne \u017cele lub pianki myj\u0105ce, kt\u00f3re nie tylko usun\u0105 zanieczyszczenia, ale tak\u017ce nie narusz\u0105 naturalnej r\u00f3wnowagi sk\u00f3ry. Nast\u0119pnie nale\u017cy zadba\u0107 o odpowiednie nawil\u017cenie \u2013 najlepiej wybiera\u0107 kremy z dodatkiem kwasu hialuronowego lub ceramid\u00f3w, kt\u00f3re pomog\u0105 utrzyma\u0107 wilgo\u0107 w sk\u00f3rze.<\/p>\n\n\n\n<p>Kolejnym wa\u017cnym elementem jest ochrona przed promieniowaniem UV. Cho\u0107 jesie\u0144 mo\u017ce wydawa\u0107 si\u0119 mniej s\u0142oneczna, to nadal nasza sk\u00f3ra jest nara\u017cona na szkodliwe dzia\u0142anie promieniowania UV. Dlatego warto stosowa\u0107 kremy z filtrem przeciws\u0142onecznym, nawet w pochmurne dni.<\/p>\n\n\n\n<p>W przypadku sk\u00f3ry wra\u017cliwej i problematycznej, warto si\u0119gn\u0105\u0107 po dermokosmetyki dedykowane dla tego typu cery. Mog\u0105 to by\u0107 na przyk\u0142ad kremy z ekstraktami ro\u015blinnymi o dzia\u0142aniu \u0142agodz\u0105cym i przeciwzapalnym.<\/p>\n\n\n\n<p>Podsumowuj\u0105c, dermokosmetyki s\u0105 idealnym wyborem na jesie\u0144, poniewa\u017c pomagaj\u0105 przygotowa\u0107 sk\u00f3r\u0119 do ch\u0142odniejszych dni. Dzi\u0119ki nim mo\u017cemy zadba\u0107 o odpowiednie nawil\u017cenie, ochron\u0119 przed szkodliwym promieniowaniem UV oraz wzmocni\u0107 naturaln\u0105 barier\u0119 ochronn\u0105 sk\u00f3ry. Pami\u0119tajmy jednak, \u017ce ka\u017cda sk\u00f3ra jest inna i wymaga indywidualnego podej\u015bcia do piel\u0119gnacji. Dlatego warto konsultowa\u0107 si\u0119 z dermatologiem lub kosmetologiem w celu dobrania odpowiednich produkt\u00f3w dla swojej cery.<\/p>\n","protected":false},"excerpt":{"rendered":"<p>Jesie\u0144 to pora roku, kt\u00f3ra niesie ze sob\u0105 zmiany nie tylko w krajobrazie, ale tak\u017ce w naszej sk\u00f3rze. Ch\u0142odniejsze temperatury, wiatr i suche powietrze mog\u0105 wp\u0142yn\u0105\u0107 negatywnie na jej kondycj\u0119, dlatego wa\u017cne jest odpowiednie przygotowanie si\u0119 do tego sezonu. W tym celu warto si\u0119gn\u0105\u0107 po dermokosmetyki, czyli produkty przeznaczone do piel\u0119gnacji sk\u00f3ry problematycznej lub wra\u017cliwej. [&hellip;]<\/p>\n","protected":false},"author":1,"featured_media":0,"comment_status":"","ping_status":"open","sticky":false,"template":"","format":"standard","meta":{"footnotes":""},"categories":[1],"tags":[],"class_list":["post-1222","post","type-post","status-publish","format-standard","hentry","category-bez-kategorii"],"fm_meta_title":"Dermokosmetyki na jesie\u0144 \u2013 jak przygotowa\u0107 sk\u00f3r\u0119 do ch\u0142odniejszych dni","fm_meta_description":"Zbli\u017ca si\u0119 jesie\u0144, a wraz z ni\u0105 zmieniaj\u0105 si\u0119 potrzeby naszej sk\u00f3ry. Dowiedz si\u0119, jak zadba\u0107 o ni\u0105 w ch\u0142odniejszych miesi\u0105cach dzi\u0119ki dermokosmetykom. Odkryj tajniki przygotowania sk\u00f3ry na jesie\u0144 ju\u017c teraz!","yoast_head":"<!-- This site is optimized with the Yoast SEO plugin v21.5 - https:\/\/yoast.com\/wordpress\/plugins\/seo\/ -->\n<title>Dermokosmetyki na jesie\u0144 \u2013 jak przygotowa\u0107 sk\u00f3r\u0119 do ch\u0142odniejszych dni<\/title>\n<meta name=\"description\" content=\"Zbli\u017ca si\u0119 jesie\u0144, a wraz z ni\u0105 zmieniaj\u0105 si\u0119 potrzeby naszej sk\u00f3ry. Dowiedz si\u0119, jak zadba\u0107 o ni\u0105 w ch\u0142odniejszych miesi\u0105cach dzi\u0119ki dermokosmetykom. Odkryj tajniki przygotowania sk\u00f3ry na jesie\u0144 ju\u017c teraz!\" \/>\n<meta name=\"robots\" content=\"index, follow, max-snippet:-1, max-image-preview:large, max-video-preview:-1\" \/>\n<link rel=\"canonical\" href=\"https:\/\/darzdrowia.pl\/ciekawostki\/dermokosmetyki-na-jesien-jak-przygotowac-skore-do-chlodniejszych-dni\/\" \/>\n<meta property=\"og:locale\" content=\"pl_PL\" \/>\n<meta property=\"og:type\" content=\"article\" \/>\n<meta property=\"og:title\" content=\"Dermokosmetyki na jesie\u0144 \u2013 jak przygotowa\u0107 sk\u00f3r\u0119 do ch\u0142odniejszych dni\" \/>\n<meta property=\"og:description\" content=\"Zbli\u017ca si\u0119 jesie\u0144, a wraz z ni\u0105 zmieniaj\u0105 si\u0119 potrzeby naszej sk\u00f3ry. Dowiedz si\u0119, jak zadba\u0107 o ni\u0105 w ch\u0142odniejszych miesi\u0105cach dzi\u0119ki dermokosmetykom. Odkryj tajniki przygotowania sk\u00f3ry na jesie\u0144 ju\u017c teraz!\" \/>\n<meta property=\"og:url\" content=\"https:\/\/darzdrowia.pl\/ciekawostki\/dermokosmetyki-na-jesien-jak-przygotowac-skore-do-chlodniejszych-dni\/\" \/>\n<meta property=\"og:site_name\" content=\"Dar Zdrowia Drogeria - Blog\" \/>\n<meta property=\"article:publisher\" content=\"https:\/\/www.facebook.com\/profile.php?id=100063606935396\" \/>\n<meta property=\"article:published_time\" content=\"2024-02-05T12:34:33+00:00\" \/>\n<meta name=\"author\" content=\"funkymedia\" \/>\n<meta name=\"twitter:card\" content=\"summary_large_image\" \/>\n<meta name=\"twitter:label1\" content=\"Napisane przez\" \/>\n\t<meta name=\"twitter:data1\" content=\"funkymedia\" \/>\n\t<meta name=\"twitter:label2\" content=\"Szacowany czas czytania\" \/>\n\t<meta name=\"twitter:data2\" content=\"5 minut\" \/>\n<script type=\"application\/ld+json\" class=\"yoast-schema-graph\">{\"@context\":\"https:\/\/schema.org\",\"@graph\":[{\"@type\":\"Article\",\"@id\":\"https:\/\/darzdrowia.pl\/ciekawostki\/dermokosmetyki-na-jesien-jak-przygotowac-skore-do-chlodniejszych-dni\/#article\",\"isPartOf\":{\"@id\":\"https:\/\/darzdrowia.pl\/ciekawostki\/dermokosmetyki-na-jesien-jak-przygotowac-skore-do-chlodniejszych-dni\/\"},\"author\":{\"name\":\"funkymedia\",\"@id\":\"https:\/\/darzdrowia.pl\/ciekawostki\/#\/schema\/person\/e75579d624630bf943ac69d374bb928e\"},\"headline\":\"Dermokosmetyki na jesie\u0144 \u2013 jak przygotowa\u0107 sk\u00f3r\u0119 do ch\u0142odniejszych dni\",\"datePublished\":\"2024-02-05T12:34:33+00:00\",\"dateModified\":\"2024-02-05T12:34:33+00:00\",\"mainEntityOfPage\":{\"@id\":\"https:\/\/darzdrowia.pl\/ciekawostki\/dermokosmetyki-na-jesien-jak-przygotowac-skore-do-chlodniejszych-dni\/\"},\"wordCount\":1105,\"publisher\":{\"@id\":\"https:\/\/darzdrowia.pl\/ciekawostki\/#organization\"},\"inLanguage\":\"pl-PL\"},{\"@type\":\"WebPage\",\"@id\":\"https:\/\/darzdrowia.pl\/ciekawostki\/dermokosmetyki-na-jesien-jak-przygotowac-skore-do-chlodniejszych-dni\/\",\"url\":\"https:\/\/darzdrowia.pl\/ciekawostki\/dermokosmetyki-na-jesien-jak-przygotowac-skore-do-chlodniejszych-dni\/\",\"name\":\"Dermokosmetyki na jesie\u0144 \u2013 jak przygotowa\u0107 sk\u00f3r\u0119 do ch\u0142odniejszych dni\",\"isPartOf\":{\"@id\":\"https:\/\/darzdrowia.pl\/ciekawostki\/#website\"},\"datePublished\":\"2024-02-05T12:34:33+00:00\",\"dateModified\":\"2024-02-05T12:34:33+00:00\",\"description\":\"Zbli\u017ca si\u0119 jesie\u0144, a wraz z ni\u0105 zmieniaj\u0105 si\u0119 potrzeby naszej sk\u00f3ry. Dowiedz si\u0119, jak zadba\u0107 o ni\u0105 w ch\u0142odniejszych miesi\u0105cach dzi\u0119ki dermokosmetykom. Odkryj tajniki przygotowania sk\u00f3ry na jesie\u0144 ju\u017c teraz!\",\"breadcrumb\":{\"@id\":\"https:\/\/darzdrowia.pl\/ciekawostki\/dermokosmetyki-na-jesien-jak-przygotowac-skore-do-chlodniejszych-dni\/#breadcrumb\"},\"inLanguage\":\"pl-PL\",\"potentialAction\":[{\"@type\":\"ReadAction\",\"target\":[\"https:\/\/darzdrowia.pl\/ciekawostki\/dermokosmetyki-na-jesien-jak-przygotowac-skore-do-chlodniejszych-dni\/\"]}]},{\"@type\":\"BreadcrumbList\",\"@id\":\"https:\/\/darzdrowia.pl\/ciekawostki\/dermokosmetyki-na-jesien-jak-przygotowac-skore-do-chlodniejszych-dni\/#breadcrumb\",\"itemListElement\":[{\"@type\":\"ListItem\",\"position\":1,\"name\":\"Strona g\u0142\u00f3wna\",\"item\":\"https:\/\/darzdrowia.pl\/ciekawostki\/\"},{\"@type\":\"ListItem\",\"position\":2,\"name\":\"Dermokosmetyki na jesie\u0144 \u2013 jak przygotowa\u0107 sk\u00f3r\u0119 do ch\u0142odniejszych dni\"}]},{\"@type\":\"WebSite\",\"@id\":\"https:\/\/darzdrowia.pl\/ciekawostki\/#website\",\"url\":\"https:\/\/darzdrowia.pl\/ciekawostki\/\",\"name\":\"Dar Zdrowia Drogeria - Blog\",\"description\":\"\",\"publisher\":{\"@id\":\"https:\/\/darzdrowia.pl\/ciekawostki\/#organization\"},\"potentialAction\":[{\"@type\":\"SearchAction\",\"target\":{\"@type\":\"EntryPoint\",\"urlTemplate\":\"https:\/\/darzdrowia.pl\/ciekawostki\/?s={search_term_string}\"},\"query-input\":\"required name=search_term_string\"}],\"inLanguage\":\"pl-PL\"},{\"@type\":\"Organization\",\"@id\":\"https:\/\/darzdrowia.pl\/ciekawostki\/#organization\",\"name\":\"Dar Zdrowia Drogeria - Blog\",\"url\":\"https:\/\/darzdrowia.pl\/ciekawostki\/\",\"logo\":{\"@type\":\"ImageObject\",\"inLanguage\":\"pl-PL\",\"@id\":\"https:\/\/darzdrowia.pl\/ciekawostki\/#\/schema\/logo\/image\/\",\"url\":\"https:\/\/darzdrowia.pl\/ciekawostki\/wp-content\/uploads\/2023\/11\/logo-darzdrowia.webp\",\"contentUrl\":\"https:\/\/darzdrowia.pl\/ciekawostki\/wp-content\/uploads\/2023\/11\/logo-darzdrowia.webp\",\"width\":744,\"height\":225,\"caption\":\"Dar Zdrowia Drogeria - Blog\"},\"image\":{\"@id\":\"https:\/\/darzdrowia.pl\/ciekawostki\/#\/schema\/logo\/image\/\"},\"sameAs\":[\"https:\/\/www.facebook.com\/profile.php?id=100063606935396\"]},{\"@type\":\"Person\",\"@id\":\"https:\/\/darzdrowia.pl\/ciekawostki\/#\/schema\/person\/e75579d624630bf943ac69d374bb928e\",\"name\":\"funkymedia\",\"image\":{\"@type\":\"ImageObject\",\"inLanguage\":\"pl-PL\",\"@id\":\"https:\/\/darzdrowia.pl\/ciekawostki\/#\/schema\/person\/image\/\",\"url\":\"https:\/\/secure.gravatar.com\/avatar\/393cb205b658aef6e3271ad5a92265e3e4433d2384bbe95524ba160d5bc20299?s=96&d=mm&r=g\",\"contentUrl\":\"https:\/\/secure.gravatar.com\/avatar\/393cb205b658aef6e3271ad5a92265e3e4433d2384bbe95524ba160d5bc20299?s=96&d=mm&r=g\",\"caption\":\"funkymedia\"},\"sameAs\":[\"https:\/\/darzdrowia.pl\/ciekawostki\"],\"url\":\"https:\/\/darzdrowia.pl\/ciekawostki\/author\/funkymedia\/\"}]}<\/script>\n<!-- \/ Yoast SEO plugin. -->","yoast_head_json":{"title":"Dermokosmetyki na jesie\u0144 \u2013 jak przygotowa\u0107 sk\u00f3r\u0119 do ch\u0142odniejszych dni","description":"Zbli\u017ca si\u0119 jesie\u0144, a wraz z ni\u0105 zmieniaj\u0105 si\u0119 potrzeby naszej sk\u00f3ry. Dowiedz si\u0119, jak zadba\u0107 o ni\u0105 w ch\u0142odniejszych miesi\u0105cach dzi\u0119ki dermokosmetykom. Odkryj tajniki przygotowania sk\u00f3ry na jesie\u0144 ju\u017c teraz!","robots":{"index":"index","follow":"follow","max-snippet":"max-snippet:-1","max-image-preview":"max-image-preview:large","max-video-preview":"max-video-preview:-1"},"canonical":"https:\/\/darzdrowia.pl\/ciekawostki\/dermokosmetyki-na-jesien-jak-przygotowac-skore-do-chlodniejszych-dni\/","og_locale":"pl_PL","og_type":"article","og_title":"Dermokosmetyki na jesie\u0144 \u2013 jak przygotowa\u0107 sk\u00f3r\u0119 do ch\u0142odniejszych dni","og_description":"Zbli\u017ca si\u0119 jesie\u0144, a wraz z ni\u0105 zmieniaj\u0105 si\u0119 potrzeby naszej sk\u00f3ry. Dowiedz si\u0119, jak zadba\u0107 o ni\u0105 w ch\u0142odniejszych miesi\u0105cach dzi\u0119ki dermokosmetykom. Odkryj tajniki przygotowania sk\u00f3ry na jesie\u0144 ju\u017c teraz!","og_url":"https:\/\/darzdrowia.pl\/ciekawostki\/dermokosmetyki-na-jesien-jak-przygotowac-skore-do-chlodniejszych-dni\/","og_site_name":"Dar Zdrowia Drogeria - Blog","article_publisher":"https:\/\/www.facebook.com\/profile.php?id=100063606935396","article_published_time":"2024-02-05T12:34:33+00:00","author":"funkymedia","twitter_card":"summary_large_image","twitter_misc":{"Napisane przez":"funkymedia","Szacowany czas czytania":"5 minut"},"schema":{"@context":"https:\/\/schema.org","@graph":[{"@type":"Article","@id":"https:\/\/darzdrowia.pl\/ciekawostki\/dermokosmetyki-na-jesien-jak-przygotowac-skore-do-chlodniejszych-dni\/#article","isPartOf":{"@id":"https:\/\/darzdrowia.pl\/ciekawostki\/dermokosmetyki-na-jesien-jak-przygotowac-skore-do-chlodniejszych-dni\/"},"author":{"name":"funkymedia","@id":"https:\/\/darzdrowia.pl\/ciekawostki\/#\/schema\/person\/e75579d624630bf943ac69d374bb928e"},"headline":"Dermokosmetyki na jesie\u0144 \u2013 jak przygotowa\u0107 sk\u00f3r\u0119 do ch\u0142odniejszych dni","datePublished":"2024-02-05T12:34:33+00:00","dateModified":"2024-02-05T12:34:33+00:00","mainEntityOfPage":{"@id":"https:\/\/darzdrowia.pl\/ciekawostki\/dermokosmetyki-na-jesien-jak-przygotowac-skore-do-chlodniejszych-dni\/"},"wordCount":1105,"publisher":{"@id":"https:\/\/darzdrowia.pl\/ciekawostki\/#organization"},"inLanguage":"pl-PL"},{"@type":"WebPage","@id":"https:\/\/darzdrowia.pl\/ciekawostki\/dermokosmetyki-na-jesien-jak-przygotowac-skore-do-chlodniejszych-dni\/","url":"https:\/\/darzdrowia.pl\/ciekawostki\/dermokosmetyki-na-jesien-jak-przygotowac-skore-do-chlodniejszych-dni\/","name":"Dermokosmetyki na jesie\u0144 \u2013 jak przygotowa\u0107 sk\u00f3r\u0119 do ch\u0142odniejszych dni","isPartOf":{"@id":"https:\/\/darzdrowia.pl\/ciekawostki\/#website"},"datePublished":"2024-02-05T12:34:33+00:00","dateModified":"2024-02-05T12:34:33+00:00","description":"Zbli\u017ca si\u0119 jesie\u0144, a wraz z ni\u0105 zmieniaj\u0105 si\u0119 potrzeby naszej sk\u00f3ry. Dowiedz si\u0119, jak zadba\u0107 o ni\u0105 w ch\u0142odniejszych miesi\u0105cach dzi\u0119ki dermokosmetykom. Odkryj tajniki przygotowania sk\u00f3ry na jesie\u0144 ju\u017c teraz!","breadcrumb":{"@id":"https:\/\/darzdrowia.pl\/ciekawostki\/dermokosmetyki-na-jesien-jak-przygotowac-skore-do-chlodniejszych-dni\/#breadcrumb"},"inLanguage":"pl-PL","potentialAction":[{"@type":"ReadAction","target":["https:\/\/darzdrowia.pl\/ciekawostki\/dermokosmetyki-na-jesien-jak-przygotowac-skore-do-chlodniejszych-dni\/"]}]},{"@type":"BreadcrumbList","@id":"https:\/\/darzdrowia.pl\/ciekawostki\/dermokosmetyki-na-jesien-jak-przygotowac-skore-do-chlodniejszych-dni\/#breadcrumb","itemListElement":[{"@type":"ListItem","position":1,"name":"Strona g\u0142\u00f3wna","item":"https:\/\/darzdrowia.pl\/ciekawostki\/"},{"@type":"ListItem","position":2,"name":"Dermokosmetyki na jesie\u0144 \u2013 jak przygotowa\u0107 sk\u00f3r\u0119 do ch\u0142odniejszych dni"}]},{"@type":"WebSite","@id":"https:\/\/darzdrowia.pl\/ciekawostki\/#website","url":"https:\/\/darzdrowia.pl\/ciekawostki\/","name":"Dar Zdrowia Drogeria - Blog","description":"","publisher":{"@id":"https:\/\/darzdrowia.pl\/ciekawostki\/#organization"},"potentialAction":[{"@type":"SearchAction","target":{"@type":"EntryPoint","urlTemplate":"https:\/\/darzdrowia.pl\/ciekawostki\/?s={search_term_string}"},"query-input":"required name=search_term_string"}],"inLanguage":"pl-PL"},{"@type":"Organization","@id":"https:\/\/darzdrowia.pl\/ciekawostki\/#organization","name":"Dar Zdrowia Drogeria - Blog","url":"https:\/\/darzdrowia.pl\/ciekawostki\/","logo":{"@type":"ImageObject","inLanguage":"pl-PL","@id":"https:\/\/darzdrowia.pl\/ciekawostki\/#\/schema\/logo\/image\/","url":"https:\/\/darzdrowia.pl\/ciekawostki\/wp-content\/uploads\/2023\/11\/logo-darzdrowia.webp","contentUrl":"https:\/\/darzdrowia.pl\/ciekawostki\/wp-content\/uploads\/2023\/11\/logo-darzdrowia.webp","width":744,"height":225,"caption":"Dar Zdrowia Drogeria - Blog"},"image":{"@id":"https:\/\/darzdrowia.pl\/ciekawostki\/#\/schema\/logo\/image\/"},"sameAs":["https:\/\/www.facebook.com\/profile.php?id=100063606935396"]},{"@type":"Person","@id":"https:\/\/darzdrowia.pl\/ciekawostki\/#\/schema\/person\/e75579d624630bf943ac69d374bb928e","name":"funkymedia","image":{"@type":"ImageObject","inLanguage":"pl-PL","@id":"https:\/\/darzdrowia.pl\/ciekawostki\/#\/schema\/person\/image\/","url":"https:\/\/secure.gravatar.com\/avatar\/393cb205b658aef6e3271ad5a92265e3e4433d2384bbe95524ba160d5bc20299?s=96&d=mm&r=g","contentUrl":"https:\/\/secure.gravatar.com\/avatar\/393cb205b658aef6e3271ad5a92265e3e4433d2384bbe95524ba160d5bc20299?s=96&d=mm&r=g","caption":"funkymedia"},"sameAs":["https:\/\/darzdrowia.pl\/ciekawostki"],"url":"https:\/\/darzdrowia.pl\/ciekawostki\/author\/funkymedia\/"}]}},"_links":{"self":[{"href":"https:\/\/darzdrowia.pl\/ciekawostki\/wp-json\/wp\/v2\/posts\/1222","targetHints":{"allow":["GET"]}}],"collection":[{"href":"https:\/\/darzdrowia.pl\/ciekawostki\/wp-json\/wp\/v2\/posts"}],"about":[{"href":"https:\/\/darzdrowia.pl\/ciekawostki\/wp-json\/wp\/v2\/types\/post"}],"author":[{"embeddable":true,"href":"https:\/\/darzdrowia.pl\/ciekawostki\/wp-json\/wp\/v2\/users\/1"}],"replies":[{"embeddable":true,"href":"https:\/\/darzdrowia.pl\/ciekawostki\/wp-json\/wp\/v2\/comments?post=1222"}],"version-history":[{"count":0,"href":"https:\/\/darzdrowia.pl\/ciekawostki\/wp-json\/wp\/v2\/posts\/1222\/revisions"}],"wp:attachment":[{"href":"https:\/\/darzdrowia.pl\/ciekawostki\/wp-json\/wp\/v2\/media?parent=1222"}],"wp:term":[{"taxonomy":"category","embeddable":true,"href":"https:\/\/darzdrowia.pl\/ciekawostki\/wp-json\/wp\/v2\/categories?post=1222"},{"taxonomy":"post_tag","embeddable":true,"href":"https:\/\/darzdrowia.pl\/ciekawostki\/wp-json\/wp\/v2\/tags?post=1222"}],"curies":[{"name":"wp","href":"https:\/\/api.w.org\/{rel}","templated":true}]}}