{"id":1124,"date":"2024-02-05T13:02:22","date_gmt":"2024-02-05T12:02:22","guid":{"rendered":"https:\/\/darzdrowia.pl\/ciekawostki\/witamina-d3-a-zdrowy-sen-i-rytm-dobowy-u-osob-starszych\/"},"modified":"2024-02-05T13:02:22","modified_gmt":"2024-02-05T12:02:22","slug":"witamina-d3-a-zdrowy-sen-i-rytm-dobowy-u-osob-starszych","status":"publish","type":"post","link":"https:\/\/darzdrowia.pl\/ciekawostki\/witamina-d3-a-zdrowy-sen-i-rytm-dobowy-u-osob-starszych\/","title":{"rendered":"Witamina D3 a zdrowy sen i rytm dobowy u os\u00f3b starszych"},"content":{"rendered":"\n<p>Witamina D3 jest niezwykle wa\u017cnym sk\u0142adnikiem od\u017cywczym dla naszego organizmu, a jej niedob\u00f3r mo\u017ce prowadzi\u0107 do wielu powa\u017cnych problem\u00f3w zdrowotnych. Jednym z aspekt\u00f3w, na kt\u00f3re wp\u0142ywa ta witamina, jest zdrowy sen oraz regulacja rytmu dobowego u os\u00f3b starszych. Wraz z wiekiem, nasz organizm staje si\u0119 mniej efektywny w produkcji witaminy D3, co mo\u017ce mie\u0107 negatywny wp\u0142yw na jako\u015b\u0107 snu oraz rytm dobowy. W tym wprowadzeniu przyjrzymy si\u0119 bli\u017cej roli witaminy D3 w utrzymaniu zdrowego snu i rytmu dobowego u os\u00f3b starszych.<\/p>\n\n\n\n<h2 class=\"wp-block-heading\">Wp\u0142yw niedoboru witaminy D3 na sen i rytm dobowy u os\u00f3b starszych<\/h2>\n\n\n\n<p>Niedob\u00f3r witaminy D3 mo\u017ce mie\u0107 negatywny wp\u0142yw na sen i rytm dobowy u os\u00f3b starszych. Witamina D3 jest niezb\u0119dna dla prawid\u0142owego funkcjonowania organizmu, w tym dla regulacji snu i rytmu dobowego. U os\u00f3b starszych cz\u0119sto wyst\u0119puje niedob\u00f3r tej witaminy, co mo\u017ce prowadzi\u0107 do zaburze\u0144 snu oraz problem\u00f3w z utrzymaniem regularnego rytmu dobowego. Dlatego wa\u017cne jest, aby osoby starsze dba\u0142y o odpowiedni\u0105 suplementacj\u0119 witaminy D3, co mo\u017ce przyczyni\u0107 si\u0119 do poprawy jako\u015bci snu i utrzymania prawid\u0142owego rytmu dobowego.<\/p>\n\n\n\n<h2 class=\"wp-block-heading\">Jakie korzy\u015bci dla zdrowia przynosi suplementacja witaminy D3 u senior\u00f3w?<\/h2>\n\n\n\n<p>Suplementacja witaminy D3 jest szczeg\u00f3lnie wa\u017cna dla os\u00f3b starszych, poniewa\u017c wraz z wiekiem organizm traci zdolno\u015b\u0107 do wytwarzania tej witaminy. Dzi\u0119ki regularnemu przyjmowaniu suplement\u00f3w z witamin\u0105 D3, seniorzy mog\u0105 cieszy\u0107 si\u0119 lepszym stanem zdrowia. Witamina D3 wp\u0142ywa pozytywnie na uk\u0142ad kostny, pomagaj\u0105c w utrzymaniu mocnych ko\u015bci i zapobiegaj\u0105c osteoporozie. Ponadto, suplementacja witaminy D3 mo\u017ce r\u00f3wnie\u017c poprawi\u0107 funkcjonowanie uk\u0142adu odporno\u015bciowego oraz zmniejszy\u0107 ryzyko wyst\u0105pienia chor\u00f3b sercowo-naczyniowych i cukrzycy typu 2. Regularne przyjmowanie suplement\u00f3w z witamin\u0105 D3 mo\u017ce r\u00f3wnie\u017c wp\u0142yn\u0105\u0107 pozytywnie na nastr\u00f3j i samopoczucie senior\u00f3w, pomagaj\u0105c w walce z depresj\u0105 i zm\u0119czeniem. Warto pami\u0119ta\u0107, \u017ce suplementacja powinna by\u0107 stosowana zgodnie z zaleceniami lekarza lub farmaceuty, aby unikn\u0105\u0107 ewentualnych skutk\u00f3w ubocznych.<\/p>\n\n\n\n<h2 class=\"wp-block-heading\">Zdrowy sen i regularny rytm dobowy jako kluczowe elementy w utrzymaniu dobrego samopoczucia u os\u00f3b starszych<\/h2>\n\n\n\n<p>Sen jest niezwykle wa\u017cnym elementem dla zachowania dobrego samopoczucia u os\u00f3b starszych. Regularny rytm dobowy, czyli codzienne nawyki zwi\u0105zane z porami snu i aktywno\u015bci, r\u00f3wnie\u017c odgrywa kluczow\u0105 rol\u0119 w utrzymaniu zdrowia psychicznego i fizycznego. Dlatego te\u017c, wa\u017cne jest aby osoby starsze dba\u0142y o odpowiedni\u0105 ilo\u015b\u0107 snu oraz utrzymywa\u0142y sta\u0142e godziny wstawania i k\u0142adzenia si\u0119 spa\u0107. Nale\u017cy pami\u0119ta\u0107, \u017ce sen jest nie tylko czasem odpoczynku dla cia\u0142a, ale r\u00f3wnie\u017c dla umys\u0142u. Dzi\u0119ki niemu organizm mo\u017ce si\u0119 zregenerowa\u0107 i przygotowa\u0107 na kolejny dzie\u0144. Warto r\u00f3wnie\u017c unika\u0107 d\u0142ugich drzemek w ci\u0105gu dnia, poniewa\u017c mog\u0105 one zaburzy\u0107 naturalny rytm snu i prowadzi\u0107 do problem\u00f3w ze snem w nocy. W przypadku trudno\u015bci ze snem, warto skonsultowa\u0107 si\u0119 z lekarzem w celu ustalenia przyczyny oraz znalezienia odpowiedniego rozwi\u0105zania. Pami\u0119tajmy, \u017ce zdrowy sen i regularny rytm dobowy s\u0105 nieod\u0142\u0105cznymi elementami dobrego samopoczucia u os\u00f3b starszych.<\/p>\n\n\n\n<p>Witamina D3 jest niezwykle wa\u017cna dla zdrowia os\u00f3b starszych, poniewa\u017c wp\u0142ywa na jako\u015b\u0107 snu oraz regulacj\u0119 rytmu dobowego. Badania wykaza\u0142y, \u017ce niedob\u00f3r tej witaminy mo\u017ce prowadzi\u0107 do zaburze\u0144 snu, a tak\u017ce wp\u0142ywa\u0107 negatywnie na funkcjonowanie uk\u0142adu nerwowego i hormonalnego. Dlatego te\u017c, u os\u00f3b starszych zaleca si\u0119 regularne suplementowanie witaminy D3 w celu utrzymania prawid\u0142owego poziomu w organizmie. Wp\u0142yw tej witaminy na zdrowy sen i rytm dobowy jest szczeg\u00f3lnie istotny w przypadku os\u00f3b starszych, kt\u00f3re cz\u0119sto borykaj\u0105 si\u0119 z problemami ze snem i zmianami w cyklu dobowym. Warto wi\u0119c zadba\u0107 o odpowiedni\u0105 suplementacj\u0119 witaminy D3 oraz regularn\u0105 ekspozycj\u0119 na s\u0142o\u0144ce, aby zapewni\u0107 sobie zdrowy sen i prawid\u0142owy rytm dobowy.<\/p>\n","protected":false},"excerpt":{"rendered":"<p>Witamina D3 jest niezwykle wa\u017cnym sk\u0142adnikiem od\u017cywczym dla naszego organizmu, a jej niedob\u00f3r mo\u017ce prowadzi\u0107 do wielu powa\u017cnych problem\u00f3w zdrowotnych. Jednym z aspekt\u00f3w, na kt\u00f3re wp\u0142ywa ta witamina, jest zdrowy sen oraz regulacja rytmu dobowego u os\u00f3b starszych. Wraz z wiekiem, nasz organizm staje si\u0119 mniej efektywny w produkcji witaminy D3, co mo\u017ce mie\u0107 negatywny [&hellip;]<\/p>\n","protected":false},"author":1,"featured_media":0,"comment_status":"","ping_status":"open","sticky":false,"template":"","format":"standard","meta":{"footnotes":""},"categories":[1],"tags":[],"class_list":["post-1124","post","type-post","status-publish","format-standard","hentry","category-bez-kategorii"],"fm_meta_title":"Witamina D3 a zdrowy sen i rytm dobowy u os\u00f3b starszych","fm_meta_description":"Zadbaj o zdrowy sen i prawid\u0142owy rytm dobowy u os\u00f3b starszych dzi\u0119ki witaminie D3! Sprawd\u017a, jak jej niedob\u00f3r mo\u017ce wp\u0142ywa\u0107 na jako\u015b\u0107 snu i samopoczucie. Dowiedz si\u0119 wi\u0119cej ju\u017c teraz!","yoast_head":"<!-- This site is optimized with the Yoast SEO plugin v21.5 - https:\/\/yoast.com\/wordpress\/plugins\/seo\/ -->\n<title>Witamina D3 a zdrowy sen i rytm dobowy u os\u00f3b starszych<\/title>\n<meta name=\"description\" content=\"Zadbaj o zdrowy sen i prawid\u0142owy rytm dobowy u os\u00f3b starszych dzi\u0119ki witaminie D3! Sprawd\u017a, jak jej niedob\u00f3r mo\u017ce wp\u0142ywa\u0107 na jako\u015b\u0107 snu i samopoczucie. Dowiedz si\u0119 wi\u0119cej ju\u017c teraz!\" \/>\n<meta name=\"robots\" content=\"index, follow, max-snippet:-1, max-image-preview:large, max-video-preview:-1\" \/>\n<link rel=\"canonical\" href=\"https:\/\/darzdrowia.pl\/ciekawostki\/witamina-d3-a-zdrowy-sen-i-rytm-dobowy-u-osob-starszych\/\" \/>\n<meta property=\"og:locale\" content=\"pl_PL\" \/>\n<meta property=\"og:type\" content=\"article\" \/>\n<meta property=\"og:title\" content=\"Witamina D3 a zdrowy sen i rytm dobowy u os\u00f3b starszych\" \/>\n<meta property=\"og:description\" content=\"Zadbaj o zdrowy sen i prawid\u0142owy rytm dobowy u os\u00f3b starszych dzi\u0119ki witaminie D3! Sprawd\u017a, jak jej niedob\u00f3r mo\u017ce wp\u0142ywa\u0107 na jako\u015b\u0107 snu i samopoczucie. Dowiedz si\u0119 wi\u0119cej ju\u017c teraz!\" \/>\n<meta property=\"og:url\" content=\"https:\/\/darzdrowia.pl\/ciekawostki\/witamina-d3-a-zdrowy-sen-i-rytm-dobowy-u-osob-starszych\/\" \/>\n<meta property=\"og:site_name\" content=\"Dar Zdrowia Drogeria - Blog\" \/>\n<meta property=\"article:publisher\" content=\"https:\/\/www.facebook.com\/profile.php?id=100063606935396\" \/>\n<meta property=\"article:published_time\" content=\"2024-02-05T12:02:22+00:00\" \/>\n<meta name=\"author\" content=\"funkymedia\" \/>\n<meta name=\"twitter:card\" content=\"summary_large_image\" \/>\n<meta name=\"twitter:label1\" content=\"Napisane przez\" \/>\n\t<meta name=\"twitter:data1\" content=\"funkymedia\" \/>\n\t<meta name=\"twitter:label2\" content=\"Szacowany czas czytania\" \/>\n\t<meta name=\"twitter:data2\" content=\"3 minuty\" \/>\n<script type=\"application\/ld+json\" class=\"yoast-schema-graph\">{\"@context\":\"https:\/\/schema.org\",\"@graph\":[{\"@type\":\"Article\",\"@id\":\"https:\/\/darzdrowia.pl\/ciekawostki\/witamina-d3-a-zdrowy-sen-i-rytm-dobowy-u-osob-starszych\/#article\",\"isPartOf\":{\"@id\":\"https:\/\/darzdrowia.pl\/ciekawostki\/witamina-d3-a-zdrowy-sen-i-rytm-dobowy-u-osob-starszych\/\"},\"author\":{\"name\":\"funkymedia\",\"@id\":\"https:\/\/darzdrowia.pl\/ciekawostki\/#\/schema\/person\/e75579d624630bf943ac69d374bb928e\"},\"headline\":\"Witamina D3 a zdrowy sen i rytm dobowy u os\u00f3b starszych\",\"datePublished\":\"2024-02-05T12:02:22+00:00\",\"dateModified\":\"2024-02-05T12:02:22+00:00\",\"mainEntityOfPage\":{\"@id\":\"https:\/\/darzdrowia.pl\/ciekawostki\/witamina-d3-a-zdrowy-sen-i-rytm-dobowy-u-osob-starszych\/\"},\"wordCount\":671,\"publisher\":{\"@id\":\"https:\/\/darzdrowia.pl\/ciekawostki\/#organization\"},\"inLanguage\":\"pl-PL\"},{\"@type\":\"WebPage\",\"@id\":\"https:\/\/darzdrowia.pl\/ciekawostki\/witamina-d3-a-zdrowy-sen-i-rytm-dobowy-u-osob-starszych\/\",\"url\":\"https:\/\/darzdrowia.pl\/ciekawostki\/witamina-d3-a-zdrowy-sen-i-rytm-dobowy-u-osob-starszych\/\",\"name\":\"Witamina D3 a zdrowy sen i rytm dobowy u os\u00f3b starszych\",\"isPartOf\":{\"@id\":\"https:\/\/darzdrowia.pl\/ciekawostki\/#website\"},\"datePublished\":\"2024-02-05T12:02:22+00:00\",\"dateModified\":\"2024-02-05T12:02:22+00:00\",\"description\":\"Zadbaj o zdrowy sen i prawid\u0142owy rytm dobowy u os\u00f3b starszych dzi\u0119ki witaminie D3! Sprawd\u017a, jak jej niedob\u00f3r mo\u017ce wp\u0142ywa\u0107 na jako\u015b\u0107 snu i samopoczucie. Dowiedz si\u0119 wi\u0119cej ju\u017c teraz!\",\"breadcrumb\":{\"@id\":\"https:\/\/darzdrowia.pl\/ciekawostki\/witamina-d3-a-zdrowy-sen-i-rytm-dobowy-u-osob-starszych\/#breadcrumb\"},\"inLanguage\":\"pl-PL\",\"potentialAction\":[{\"@type\":\"ReadAction\",\"target\":[\"https:\/\/darzdrowia.pl\/ciekawostki\/witamina-d3-a-zdrowy-sen-i-rytm-dobowy-u-osob-starszych\/\"]}]},{\"@type\":\"BreadcrumbList\",\"@id\":\"https:\/\/darzdrowia.pl\/ciekawostki\/witamina-d3-a-zdrowy-sen-i-rytm-dobowy-u-osob-starszych\/#breadcrumb\",\"itemListElement\":[{\"@type\":\"ListItem\",\"position\":1,\"name\":\"Strona g\u0142\u00f3wna\",\"item\":\"https:\/\/darzdrowia.pl\/ciekawostki\/\"},{\"@type\":\"ListItem\",\"position\":2,\"name\":\"Witamina D3 a zdrowy sen i rytm dobowy u os\u00f3b starszych\"}]},{\"@type\":\"WebSite\",\"@id\":\"https:\/\/darzdrowia.pl\/ciekawostki\/#website\",\"url\":\"https:\/\/darzdrowia.pl\/ciekawostki\/\",\"name\":\"Dar Zdrowia Drogeria - Blog\",\"description\":\"\",\"publisher\":{\"@id\":\"https:\/\/darzdrowia.pl\/ciekawostki\/#organization\"},\"potentialAction\":[{\"@type\":\"SearchAction\",\"target\":{\"@type\":\"EntryPoint\",\"urlTemplate\":\"https:\/\/darzdrowia.pl\/ciekawostki\/?s={search_term_string}\"},\"query-input\":\"required name=search_term_string\"}],\"inLanguage\":\"pl-PL\"},{\"@type\":\"Organization\",\"@id\":\"https:\/\/darzdrowia.pl\/ciekawostki\/#organization\",\"name\":\"Dar Zdrowia Drogeria - Blog\",\"url\":\"https:\/\/darzdrowia.pl\/ciekawostki\/\",\"logo\":{\"@type\":\"ImageObject\",\"inLanguage\":\"pl-PL\",\"@id\":\"https:\/\/darzdrowia.pl\/ciekawostki\/#\/schema\/logo\/image\/\",\"url\":\"https:\/\/darzdrowia.pl\/ciekawostki\/wp-content\/uploads\/2023\/11\/logo-darzdrowia.webp\",\"contentUrl\":\"https:\/\/darzdrowia.pl\/ciekawostki\/wp-content\/uploads\/2023\/11\/logo-darzdrowia.webp\",\"width\":744,\"height\":225,\"caption\":\"Dar Zdrowia Drogeria - Blog\"},\"image\":{\"@id\":\"https:\/\/darzdrowia.pl\/ciekawostki\/#\/schema\/logo\/image\/\"},\"sameAs\":[\"https:\/\/www.facebook.com\/profile.php?id=100063606935396\"]},{\"@type\":\"Person\",\"@id\":\"https:\/\/darzdrowia.pl\/ciekawostki\/#\/schema\/person\/e75579d624630bf943ac69d374bb928e\",\"name\":\"funkymedia\",\"image\":{\"@type\":\"ImageObject\",\"inLanguage\":\"pl-PL\",\"@id\":\"https:\/\/darzdrowia.pl\/ciekawostki\/#\/schema\/person\/image\/\",\"url\":\"https:\/\/secure.gravatar.com\/avatar\/393cb205b658aef6e3271ad5a92265e3e4433d2384bbe95524ba160d5bc20299?s=96&d=mm&r=g\",\"contentUrl\":\"https:\/\/secure.gravatar.com\/avatar\/393cb205b658aef6e3271ad5a92265e3e4433d2384bbe95524ba160d5bc20299?s=96&d=mm&r=g\",\"caption\":\"funkymedia\"},\"sameAs\":[\"https:\/\/darzdrowia.pl\/ciekawostki\"],\"url\":\"https:\/\/darzdrowia.pl\/ciekawostki\/author\/funkymedia\/\"}]}<\/script>\n<!-- \/ Yoast SEO plugin. -->","yoast_head_json":{"title":"Witamina D3 a zdrowy sen i rytm dobowy u os\u00f3b starszych","description":"Zadbaj o zdrowy sen i prawid\u0142owy rytm dobowy u os\u00f3b starszych dzi\u0119ki witaminie D3! Sprawd\u017a, jak jej niedob\u00f3r mo\u017ce wp\u0142ywa\u0107 na jako\u015b\u0107 snu i samopoczucie. Dowiedz si\u0119 wi\u0119cej ju\u017c teraz!","robots":{"index":"index","follow":"follow","max-snippet":"max-snippet:-1","max-image-preview":"max-image-preview:large","max-video-preview":"max-video-preview:-1"},"canonical":"https:\/\/darzdrowia.pl\/ciekawostki\/witamina-d3-a-zdrowy-sen-i-rytm-dobowy-u-osob-starszych\/","og_locale":"pl_PL","og_type":"article","og_title":"Witamina D3 a zdrowy sen i rytm dobowy u os\u00f3b starszych","og_description":"Zadbaj o zdrowy sen i prawid\u0142owy rytm dobowy u os\u00f3b starszych dzi\u0119ki witaminie D3! Sprawd\u017a, jak jej niedob\u00f3r mo\u017ce wp\u0142ywa\u0107 na jako\u015b\u0107 snu i samopoczucie. Dowiedz si\u0119 wi\u0119cej ju\u017c teraz!","og_url":"https:\/\/darzdrowia.pl\/ciekawostki\/witamina-d3-a-zdrowy-sen-i-rytm-dobowy-u-osob-starszych\/","og_site_name":"Dar Zdrowia Drogeria - Blog","article_publisher":"https:\/\/www.facebook.com\/profile.php?id=100063606935396","article_published_time":"2024-02-05T12:02:22+00:00","author":"funkymedia","twitter_card":"summary_large_image","twitter_misc":{"Napisane przez":"funkymedia","Szacowany czas czytania":"3 minuty"},"schema":{"@context":"https:\/\/schema.org","@graph":[{"@type":"Article","@id":"https:\/\/darzdrowia.pl\/ciekawostki\/witamina-d3-a-zdrowy-sen-i-rytm-dobowy-u-osob-starszych\/#article","isPartOf":{"@id":"https:\/\/darzdrowia.pl\/ciekawostki\/witamina-d3-a-zdrowy-sen-i-rytm-dobowy-u-osob-starszych\/"},"author":{"name":"funkymedia","@id":"https:\/\/darzdrowia.pl\/ciekawostki\/#\/schema\/person\/e75579d624630bf943ac69d374bb928e"},"headline":"Witamina D3 a zdrowy sen i rytm dobowy u os\u00f3b starszych","datePublished":"2024-02-05T12:02:22+00:00","dateModified":"2024-02-05T12:02:22+00:00","mainEntityOfPage":{"@id":"https:\/\/darzdrowia.pl\/ciekawostki\/witamina-d3-a-zdrowy-sen-i-rytm-dobowy-u-osob-starszych\/"},"wordCount":671,"publisher":{"@id":"https:\/\/darzdrowia.pl\/ciekawostki\/#organization"},"inLanguage":"pl-PL"},{"@type":"WebPage","@id":"https:\/\/darzdrowia.pl\/ciekawostki\/witamina-d3-a-zdrowy-sen-i-rytm-dobowy-u-osob-starszych\/","url":"https:\/\/darzdrowia.pl\/ciekawostki\/witamina-d3-a-zdrowy-sen-i-rytm-dobowy-u-osob-starszych\/","name":"Witamina D3 a zdrowy sen i rytm dobowy u os\u00f3b starszych","isPartOf":{"@id":"https:\/\/darzdrowia.pl\/ciekawostki\/#website"},"datePublished":"2024-02-05T12:02:22+00:00","dateModified":"2024-02-05T12:02:22+00:00","description":"Zadbaj o zdrowy sen i prawid\u0142owy rytm dobowy u os\u00f3b starszych dzi\u0119ki witaminie D3! Sprawd\u017a, jak jej niedob\u00f3r mo\u017ce wp\u0142ywa\u0107 na jako\u015b\u0107 snu i samopoczucie. Dowiedz si\u0119 wi\u0119cej ju\u017c teraz!","breadcrumb":{"@id":"https:\/\/darzdrowia.pl\/ciekawostki\/witamina-d3-a-zdrowy-sen-i-rytm-dobowy-u-osob-starszych\/#breadcrumb"},"inLanguage":"pl-PL","potentialAction":[{"@type":"ReadAction","target":["https:\/\/darzdrowia.pl\/ciekawostki\/witamina-d3-a-zdrowy-sen-i-rytm-dobowy-u-osob-starszych\/"]}]},{"@type":"BreadcrumbList","@id":"https:\/\/darzdrowia.pl\/ciekawostki\/witamina-d3-a-zdrowy-sen-i-rytm-dobowy-u-osob-starszych\/#breadcrumb","itemListElement":[{"@type":"ListItem","position":1,"name":"Strona g\u0142\u00f3wna","item":"https:\/\/darzdrowia.pl\/ciekawostki\/"},{"@type":"ListItem","position":2,"name":"Witamina D3 a zdrowy sen i rytm dobowy u os\u00f3b starszych"}]},{"@type":"WebSite","@id":"https:\/\/darzdrowia.pl\/ciekawostki\/#website","url":"https:\/\/darzdrowia.pl\/ciekawostki\/","name":"Dar Zdrowia Drogeria - Blog","description":"","publisher":{"@id":"https:\/\/darzdrowia.pl\/ciekawostki\/#organization"},"potentialAction":[{"@type":"SearchAction","target":{"@type":"EntryPoint","urlTemplate":"https:\/\/darzdrowia.pl\/ciekawostki\/?s={search_term_string}"},"query-input":"required name=search_term_string"}],"inLanguage":"pl-PL"},{"@type":"Organization","@id":"https:\/\/darzdrowia.pl\/ciekawostki\/#organization","name":"Dar Zdrowia Drogeria - Blog","url":"https:\/\/darzdrowia.pl\/ciekawostki\/","logo":{"@type":"ImageObject","inLanguage":"pl-PL","@id":"https:\/\/darzdrowia.pl\/ciekawostki\/#\/schema\/logo\/image\/","url":"https:\/\/darzdrowia.pl\/ciekawostki\/wp-content\/uploads\/2023\/11\/logo-darzdrowia.webp","contentUrl":"https:\/\/darzdrowia.pl\/ciekawostki\/wp-content\/uploads\/2023\/11\/logo-darzdrowia.webp","width":744,"height":225,"caption":"Dar Zdrowia Drogeria - Blog"},"image":{"@id":"https:\/\/darzdrowia.pl\/ciekawostki\/#\/schema\/logo\/image\/"},"sameAs":["https:\/\/www.facebook.com\/profile.php?id=100063606935396"]},{"@type":"Person","@id":"https:\/\/darzdrowia.pl\/ciekawostki\/#\/schema\/person\/e75579d624630bf943ac69d374bb928e","name":"funkymedia","image":{"@type":"ImageObject","inLanguage":"pl-PL","@id":"https:\/\/darzdrowia.pl\/ciekawostki\/#\/schema\/person\/image\/","url":"https:\/\/secure.gravatar.com\/avatar\/393cb205b658aef6e3271ad5a92265e3e4433d2384bbe95524ba160d5bc20299?s=96&d=mm&r=g","contentUrl":"https:\/\/secure.gravatar.com\/avatar\/393cb205b658aef6e3271ad5a92265e3e4433d2384bbe95524ba160d5bc20299?s=96&d=mm&r=g","caption":"funkymedia"},"sameAs":["https:\/\/darzdrowia.pl\/ciekawostki"],"url":"https:\/\/darzdrowia.pl\/ciekawostki\/author\/funkymedia\/"}]}},"_links":{"self":[{"href":"https:\/\/darzdrowia.pl\/ciekawostki\/wp-json\/wp\/v2\/posts\/1124","targetHints":{"allow":["GET"]}}],"collection":[{"href":"https:\/\/darzdrowia.pl\/ciekawostki\/wp-json\/wp\/v2\/posts"}],"about":[{"href":"https:\/\/darzdrowia.pl\/ciekawostki\/wp-json\/wp\/v2\/types\/post"}],"author":[{"embeddable":true,"href":"https:\/\/darzdrowia.pl\/ciekawostki\/wp-json\/wp\/v2\/users\/1"}],"replies":[{"embeddable":true,"href":"https:\/\/darzdrowia.pl\/ciekawostki\/wp-json\/wp\/v2\/comments?post=1124"}],"version-history":[{"count":0,"href":"https:\/\/darzdrowia.pl\/ciekawostki\/wp-json\/wp\/v2\/posts\/1124\/revisions"}],"wp:attachment":[{"href":"https:\/\/darzdrowia.pl\/ciekawostki\/wp-json\/wp\/v2\/media?parent=1124"}],"wp:term":[{"taxonomy":"category","embeddable":true,"href":"https:\/\/darzdrowia.pl\/ciekawostki\/wp-json\/wp\/v2\/categories?post=1124"},{"taxonomy":"post_tag","embeddable":true,"href":"https:\/\/darzdrowia.pl\/ciekawostki\/wp-json\/wp\/v2\/tags?post=1124"}],"curies":[{"name":"wp","href":"https:\/\/api.w.org\/{rel}","templated":true}]}}